{"id":96,"date":"2013-04-22T17:06:00","date_gmt":"2013-04-22T17:06:00","guid":{"rendered":"http:\/\/pruebas.cobasindra.org\/?p=96"},"modified":"2013-04-22T17:06:00","modified_gmt":"2013-04-22T17:06:00","slug":"convenio-de-consultoria","status":"publish","type":"post","link":"https:\/\/www.sitescobas.es\/indra\/2013\/04\/22\/convenio-de-consultoria\/","title":{"rendered":"Convenio de Consultor\u00eda"},"content":{"rendered":"<p><\/p>\n<div style=\"margin-bottom: 0pt;text-align: justify;text-align: justify\">\n<div style=\"clear: both;text-align: center\"><a href=\"http:\/\/cobasindra.org\/wp-content\/uploads\/2013\/04\/201304_01.jpg\" style=\"clear: left;float: left;margin-bottom: 1em;margin-right: 1em\"><img decoding=\"async\" border=\"0\" src=\"http:\/\/cobasindra.org\/wp-content\/uploads\/2013\/04\/201304_01.jpg\" \/><\/a><\/div>\n<p><span lang=\"es\" style=\"font-family: Arial;font-size: 10.0pt\">En el \u00faltimo comunicado sobre el Convenio hab\u00edamos solicitado un pleno extraordinario, ya que la mayor\u00eda de nuestro comit\u00e9 desconoce la situaci\u00f3n de la negociaci\u00f3n del Convenio, por haber m\u00e1s sindicatos (CGT, USO y Co.Bas) que no est\u00e1n en la mesa de negociaci\u00f3n del Convenio de Consultor\u00eda. El orden del d\u00eda fue:<\/span><\/div>\n<div style=\"margin-bottom: 0pt;text-align: justify;text-align: justify\"><\/div>\n<div style=\"margin-bottom: 0pt;text-align: justify;text-align: justify\"><span lang=\"es\" style=\"color: #1f497d;font-family: Arial;font-size: 10.0pt;font-weight: bold\">\u201c<\/span><span lang=\"es-TRAD\" style=\"color: #1f497d;font-family: Arial;font-size: 10.0pt;font-weight: bold\">Solicitud de informaci\u00f3n a CCOO y UGT sobre la negociaci\u00f3n del Convenio de las TIC y postura del Comit\u00e9 para futuras acciones.\u201d<\/span><span lang=\"es-TRAD\" style=\"font-family: Arial;font-size: 10.0pt\"><\/span><\/div>\n<div style=\"margin-bottom: 0pt;text-align: justify\"><\/div>\n<div style=\"margin-bottom: 0pt;text-align: justify\"><span lang=\"es\" style=\"font-family: Arial;font-size: 10.0pt\">En dicho pleno a Co.Bas no le qued\u00f3 clara la situaci\u00f3n. Por parte de CC.OO se nos confirm\u00f3 que&nbsp; <\/span><span lang=\"es\" style=\"font-family: Arial;font-size: 10.0pt;font-style: italic\">\u201cel convenio fue denunciado en diciembre del 2009 por CC.OO Y UGT y desde aquel momento se constituy\u00f3 una mesa de negociaci\u00f3n del convenio, pero que ha permanecido inoperativa desde aquel momento por la negativa de la patronal a negociar ning\u00fan avance<\/span><span lang=\"es\" style=\"font-family: Arial;font-size: 10.0pt\">.\u201d<\/span><\/div>\n<div style=\"margin-bottom: 0pt;text-align: justify\"><\/div>\n<div style=\"margin-bottom: 0pt;text-align: justify\"><span lang=\"es\" style=\"font-family: Arial;font-size: 10.0pt\">Cuando preguntamos por la plataforma que se quer\u00eda proponer a la patronal nos contestaron que ya nos enterar\u00edamos y que de momento no es p\u00fablica.&nbsp;&nbsp; <\/span><\/div>\n<div style=\"margin-bottom: 0pt;text-align: justify\"><\/div>\n<div style=\"margin-bottom: 0pt;text-align: justify;text-align: justify\"><span lang=\"es\" style=\"font-family: Arial;font-size: 10.0pt\">Como hemos manifestado siempre desde Co.Bas apoyaremos las acciones que favorezcan a los trabajadores, pero de momento desconocemos las propuestas concretas que pretenden los sindicatos negociadores.<\/span><\/div>\n<div style=\"margin-bottom: 0pt;text-align: justify;text-align: justify\"><\/div>\n<div style=\"margin-bottom: 0pt;text-align: justify;text-align: justify\"><span lang=\"es\" style=\"font-family: Arial;font-size: 10.0pt;font-weight: bold\">No vamos a aceptar mensajes catastrofistas <\/span><span lang=\"es\" style=\"font-family: Arial;font-size: 10.0pt\">que auguran una p\u00e9rdida de todos nuestros derechos y <\/span><span lang=\"es\" style=\"font-family: Arial;font-size: 10.0pt;font-weight: bold\">vamos a exigir transparencia.<\/span><span lang=\"es\" style=\"font-family: Arial;font-size: 10.0pt\"> <\/span><\/div>\n<div style=\"margin-bottom: 0pt;text-align: justify;text-align: justify\"><\/div>\n<div style=\"margin-bottom: 0pt;text-align: justify;text-align: justify\"><span lang=\"es\" style=\"font-family: Arial;font-size: 10.0pt\">Desde nuestra <\/span><span lang=\"es-TRAD\" style=\"font-family: Arial;font-size: 10.0pt\">asesor\u00eda jur\u00eddica nos indican que a tenor de lo reflejado en los art\u00edculos 4 y 5 del XVI Convenio de Consultor\u00eda, en caso de no acuerdo mantenemos todas las clausulas normativas del Convenio, es decir, jornada, horario, salario\u2026<\/span><\/div>\n<div style=\"margin-bottom: 0pt;text-align: justify;text-align: justify\"><\/div>\n<div style=\"margin-bottom: 0pt;text-align: justify;text-align: justify\"><span lang=\"es\" style=\"font-family: Arial;font-size: 10.0pt\">La Ley de Reforma Laboral de julio de 2012 <\/span><span lang=\"es\" style=\"font-family: Arial;font-size: 10.0pt;font-weight: bold\">no anula<\/span><span lang=\"es\" style=\"font-family: Arial;font-size: 10.0pt\"> este Convenio, como est\u00e1n anunciando, ya que existe un pacto contrario recogido en el mismo, que mantiene toda esa parte normativa. <\/span><\/div>\n<div style=\"margin-bottom: 0pt;text-align: justify;text-align: justify\"><\/div>\n<div style=\"margin-bottom: 0pt;text-align: justify;text-align: justify\"><span lang=\"es\" style=\"font-family: Arial;font-size: 10.0pt\">A finales de Marzo&nbsp;Co.Bas, junto con portavoces de varios sindicatos con presencia en el sector de TIC nos reunimos en Madrid para la coordinaci\u00f3n y b\u00fasqueda de puntos en com\u00fan ante la posible negociaci\u00f3n de un nuevo convenio y su hipot\u00e9tica caducidad.<\/span><\/div>\n<div style=\"margin-bottom: 0pt;text-align: justify;text-align: justify\"><span lang=\"es\" style=\"font-family: Arial;font-size: 10.0pt\">Portavoces de CSC (Coordinadora&nbsp;Sindical&nbsp;de Clase), Co.Bas (Comisiones de Base), CSI (Corriente&nbsp;Sindical d&#8217;Izquierda), Solidaridad Obrera y CGT (Confederaci\u00f3n General del Trabajo) estuvimos compartiendo puntos de vista sobre el convenio de empresas de consultor\u00eda y su posible negociaci\u00f3n por parte de la patronal y CCOO y UGT. <\/span><\/div>\n<div style=\"margin-bottom: 0pt;text-align: justify;text-align: justify\"><\/div>\n<div style=\"margin-bottom: 0pt;text-align: justify;text-align: justify\"><span lang=\"es\" style=\"font-family: Arial;font-size: 10.0pt\">De esta reuni\u00f3n ha salido una iniciativa de trabajo en com\u00fan y un llamamiento para unirse a este grupo a otros sindicatos combativos con la situaci\u00f3n actual y cr\u00edticos con una m\u00e1s que posible negociaci\u00f3n a la baja del convenio.<\/span><span lang=\"es\" style=\"font-family: Arial;font-size: 10.0pt\"><\/span><\/div>\n<div style=\"margin-bottom: 0pt;text-align: justify;text-align: justify\"><\/div>\n<div style=\"margin-bottom: 0pt;text-align: justify;text-align: justify\"><span lang=\"es\" style=\"font-family: Arial;font-size: 10.0pt\">De esta primera reuni\u00f3n van a surgir acciones conjuntas, cr\u00edticas con el convenio colectivo, cr\u00edticas con una negociaci\u00f3n amparada en los fantasmas de un posible descuelgue hasta el Estatuto de los Trabajadores y de propuesta de reparto del trabajo, subidas salariales y mejoras en la jornada.<\/span><span lang=\"es\" style=\"font-family: Arial;font-size: 10.0pt\"><\/span><\/div>\n<div style=\"margin-bottom: 0pt;text-align: justify;text-align: justify\"><\/div>\n<div style=\"margin-bottom: 0pt;text-align: justify;text-align: justify\"><span lang=\"es\" style=\"font-family: Arial;font-size: 10.0pt\">Desde Co.Bas no aceptaremos nada que empeore el convenio actual, de por si uno de los peores convenios sectoriales, que debe avanzar en muchos aspectos, entre otros, garantizar el cobro de la antig\u00fcedad que nos deben.<\/span><\/div>\n<div style=\"margin-bottom: 0pt;text-align: justify;text-align: justify\"><\/div>\n<div style=\"margin-bottom: 0pt;text-align: justify;text-align: justify\"><span lang=\"es\" style=\"font-family: Arial;font-size: 10.0pt\">Os mantendremos informados.<\/span><span lang=\"es\" style=\"font-family: Arial;font-size: 10pt\">&nbsp; <\/span><span lang=\"es\" style=\"color: #333333;font-family: Arial;font-size: 10.0pt\">&nbsp;<\/span><\/div>\n<div style=\"text-align: justify\"><\/div>\n","protected":false},"excerpt":{"rendered":"<div class=\"mh-excerpt\">En el \u00faltimo comunicado sobre el Convenio hab\u00edamos solicitado un pleno extraordinario, ya que la mayor\u00eda de nuestro comit\u00e9 desconoce la situaci\u00f3n de la negociaci\u00f3n del Convenio, por haber m\u00e1s sindicatos (CGT, USO y Co.Bas) <a class=\"mh-excerpt-more\" href=\"https:\/\/www.sitescobas.es\/indra\/2013\/04\/22\/convenio-de-consultoria\/\" title=\"Convenio de Consultor\u00eda\">[&#8230;]<\/a><\/div>\n","protected":false},"author":2,"featured_media":221,"comment_status":"open","ping_status":"closed","sticky":false,"template":"","format":"standard","meta":{"_kadence_starter_templates_imported_post":false,"footnotes":""},"categories":[9,23],"tags":[25],"class_list":{"0":"post-96","1":"post","2":"type-post","3":"status-publish","4":"format-standard","5":"has-post-thumbnail","7":"category-revista","8":"category-revista-201304","9":"tag-n-convenio-consultoria"},"_links":{"self":[{"href":"https:\/\/www.sitescobas.es\/indra\/wp-json\/wp\/v2\/posts\/96","targetHints":{"allow":["GET"]}}],"collection":[{"href":"https:\/\/www.sitescobas.es\/indra\/wp-json\/wp\/v2\/posts"}],"about":[{"href":"https:\/\/www.sitescobas.es\/indra\/wp-json\/wp\/v2\/types\/post"}],"author":[{"embeddable":true,"href":"https:\/\/www.sitescobas.es\/indra\/wp-json\/wp\/v2\/users\/2"}],"replies":[{"embeddable":true,"href":"https:\/\/www.sitescobas.es\/indra\/wp-json\/wp\/v2\/comments?post=96"}],"version-history":[{"count":0,"href":"https:\/\/www.sitescobas.es\/indra\/wp-json\/wp\/v2\/posts\/96\/revisions"}],"wp:featuredmedia":[{"embeddable":true,"href":"https:\/\/www.sitescobas.es\/indra\/wp-json\/"}],"wp:attachment":[{"href":"https:\/\/www.sitescobas.es\/indra\/wp-json\/wp\/v2\/media?parent=96"}],"wp:term":[{"taxonomy":"category","embeddable":true,"href":"https:\/\/www.sitescobas.es\/indra\/wp-json\/wp\/v2\/categories?post=96"},{"taxonomy":"post_tag","embeddable":true,"href":"https:\/\/www.sitescobas.es\/indra\/wp-json\/wp\/v2\/tags?post=96"}],"curies":[{"name":"wp","href":"https:\/\/api.w.org\/{rel}","templated":true}]}}