{"id":95,"date":"2013-04-24T15:18:00","date_gmt":"2013-04-24T15:18:00","guid":{"rendered":"http:\/\/pruebas.cobasindra.org\/?p=95"},"modified":"2013-04-24T15:18:00","modified_gmt":"2013-04-24T15:18:00","slug":"1o-de-mayo","status":"publish","type":"post","link":"https:\/\/www.sitescobas.es\/indra\/2013\/04\/24\/1o-de-mayo\/","title":{"rendered":"1\u00ba de mayo"},"content":{"rendered":"<div style=\"clear: both;text-align: center\"><\/div>\n<p><\/p>\n<div style=\"margin: 0cm 7pt 0.0001pt 0cm;text-align: center\"><b><span style=\"font-size: 14.0pt;line-height: 115%\">1\u00ba de mayo<\/span><\/b><\/div>\n<div style=\"margin: 0cm 7pt 0.0001pt 0cm;text-align: center\"><b><span style=\"color: red;font-size: 16.0pt;line-height: 115%\">La lucha es el camino, no los pactos sociales<\/span><\/b><\/div>\n<div style=\"margin: 0cm 7pt 0.0001pt 0cm;text-align: center\"><\/div>\n<div style=\"margin: 0cm 7pt 0.0001pt 0cm;text-align: center\"><b><span style=\"font-size: 18.0pt;line-height: 115%\">FUERA LOS GOBIERNOS T\u00cdTERES DE LA <\/span><\/b><\/div>\n<div style=\"font-weight: bold;text-align: center\"><b><span style=\"font-size: 18.0pt;line-height: 115%\">UNI\u00d3N EUROPEA Y DEL CAPITAL<\/span><\/b><\/div>\n<div style=\"font-weight: bold;text-align: center\"><b><span style=\"font-size: 18.0pt;line-height: 115%\"><br \/><\/span><\/b><\/div>\n<div style=\"text-align: left\">\n<div style=\"clear: both;text-align: center\"><a href=\"http:\/\/cobasindra.org\/wp-content\/uploads\/2013\/04\/1Mayo.jpg\" style=\"clear: left;float: left;margin-bottom: 1em;margin-right: 1em\"><img decoding=\"async\" border=\"0\" src=\"http:\/\/cobasindra.org\/wp-content\/uploads\/2013\/04\/1Mayo.jpg\" \/><\/a><\/div>\n<div style=\"margin: 0cm 7pt 0.0001pt 0cm;text-align: justify\"><span style=\"font-family: Arial, sans-serif;font-size: 10.5pt\">El 1\u00ba de Mayo no es una fiesta, es una jornada internacional de lucha de la clase obrera. No hay nada que festejar en un pa\u00eds con m\u00e1s de 6 millones de parados. No hay nada que festejar cuando sufrimos a diario los EREs &nbsp;y ERTEs, cuando nos roban los salarios, nos desmantelan la sanidad y la educaci\u00f3n p\u00fablica, cuando centenares de miles de familias est\u00e1n sufriendo el drama de los desahucios.<\/span><\/div>\n<div style=\"margin: 0cm 7pt 0.0001pt 0cm;text-align: justify\"><span style=\"font-size: 10.5pt\">Es un d\u00eda de lucha porque este gobierno de los banqueros y los capitalistas, este t\u00edtere de la Troika, sigue empe\u00f1ado en gobernar a golpe de decreto y con las tijeras en la mano. El informe del FMI anima al Gobierno a seguir con m\u00e1s recortes y a que meta mano ahora a las pensiones, disminuyendo de nuevo la cuant\u00eda de las jubilaciones y endureciendo el acceso a las mismas.<\/span><\/div>\n<p><span style=\"font-family: Arial, sans-serif;font-size: 10.5pt;line-height: 115%\"><\/span><\/p>\n<div style=\"text-align: justify\"><span style=\"font-family: Arial, sans-serif;font-size: 10.5pt;line-height: 115%\"><span style=\"font-size: 10.5pt;line-height: 115%\">Sobran por tanto razones para que el 1\u00ba de Mayo los trabajadores y trabajadoras salgamos masivamente a la calle.<\/span><\/span><\/div>\n<p><span style=\"font-family: Arial, sans-serif;font-size: 10.5pt;line-height: 115%\"><\/span><\/p>\n<div style=\"text-align: justify\"><span style=\"font-family: Arial, sans-serif;font-size: 10.5pt;line-height: 115%\"><span style=\"font-size: 10.5pt;line-height: 115%\"><br \/><\/span><\/span><\/div>\n<p><span style=\"font-family: Arial, sans-serif;font-size: 10.5pt;line-height: 115%\"><\/span><\/p>\n<div style=\"text-align: justify\"><span style=\"font-family: Arial, sans-serif;font-size: 10.5pt;line-height: 115%\"><span style=\"font-size: 10.5pt;line-height: 115%\"><br \/><\/span><\/span><\/div>\n<p><span style=\"font-family: Arial, sans-serif;font-size: 10.5pt;line-height: 115%\"><\/p>\n<div style=\"text-align: justify\"><span style=\"font-size: 10.5pt;line-height: 115%\"><br \/><\/span><\/div>\n<div style=\"text-align: justify\">\n<div align=\"center\" style=\"line-height: normal;margin-bottom: .0001pt;margin-bottom: 0cm;margin-left: 0cm;margin-right: 7.0pt;margin-top: 0cm;text-align: center\"><b>ACUDE CON NOSOTROS\/AS A LA MANIFESTACI\u00d3N <\/b><\/div>\n<div style=\"font-weight: bold;text-align: center\"><b style=\"font-size: 10.5pt;line-height: 115%\"><span style=\"font-size: 10.5pt;line-height: 115%\">DEL SINDICALISMO DE CLASE<\/span><\/b><\/div>\n<div style=\"font-weight: bold;text-align: center\"><b style=\"font-size: 10.5pt;line-height: 115%\"><span style=\"font-size: 10.5pt;line-height: 115%\"><br \/><\/span><\/b><\/div>\n<div style=\"font-weight: bold;text-align: center\"><b style=\"font-size: 10.5pt;line-height: 115%\"><span style=\"font-size: 10.5pt;line-height: 115%\"><br \/><\/span><\/b><\/div>\n<div style=\"font-weight: bold;text-align: center\"><b style=\"font-size: 10.5pt;line-height: 115%\"><span style=\"font-size: 10.5pt;line-height: 115%\"><br \/><\/span><\/b><\/div>\n<div style=\"text-align: center\">\n<div style=\"line-height: normal;margin: 0cm 7pt 0.0001pt 0cm;text-align: justify\"><span style=\"font-size: 10.5pt\">El 1 de Mayo habr\u00e1 dos opciones contrapuestas de manifestaci\u00f3n:<\/span><\/div>\n<div style=\"line-height: normal;margin: 0cm 7pt 0.0001pt 0cm;text-align: justify\"><span style=\"font-size: 10.5pt\">Una&nbsp; es la manifestaci\u00f3n del sindicalismo del sistema (CCOO y UGT), de los que por pasiva sostienen al gobierno, <i>\u201creconocen la legitimidad\u201d<\/i> de Rajoy y piden un refer\u00e9ndum sobre las medidas del gobierno, al tiempo que le ruegan a \u00e9ste que se siente a negociar con ellos un pacto social. La otra es la manifestaci\u00f3n de los que decimos que la clase obrera y el pueblo ya hemos hecho el refer\u00e9ndum con dos huelgas generales e innumerables manifestaciones en la calle; de los que rechazamos el pacto social, decimos no a los recortes y a las reformas laborales y queremos <b>echar a este gobierno de los corruptos, de los banqueros y la troika.<\/b><\/span><\/div>\n<div style=\"line-height: normal;margin: 0cm 7pt 0.0001pt 0cm;text-align: justify\"><span style=\"font-size: 10.5pt\">Una es la manifestaci\u00f3n de los que firman como churros los EREs y los ERTEs,&nbsp; facilitando el robo de nuestros salarios y derechos y ayudando as\u00ed a los capitalistas a mantener sus beneficios, a costa de la clase obrera y del erario p\u00fablico. La otra es la manifestaci\u00f3n de quienes <b>nos oponemos a los EREs y a los ERTEs.<\/b><\/span><\/div>\n<div style=\"line-height: normal;margin: 0cm 7pt 0.0001pt 0cm;text-align: justify\"><span style=\"font-size: 10.5pt\">&nbsp;Una es la convocada por los que apoyan seguir pagando una deuda que los trabajadores y el pueblo no hemos contra\u00eddo, que cuanto m\u00e1s pagamos m\u00e1s debemos y que se ha convertido en un rescate permanente a los banqueros y los especuladores. En la otra estaremos los\/as que decimos <b>NO AL PAGO DE LA DEUDA<\/b> y auditor\u00eda p\u00fablica de la misma, donde se ponga negro sobre blanco qui\u00e9nes han robado y despilfarrado y respondan con la prisi\u00f3n y la confiscaci\u00f3n de todos sus bienes.<\/span><\/div>\n<div style=\"line-height: normal;margin: 0cm 7pt 0.0001pt 0cm;text-align: justify\"><span style=\"font-size: 10.5pt\">Una es la de los sindicatos que no cuestionan el capitalismo, porque viven de sus subvenciones, la otra es la de quienes decimos que no hay salida a la crisis si no se aplica un<b> plan de medidas obreras y populares<\/b>, que deje de pagar la deuda, que nacionalice la banca, las industrias claves y los sectores estrat\u00e9gicos y que con todos esos recursos se reindustrialice el pa\u00eds, se defienda la sanidad y la educaci\u00f3n p\u00fablica, se genere empleo y mientras tanto que no haya un solo parado sin subsidio.<\/span><\/div>\n<div style=\"line-height: normal;margin: 0cm 7pt 0.0001pt 0cm;text-align: justify\"><span style=\"font-size: 10.5pt\">Y es, adem\u00e1s, la manifestaci\u00f3n de quienes defendemos que se paren inmediatamente los desahucios y que el inmenso parque de viviendas en poder de los bancos pase a ser un parque p\u00fablico de viviendas de alquiler social.<\/span><\/div>\n<div style=\"line-height: normal;margin: 0cm 7pt 0.0001pt 0cm;text-align: justify\"><span style=\"font-size: 10.5pt\">Frente a la manifestaci\u00f3n del sindicalismo que dispersa las luchas, que divide a la clase obrera con acuerdos de dobles escalas salariales y abandona as\u00ed a su suerte a los trabajadores\/as m\u00e1s j\u00f3venes, estar\u00e1 la manifestaci\u00f3n de los\/as que queremos <b>unir la luchas<\/b>, unir a la clase obrera con los movimientos sociales, de quienes seguimos apostando por la movilizaci\u00f3n y la <b>huelga general<\/b> &nbsp;a escala europea. Y&nbsp; queremos que la movilizaci\u00f3n tenga continuidad hasta que el gobierno eche atr\u00e1s sus planes o los trabajadores\/as y el pueblo echemos al gobierno.<\/span><\/div>\n<p><span style=\"font-size: 10.5pt;line-height: 115%\"><\/span><\/p>\n<div style=\"text-align: justify\"><span style=\"font-size: 10.5pt;line-height: 115%\"><span style=\"font-size: 10.5pt;line-height: 115%;text-align: justify\"><\/span><\/span><\/p>\n<div style=\"text-align: center\"><span style=\"font-size: 10.5pt;line-height: 115%\"><span style=\"font-size: 10.5pt;line-height: 115%;text-align: justify\"><span style=\"font-size: 10.5pt;line-height: 115%\">Hacemos un llamamiento a todos los trabajadores\/as que est\u00e1n luchando por defender su empleo, sus derechos y salarios, como las trabajadoras\/es de la limpieza de la Universidad Complutense de Madrid; del Metro\u2026; a los movimientos sociales, a los estudiantes, a que se sumen a esta manifestaci\u00f3n del sindicalismo de clase y combativo.<\/span><\/span><\/span><\/div>\n<p><span style=\"font-size: 10.5pt;line-height: 115%\"><span style=\"font-size: 10.5pt;line-height: 115%;text-align: justify\"><\/span><\/span><\/div>\n<p><span style=\"font-size: 10.5pt;line-height: 115%\"><\/span><\/p>\n<div style=\"text-align: justify\"><span style=\"font-size: 10.5pt;line-height: 115%\"><span style=\"font-size: 10.5pt;line-height: 115%;text-align: justify\"><\/span><br \/><\/span><\/p>\n<div style=\"text-align: center\"><span style=\"font-size: 10.5pt;line-height: 115%\"><span style=\"font-size: 10.5pt;line-height: 115%;text-align: justify\"><span style=\"font-size: 10.5pt;line-height: 115%\"><br \/><\/span><\/span><\/span><\/div>\n<p><span style=\"font-size: 10.5pt;line-height: 115%\"><span style=\"font-size: 10.5pt;line-height: 115%;text-align: justify\"><\/span><\/span><\/div>\n<p><span style=\"font-size: 10.5pt;line-height: 115%\"><\/span><\/p>\n<div style=\"text-align: justify\"><\/div>\n<p><span style=\"font-size: 10.5pt;line-height: 115%\"><\/p>\n<div style=\"text-align: justify\">\n<div align=\"center\" style=\"margin-bottom: .0001pt;margin-bottom: 0cm;text-align: center\"><b><span style=\"font-size: 18pt;line-height: 115%\">MANIFESTACI\u00d3N&nbsp; <\/span><\/b><b><span style=\"font-size: 14pt;line-height: 115%\">11,30 horas Plaza Beata-Atocha<\/span><\/b><b><span style=\"font-size: 12pt;line-height: 115%\"><\/span><\/b><\/div>\n<div align=\"center\" style=\"margin-bottom: .0001pt;margin-bottom: 0cm;text-align: center\"><b><span style=\"font-size: 12pt;line-height: 115%\">Convocada por el sindicalismo de clase y alternativo&nbsp; <\/span><\/b><\/div>\n<div align=\"center\" style=\"margin-bottom: .0001pt;margin-bottom: 0cm;text-align: center\"><b><span lang=\"EN-US\" style=\"font-size: 12pt;line-height: 115%\">AST, CGT, COBAS, CSM, SAS, SO, SUSH<\/span><\/b><\/div>\n<\/div>\n<div style=\"text-align: justify\"><span style=\"font-size: 10.5pt;line-height: 115%;text-align: justify\"><\/span><\/p>\n<div style=\"text-align: center\"><span style=\"font-size: 10.5pt;line-height: 115%;text-align: justify\"><span style=\"font-size: 10.5pt;line-height: 115%\"><br \/><\/span><\/span><\/div>\n<p><span style=\"font-size: 10.5pt;line-height: 115%;text-align: justify\"><\/span><\/div>\n<div style=\"text-align: justify\">\n<div style=\"line-height: normal;margin-bottom: .0001pt;margin-bottom: 0cm\"><b><span style=\"font-size: 12pt\">Plataforma unitaria <i><span style=\"color: red\">Hay Que Pararles Los Pies<\/span><\/i><span style=\"color: red\">&nbsp;&nbsp;&nbsp;&nbsp;&nbsp;&nbsp;&nbsp;&nbsp;&nbsp;&nbsp;&nbsp; <\/span><\/span><\/b><b><span style=\"font-size: 9pt\">&nbsp;&nbsp;&nbsp;&nbsp;&nbsp;&nbsp;&nbsp;&nbsp;&nbsp;&nbsp;&nbsp;&nbsp;&nbsp;&nbsp;&nbsp;&nbsp;&nbsp;&nbsp;&nbsp;&nbsp;&nbsp;&nbsp;&nbsp;&nbsp;&nbsp;&nbsp;&nbsp;&nbsp;&nbsp;&nbsp;&nbsp;&nbsp;&nbsp;&nbsp;&nbsp;&nbsp;&nbsp;&nbsp;&nbsp;&nbsp;&nbsp;&nbsp;&nbsp;&nbsp;&nbsp;&nbsp;&nbsp;&nbsp;&nbsp;&nbsp;&nbsp;&nbsp;&nbsp;&nbsp;&nbsp;&nbsp;&nbsp;&nbsp;&nbsp;&nbsp;&nbsp;&nbsp;&nbsp;&nbsp;&nbsp;&nbsp;&nbsp;&nbsp;&nbsp;&nbsp;&nbsp;&nbsp;&nbsp;&nbsp;&nbsp;&nbsp;&nbsp;&nbsp;&nbsp;&nbsp;&nbsp;&nbsp;22\/04\/2013<\/span><\/b><b><span style=\"font-size: 12pt\"><\/span><\/b><\/div>\n<p><b>Coordinadora Sindical de Madrid <\/b><span style=\"font-size: 10.5pt;line-height: 115%\">(Alternativa Sindical de Trabajadores; Comisi\u00f3n de Trabajadores Asamblearios; Sindicato Aut\u00f3nomo de Trabajadores Nueva Plataforma; Colectivo Obrero Popular, Sindicato Unitario; Plataforma Sindical Independiente de Blas y Cia; Plataforma Sindical Independiente de la Llorente; Sindicato Unificado Independiente de Trabajadores) <b>Sindicato de Comisiones de Base (CO.BAS); Sindicato Ferroviario de Madrid-Intersindical; Movimiento Asambleario de Trabajadores de la Sanidad (MATS); Comit\u00e9 de Empresa UPS-Vallecas; Corriente Roja; Iniciativa Comunista; PCPE; Reconstrucci\u00f3n Comunista.<\/b><\/span><\/div>\n<div style=\"text-align: justify\"><\/div>\n<p><\/span><\/div>\n<\/div>\n<p><\/span><\/div>\n","protected":false},"excerpt":{"rendered":"<div class=\"mh-excerpt\">1\u00ba de mayo La lucha es el camino, no los pactos sociales FUERA LOS GOBIERNOS T\u00cdTERES DE LA UNI\u00d3N EUROPEA Y DEL CAPITAL El 1\u00ba de Mayo no es una fiesta, es una jornada internacional <a class=\"mh-excerpt-more\" href=\"https:\/\/www.sitescobas.es\/indra\/2013\/04\/24\/1o-de-mayo\/\" title=\"1\u00ba de mayo\">[&#8230;]<\/a><\/div>\n","protected":false},"author":2,"featured_media":220,"comment_status":"open","ping_status":"closed","sticky":false,"template":"","format":"standard","meta":{"_kadence_starter_templates_imported_post":false,"footnotes":""},"categories":[29],"tags":[27],"class_list":{"0":"post-95","1":"post","2":"type-post","3":"status-publish","4":"format-standard","5":"has-post-thumbnail","7":"category-sociedad","8":"tag-protesta"},"_links":{"self":[{"href":"https:\/\/www.sitescobas.es\/indra\/wp-json\/wp\/v2\/posts\/95","targetHints":{"allow":["GET"]}}],"collection":[{"href":"https:\/\/www.sitescobas.es\/indra\/wp-json\/wp\/v2\/posts"}],"about":[{"href":"https:\/\/www.sitescobas.es\/indra\/wp-json\/wp\/v2\/types\/post"}],"author":[{"embeddable":true,"href":"https:\/\/www.sitescobas.es\/indra\/wp-json\/wp\/v2\/users\/2"}],"replies":[{"embeddable":true,"href":"https:\/\/www.sitescobas.es\/indra\/wp-json\/wp\/v2\/comments?post=95"}],"version-history":[{"count":0,"href":"https:\/\/www.sitescobas.es\/indra\/wp-json\/wp\/v2\/posts\/95\/revisions"}],"wp:featuredmedia":[{"embeddable":true,"href":"https:\/\/www.sitescobas.es\/indra\/wp-json\/"}],"wp:attachment":[{"href":"https:\/\/www.sitescobas.es\/indra\/wp-json\/wp\/v2\/media?parent=95"}],"wp:term":[{"taxonomy":"category","embeddable":true,"href":"https:\/\/www.sitescobas.es\/indra\/wp-json\/wp\/v2\/categories?post=95"},{"taxonomy":"post_tag","embeddable":true,"href":"https:\/\/www.sitescobas.es\/indra\/wp-json\/wp\/v2\/tags?post=95"}],"curies":[{"name":"wp","href":"https:\/\/api.w.org\/{rel}","templated":true}]}}