{"id":949,"date":"2015-08-06T23:30:31","date_gmt":"2015-08-06T21:30:31","guid":{"rendered":"http:\/\/cobasindra.org\/?p=949"},"modified":"2015-08-06T23:30:31","modified_gmt":"2015-08-06T21:30:31","slug":"gracias-comienza-la-lucha-para-tumbar-el-ere","status":"publish","type":"post","link":"https:\/\/www.sitescobas.es\/indra\/2015\/08\/06\/gracias-comienza-la-lucha-para-tumbar-el-ere\/","title":{"rendered":"Gracias. Comienza la lucha para tumbar el ERE"},"content":{"rendered":"<p>Estimados compa\u00f1eros y compa\u00f1eras,<\/p>\n<div align=\"left\">desde la Secci\u00f3n Sindical de <span style=\"color: #d40000\"><b>co.bas<\/b><\/span> queremos daros las <b>gracias<\/b> por vuestra actitud clara y reivindicativa frente a los atropellos que estamos sufriendo, as\u00ed como el apoyo manifestado hacia los que no s\u00f3lo somos representantes de los trabajadores, si no que adem\u00e1s, por supuesto, os defendemos.Con la firma del acuerdo entre la empresa y los que se llaman sindicatos y no lo son, finaliza la primera fase de un proceso que no ha hecho sino comenzar, y que entre todos conseguiremos que no sea m\u00e1s que un mal trago para nosotros y una pesadilla para sus responsables.Mientras asistimos a sus pat\u00e9ticos intentos de justificar por qu\u00e9 en lugar de defender a los trabajadores, colaboran con la empresa para despedir y bajar el sueldo a cientos de compa\u00f1eros, y avalan el resto de medidas que sufriremos en los pr\u00f3ximos meses, os recordamos que los que han dicho durante todo el proceso de negociaci\u00f3n que estaban en contra del ERE, no nos van a enga\u00f1ar dos veces.<\/p>\n<p>Los que nos honramos en llamarnos <i><b>sindicatos de clase<\/b><\/i> vamos a cumplir con nuestro deber y nuestra voluntad de defender los derechos de los trabajadores y para ello hemos perfilado las siguientes l\u00edneas de acci\u00f3n a partir de ahora.<\/p>\n<h2>Acciones legales<\/h2>\n<p><span style=\"color: #d40000\"><b>co.bas<\/b><\/span> va a impugnar el acuerdo alcanzado entre la empresa y los sindicatos firmantes (CC.OO, UGT, USO y STC).<\/p>\n<p>Una vez interpuesta la <b>demanda colectiva<\/b>, cuando haya sentencia firme, tendr\u00e9is un plazo de 20 d\u00edas h\u00e1biles para impugnar individualmente las medidas que os hayan impuesto (despidos, bajadas salariales, recolocaciones\u2026) .<br \/>\nPor tanto, es muy importante que los afectados\u00a0 est\u00e9is en contacto con nosotros (o nos dej\u00e9is vuestros datos) por si sale favorable, interponer vuestra demanda individual en plazo.<\/p>\n<p>Os recordamos que una de las ventajas de estar afiliado es que la Asesor\u00eda nos da cobertura si tenemos el compromiso de permanencia de un a\u00f1o. Los afiliados pagamos 8\u20ac al mes que se cobran por trimestre.<br \/>\nY tenemos <a href=\"http:\/\/cobasindra.org\/afiliate\/\">beneficios mejores<\/a> como que <b>somos los afiliados los que decidimos en asamblea<\/b> quienes son nuestros portavoces y lo que firma o no nuestro sindicato.<\/p>\n<h2>Movilizaciones<\/h2>\n<p>Estamos elaborando un <b>calendario de movilizaciones<\/b> del que os daremos debida cuenta. Estudiaremos los tiempos, nos coordinaremos con sindicatos afines y sobre todo, consultaremos con vosotros en el d\u00eda a d\u00eda y en asambleas para realizar acciones conjuntas, bien estudiadas y bien planificadas que apoyen el trabajo en los tribunales.<\/p>\n<p>Como os hemos venido diciendo, <b>seguir\u00e1 siendo fundamental vuestro apoyo<\/b>. Indra es una empresa que participa activamente en el funcionamiento del pa\u00eds y unas movilizaciones en condiciones tienen much\u00edsima fuerza. Las pr\u00f3ximas acciones no ser\u00e1n con la plantilla de vacaciones ni con las prisas por unos plazos impuestos a traici\u00f3n.<\/p>\n<p>Como ya os informamos, <b>formamos parte de la plataforma <a href=\"https:\/\/twitter.com\/unificaluchas\">#UnificandoLasLuchas<\/a><\/b> junto con compa\u00f1eros de COCA-COLA,\u00a0PANRICO, TELEF\u00d3NICA-MOVISTAR,\u00a0ATENTO,\u00a0CORREOS, BOSAL,\u00a0INDRA,\u00a0BOMBEROS FORESTALES,\u00a0PHONE HOUSE,\u00a0 BANKIA EN LUCHA,\u00a0KOOLAIR EN LUCHA, FUTBOLMANIA,\u00a0ARREGUI,\u00a0\u00a0etc\u2026<br \/>\nEsto nos da m\u00e1s proyecci\u00f3n hacia el exterior, as\u00ed como nuestro conflicto se la da al resto de luchas.<\/p>\n<h2>Informaci\u00f3n, informaci\u00f3n, informaci\u00f3n<\/h2>\n<p>Adem\u00e1s de la cobertura informativa que siempre procuramos, desde que comenz\u00f3 el conflicto hemos volcado esfuerzos en manteneros informados de todo lo importante, con especial atenci\u00f3n a c\u00f3mo nos vemos afectados. Tras la publicaci\u00f3n de la primera versi\u00f3n del <a href=\"http:\/\/cobasindra.org\/faq-ere\/\">FAQ ERE<\/a>, tenemos una avalancha de consultas diarias a las que varias personas ayudadas por nuestra asesor\u00eda jur\u00eddica responden continuamente y que luego recopilamos y actualizamos en el blog.<\/p>\n<p>Peri\u00f3dicamente <b>os enviaremos por correo las nuevas versiones del <\/b><b><a href=\"http:\/\/cobasindra.org\/faq-ere\/\">FAQ ERE<\/a><\/b><b> y estamos encantados de que nos consult\u00e9is cuanto haga falta<\/b>.<\/p>\n<h2>Lucha, lucha, lucha<\/h2>\n<p>Sin olvidar que el momento es doloroso y la situaci\u00f3n complicada, queremos transmitiros que las personas que formamos las bases de <span style=\"color: #d40000\"><b>co.bas<\/b><\/span><b> hemos asumido un compromiso de lucha y defensa de los derechos de los trabajadores conscientes de su dificultad<\/b>. Por lo que no vamos a ceder ni un \u00e1pice y no nos vamos a dar nunca por vencidos.<\/p>\n<div align=\"center\"><big><big><b>Vais a seguir contando con nosotros y vamos a darle un vuelco a la situaci\u00f3n entre todos.<\/b><\/big><\/big><\/div>\n<\/div>\n<div align=\"center\"><\/div>\n<div align=\"center\"><a href=\"http:\/\/cobasindra.org\/wp-content\/uploads\/2015\/08\/cobas-tumbar-ere-700.png\"><img loading=\"lazy\" decoding=\"async\" class=\"aligncenter size-full wp-image-963\" src=\"http:\/\/cobasindra.org\/wp-content\/uploads\/2015\/08\/cobas-tumbar-ere-700.png\" alt=\"cobas-tumbar-ere-700\" width=\"700\" height=\"495\" \/><\/a><\/div>\n","protected":false},"excerpt":{"rendered":"<div class=\"mh-excerpt\">Estimados compa\u00f1eros y compa\u00f1eras, desde la Secci\u00f3n Sindical de co.bas queremos daros las gracias por vuestra actitud clara y reivindicativa frente a los atropellos que estamos sufriendo, as\u00ed como el apoyo manifestado hacia los que <a class=\"mh-excerpt-more\" href=\"https:\/\/www.sitescobas.es\/indra\/2015\/08\/06\/gracias-comienza-la-lucha-para-tumbar-el-ere\/\" title=\"Gracias. Comienza la lucha para tumbar el ERE\">[&#8230;]<\/a><\/div>\n","protected":false},"author":2,"featured_media":0,"comment_status":"open","ping_status":"closed","sticky":false,"template":"","format":"standard","meta":{"_kadence_starter_templates_imported_post":false,"footnotes":""},"categories":[13],"tags":[44,32,45,26],"class_list":{"0":"post-949","1":"post","2":"type-post","3":"status-publish","4":"format-standard","6":"category-cobas-indra","7":"tag-comunicados","8":"tag-despidos","9":"tag-ere-en-indra","10":"tag-sindicatos"},"_links":{"self":[{"href":"https:\/\/www.sitescobas.es\/indra\/wp-json\/wp\/v2\/posts\/949","targetHints":{"allow":["GET"]}}],"collection":[{"href":"https:\/\/www.sitescobas.es\/indra\/wp-json\/wp\/v2\/posts"}],"about":[{"href":"https:\/\/www.sitescobas.es\/indra\/wp-json\/wp\/v2\/types\/post"}],"author":[{"embeddable":true,"href":"https:\/\/www.sitescobas.es\/indra\/wp-json\/wp\/v2\/users\/2"}],"replies":[{"embeddable":true,"href":"https:\/\/www.sitescobas.es\/indra\/wp-json\/wp\/v2\/comments?post=949"}],"version-history":[{"count":0,"href":"https:\/\/www.sitescobas.es\/indra\/wp-json\/wp\/v2\/posts\/949\/revisions"}],"wp:attachment":[{"href":"https:\/\/www.sitescobas.es\/indra\/wp-json\/wp\/v2\/media?parent=949"}],"wp:term":[{"taxonomy":"category","embeddable":true,"href":"https:\/\/www.sitescobas.es\/indra\/wp-json\/wp\/v2\/categories?post=949"},{"taxonomy":"post_tag","embeddable":true,"href":"https:\/\/www.sitescobas.es\/indra\/wp-json\/wp\/v2\/tags?post=949"}],"curies":[{"name":"wp","href":"https:\/\/api.w.org\/{rel}","templated":true}]}}