{"id":94,"date":"2013-04-26T09:36:00","date_gmt":"2013-04-26T09:36:00","guid":{"rendered":"http:\/\/pruebas.cobasindra.org\/?p=94"},"modified":"2013-04-26T09:36:00","modified_gmt":"2013-04-26T09:36:00","slug":"el-finiquito-del-vicepresidente-de-indra-fue-de-91-millones-de-euros","status":"publish","type":"post","link":"https:\/\/www.sitescobas.es\/indra\/2013\/04\/26\/el-finiquito-del-vicepresidente-de-indra-fue-de-91-millones-de-euros\/","title":{"rendered":"El finiquito del vicepresidente de Indra fue de 9,1 millones de euros"},"content":{"rendered":"<p><\/p>\n<div style=\"text-align: justify\">El vicepresidente de Indra,  Regino Moranchel, recibi\u00f3 una indemnizaci\u00f3n de 9,1 millones de euros brutos el  pasado a\u00f1o tras dejar la compa\u00f1\u00eda. El grupo tecnol\u00f3gico dice que en el informe  de retribuciones de 2011 ya se hab\u00eda anunciado la marcha de Moranchel para  \u201cfinales de 2012\u201d. Sin embargo, en este documento se condicionaba el finiquito  del directivo, que llevaba en la empresa desde 1972, a su permanencia \u201chasta el  ejercicio 2013\u201d.<\/div>\n<div style=\"text-align: left\"><\/div>\n<div style=\"text-align: justify\"><\/div>\n<div style=\"text-align: justify\">Por otra parte, el consejo de administraci\u00f3n de Indra recibi\u00f3 una  compensaci\u00f3n total el pasado a\u00f1o de 10,33 millones. De esta cantidad 8,4  millones correspondieron a los consejeros ejecutivos, seg\u00fan figura en el informe  de Gobierno Corporativo enviado ayer a la CNMV. esto significa que se aumentaron  el sueldo el 9,2%, tras realizarse el computo total del consejero delegado,  Javier de Andr\u00e9s Gonz\u00e1lez, en este nuevo cargo.<\/div>\n<div style=\"text-align: justify\"><\/div>\n<p><\/p>\n<div style=\"text-align: justify\">Javier de Andr\u00e9s fue designado consejero delegado de Indra por el consejo de  administraci\u00f3n de la compa\u00f1\u00eda en junio de 2011, por lo que en dicho ejercicio no  computo todo su sueldo en esta categor\u00eda de ejecutivo.<\/div>\n<div style=\"text-align: justify\"><\/div>\n<div style=\"text-align: justify\">(fuente: <a href=\"http:\/\/economia.elpais.com\/economia\/2013\/04\/25\/actualidad\/1366913496_494026.html\" target=\"_blank\" rel=\"noopener noreferrer\">El Pa\u00eds<\/a>)<\/div>\n","protected":false},"excerpt":{"rendered":"<div class=\"mh-excerpt\">El vicepresidente de Indra, Regino Moranchel, recibi\u00f3 una indemnizaci\u00f3n de 9,1 millones de euros brutos el pasado a\u00f1o tras dejar la compa\u00f1\u00eda. El grupo tecnol\u00f3gico dice que en el informe de retribuciones de 2011 ya <a class=\"mh-excerpt-more\" href=\"https:\/\/www.sitescobas.es\/indra\/2013\/04\/26\/el-finiquito-del-vicepresidente-de-indra-fue-de-91-millones-de-euros\/\" title=\"El finiquito del vicepresidente de Indra fue de 9,1 millones de euros\">[&#8230;]<\/a><\/div>\n","protected":false},"author":2,"featured_media":0,"comment_status":"open","ping_status":"closed","sticky":false,"template":"","format":"standard","meta":{"_kadence_starter_templates_imported_post":false,"footnotes":""},"categories":[13],"tags":[27,24],"class_list":{"0":"post-94","1":"post","2":"type-post","3":"status-publish","4":"format-standard","6":"category-cobas-indra","7":"tag-protesta","8":"tag-salario"},"_links":{"self":[{"href":"https:\/\/www.sitescobas.es\/indra\/wp-json\/wp\/v2\/posts\/94","targetHints":{"allow":["GET"]}}],"collection":[{"href":"https:\/\/www.sitescobas.es\/indra\/wp-json\/wp\/v2\/posts"}],"about":[{"href":"https:\/\/www.sitescobas.es\/indra\/wp-json\/wp\/v2\/types\/post"}],"author":[{"embeddable":true,"href":"https:\/\/www.sitescobas.es\/indra\/wp-json\/wp\/v2\/users\/2"}],"replies":[{"embeddable":true,"href":"https:\/\/www.sitescobas.es\/indra\/wp-json\/wp\/v2\/comments?post=94"}],"version-history":[{"count":0,"href":"https:\/\/www.sitescobas.es\/indra\/wp-json\/wp\/v2\/posts\/94\/revisions"}],"wp:attachment":[{"href":"https:\/\/www.sitescobas.es\/indra\/wp-json\/wp\/v2\/media?parent=94"}],"wp:term":[{"taxonomy":"category","embeddable":true,"href":"https:\/\/www.sitescobas.es\/indra\/wp-json\/wp\/v2\/categories?post=94"},{"taxonomy":"post_tag","embeddable":true,"href":"https:\/\/www.sitescobas.es\/indra\/wp-json\/wp\/v2\/tags?post=94"}],"curies":[{"name":"wp","href":"https:\/\/api.w.org\/{rel}","templated":true}]}}