{"id":939,"date":"2015-08-05T10:54:38","date_gmt":"2015-08-05T08:54:38","guid":{"rendered":"http:\/\/cobasindra.org\/?p=939"},"modified":"2015-08-05T10:54:38","modified_gmt":"2015-08-05T08:54:38","slug":"cobas-no-ha-firmado","status":"publish","type":"post","link":"https:\/\/www.sitescobas.es\/indra\/2015\/08\/05\/cobas-no-ha-firmado\/","title":{"rendered":"Porque no somos insensatos  Cobas no ha firmado"},"content":{"rendered":"<h1 style=\"text-align: center\"><strong><a href=\"http:\/\/cobasindra.org\/wp-content\/uploads\/2015\/08\/secsindcobas.png\"><img loading=\"lazy\" decoding=\"async\" class=\" size-full wp-image-941 aligncenter\" src=\"http:\/\/cobasindra.org\/wp-content\/uploads\/2015\/08\/secsindcobas.png\" alt=\"secsindcobas\" width=\"545\" height=\"114\" \/><\/a><\/strong><\/h1>\n<h6 style=\"text-align: center\"><\/h6>\n<h1 style=\"text-align: center\"><strong>Porque no somos insensatos<\/strong><\/h1>\n<h1 style=\"text-align: center\"><strong>Cobas no ha firmado<\/strong><\/h1>\n<p style=\"text-align: center\"><strong>el acuerdo suscrito por UGT, CCOO, USO y STC.<\/strong><\/p>\n<p><strong>\u00bfPor qu\u00e9?<\/strong><\/p>\n<p>Nosotros hemos realizado la misma propuesta a la Empresa que los citados componentes de la mesa, las mismas indemnizaciones, las mismas medidas; <strong>PERO hemos expuesto nuestras necesidades para firmar<\/strong>:<\/p>\n<ul>\n<li>que todas las medidas sean voluntarias y no se imponga ning\u00fan despido con car\u00e1cter forzoso.<\/li>\n<li>que la Empresa se comprometiese a no practicar ning\u00fan despido objetivo, ning\u00fan ERTE, ninguna reducci\u00f3n de jornada temporal o definitiva y ninguna modificaci\u00f3n de nuestras condiciones laborales) ni nuestro horario, ni nuestra jornada, ni nuestro salario&#8230;) en un periodo de 30 meses.<\/li>\n<\/ul>\n<p style=\"text-align: center\"><span style=\"color: #ff0000\"><strong><em>INDRA se ha negado a aceptar nuestras propuestas<\/em><\/strong>.<\/span><\/p>\n<p>\u00bf<strong>Por qu\u00e9 no es sensato? \u00bfPor qu\u00e9 no es inteligente firmar este acuerdo?<\/strong><\/p>\n<p>Con la firma del presente acuerdo, los firmantes se manifiestan contrarios a la postura un\u00e1nime mantenida por toda la representaci\u00f3n hasta el d\u00eda 30 de julio, NO EXISTEN CAUSAS PARA EL ERE.<\/p>\n<p>Nosotros, con la documentaci\u00f3n y los datos que nos ha aportado la Empresa creemos que <strong>NO HAY MOTIVOS<\/strong> para la extinci\u00f3n de 1750 puestos de trabajo, y desde ning\u00fan punto de vista con car\u00e1cter forzoso.<\/p>\n<p>Cobas entiende que LA NEGATIVA DE LA EMPRESA A FIRMAR UN COMPROMISO DE ESTABILIDAD EN EL EMPLEO DE DURACION SUPERIOR A LA DEL ERE, implica que, el reconocimiento de las causas por parte de los Sindicatos firmantes desemboque en la modificaci\u00f3n de nuestras condiciones de trabajo, en virtud de una causa preavalada y a priori indiscutible.<\/p>\n<p>Tan importantes consideramos a las 1750 familias que ver\u00e1n modificada su residencia, su poder adquisitivo, su empleo, como queremos elaborar los oportunos mecanismos de protecci\u00f3n para los m\u00e1s de 11.000 trabajadores que mantendremos nuestra adscripci\u00f3n a INDRA SISTEMAS y queremos hacerlo, sin la espada de Damocles que la mayor\u00eda sindical (que no la mayor\u00eda de representantes de los afectados por los criterios forzosos de la Empresa) nos ha impuesto.<\/p>\n<p>COBAS ha respetado la postura que ha sido un\u00e1nime en la Representaci\u00f3n Social, porque creemos que NO EXISTEN CAUSAS PARA NING\u00daN DESPIDO; porque creemos que los trabajadores, si ellos lo deciden, tienen que tener un oportuno derecho de defensa frente a las agresiones patronales; porque creemos que la dignidad de nuestra representaci\u00f3n es la defensa de 13.000 trabajadores.<\/p>\n<p>En este escenario, sin compromiso de la Empresa de no aplicar m\u00e1s medidas que las voluntarias, <strong>NO FIRMAMOS, NO OS VENDEMOS<\/strong>.<\/p>\n<h2 style=\"text-align: center\"><strong>El puesto de trabajo es innegociable.<\/strong><\/h2>\n<h2 style=\"text-align: center\"><strong>EL PUESTO DE T<strong>RABAJO NO SE VENDE, SE DEFIENDE<\/strong><\/strong><\/h2>\n<h2 style=\"text-align: center\"><img loading=\"lazy\" decoding=\"async\" class=\"alignleft size-full wp-image-759\" src=\"http:\/\/cobasindra.org\/wp-content\/uploads\/2015\/07\/cobas.png\" alt=\"co.bas\" width=\"101\" height=\"82\" \/><\/h2>\n<h2 style=\"text-align: center\"><\/h2>\n<p>&nbsp;<\/p>\n<p>&nbsp;<\/p>\n","protected":false},"excerpt":{"rendered":"<div class=\"mh-excerpt\">Porque no somos insensatos Cobas no ha firmado el acuerdo suscrito por UGT, CCOO, USO y STC. \u00bfPor qu\u00e9? Nosotros hemos realizado la misma propuesta a la Empresa que los citados componentes de la mesa, <a class=\"mh-excerpt-more\" href=\"https:\/\/www.sitescobas.es\/indra\/2015\/08\/05\/cobas-no-ha-firmado\/\" title=\"Porque no somos insensatos  Cobas no ha firmado\">[&#8230;]<\/a><\/div>\n","protected":false},"author":2,"featured_media":0,"comment_status":"open","ping_status":"closed","sticky":false,"template":"","format":"standard","meta":{"_kadence_starter_templates_imported_post":false,"footnotes":""},"categories":[13],"tags":[32,45,27,26],"class_list":{"0":"post-939","1":"post","2":"type-post","3":"status-publish","4":"format-standard","6":"category-cobas-indra","7":"tag-despidos","8":"tag-ere-en-indra","9":"tag-protesta","10":"tag-sindicatos"},"_links":{"self":[{"href":"https:\/\/www.sitescobas.es\/indra\/wp-json\/wp\/v2\/posts\/939","targetHints":{"allow":["GET"]}}],"collection":[{"href":"https:\/\/www.sitescobas.es\/indra\/wp-json\/wp\/v2\/posts"}],"about":[{"href":"https:\/\/www.sitescobas.es\/indra\/wp-json\/wp\/v2\/types\/post"}],"author":[{"embeddable":true,"href":"https:\/\/www.sitescobas.es\/indra\/wp-json\/wp\/v2\/users\/2"}],"replies":[{"embeddable":true,"href":"https:\/\/www.sitescobas.es\/indra\/wp-json\/wp\/v2\/comments?post=939"}],"version-history":[{"count":0,"href":"https:\/\/www.sitescobas.es\/indra\/wp-json\/wp\/v2\/posts\/939\/revisions"}],"wp:attachment":[{"href":"https:\/\/www.sitescobas.es\/indra\/wp-json\/wp\/v2\/media?parent=939"}],"wp:term":[{"taxonomy":"category","embeddable":true,"href":"https:\/\/www.sitescobas.es\/indra\/wp-json\/wp\/v2\/categories?post=939"},{"taxonomy":"post_tag","embeddable":true,"href":"https:\/\/www.sitescobas.es\/indra\/wp-json\/wp\/v2\/tags?post=939"}],"curies":[{"name":"wp","href":"https:\/\/api.w.org\/{rel}","templated":true}]}}