{"id":924,"date":"2015-08-03T13:20:04","date_gmt":"2015-08-03T11:20:04","guid":{"rendered":"http:\/\/cobasindra.org\/?p=924"},"modified":"2015-08-03T13:20:04","modified_gmt":"2015-08-03T11:20:04","slug":"comite-de-anabel-segura-lunes-38-1930h-manifestacion-en-alcobendas","status":"publish","type":"post","link":"https:\/\/www.sitescobas.es\/indra\/2015\/08\/03\/comite-de-anabel-segura-lunes-38-1930h-manifestacion-en-alcobendas\/","title":{"rendered":"Comit\u00e9 de Anabel Segura: Lunes 3\/8 19:30h Manifestaci\u00f3n en Alcobendas"},"content":{"rendered":"<p><strong>Debido a las restricciones que nos estamos encontrando para enviar emails, nos vemos obligados a enviaros este correo del COMIT\u00c9 DE ANABEL SEGURA a trav\u00e9s de la secci\u00f3n sindical de Co.bas.<\/strong><\/p>\n<p>Es muy importante que la mesa sepa lo que pensamos antes de tomar una decisi\u00f3n, as\u00ed que os queremos invitar a que le envi\u00e9is un email a la RLT de la mesa a la direcci\u00f3n <a href=\"mailto:mesanegociacionrlt@indra.es\">mesanegociacionrlt@indra.es<\/a> indicando si quer\u00e9is que se firmen o no el ERE.<\/p>\n<h1 style=\"text-align: center\">Lunes 3\/8 19:30h Manifestaci\u00f3n en Alcobendas<\/h1>\n<p style=\"text-align: center\">INDRA, la mayor empresa tecnol\u00f3gica espa\u00f1ola, quiere despedir<\/p>\n<p style=\"text-align: center\">a 1.850 trabajadores\/as, de ell@s 1.630 en Alcobendas<\/p>\n<p style=\"text-align: center\"><strong>MANIFESTACI\u00d3N<\/strong><strong> ALCOBENDAS<\/strong><\/p>\n<p style=\"text-align: center\">Lunes 3 de Agosto 19:30h.<\/p>\n<p style=\"text-align: center\">Desde la Pza. del Pueblo hasta INDRA Anabel Segura<\/p>\n<p style=\"text-align: center\"><a href=\"http:\/\/mapq.st\/1STA6Xf\" target=\"_blank\" rel=\"noopener noreferrer\">http:\/\/mapq.st\/1STA6Xf<\/a>\n<\/p>\n<p style=\"text-align: center\"><strong>\u00a1 NO AL ERE EN INDRA !<\/strong><\/p>\n<p style=\"text-align: center\"><strong>Convoca: Comit\u00e9 de Empresa de Anabel Segura<\/strong><\/p>\n<p style=\"text-align: center\"><strong>Apoyan Asociaciones vecinales y partidos pol\u00edticos de Alcobendas y San Sebasti\u00e1n de los Reyes<\/p>\n<p><\/strong><\/p>\n","protected":false},"excerpt":{"rendered":"<div class=\"mh-excerpt\">Debido a las restricciones que nos estamos encontrando para enviar emails, nos vemos obligados a enviaros este correo del COMIT\u00c9 DE ANABEL SEGURA a trav\u00e9s de la secci\u00f3n sindical de Co.bas. Es muy importante que <a class=\"mh-excerpt-more\" href=\"https:\/\/www.sitescobas.es\/indra\/2015\/08\/03\/comite-de-anabel-segura-lunes-38-1930h-manifestacion-en-alcobendas\/\" title=\"Comit\u00e9 de Anabel Segura: Lunes 3\/8 19:30h Manifestaci\u00f3n en Alcobendas\">[&#8230;]<\/a><\/div>\n","protected":false},"author":2,"featured_media":901,"comment_status":"open","ping_status":"closed","sticky":false,"template":"","format":"standard","meta":{"_kadence_starter_templates_imported_post":false,"footnotes":""},"categories":[40],"tags":[32,45,27,26],"class_list":{"0":"post-924","1":"post","2":"type-post","3":"status-publish","4":"format-standard","5":"has-post-thumbnail","7":"category-anabel-segura","8":"tag-despidos","9":"tag-ere-en-indra","10":"tag-protesta","11":"tag-sindicatos"},"_links":{"self":[{"href":"https:\/\/www.sitescobas.es\/indra\/wp-json\/wp\/v2\/posts\/924","targetHints":{"allow":["GET"]}}],"collection":[{"href":"https:\/\/www.sitescobas.es\/indra\/wp-json\/wp\/v2\/posts"}],"about":[{"href":"https:\/\/www.sitescobas.es\/indra\/wp-json\/wp\/v2\/types\/post"}],"author":[{"embeddable":true,"href":"https:\/\/www.sitescobas.es\/indra\/wp-json\/wp\/v2\/users\/2"}],"replies":[{"embeddable":true,"href":"https:\/\/www.sitescobas.es\/indra\/wp-json\/wp\/v2\/comments?post=924"}],"version-history":[{"count":0,"href":"https:\/\/www.sitescobas.es\/indra\/wp-json\/wp\/v2\/posts\/924\/revisions"}],"wp:featuredmedia":[{"embeddable":true,"href":"https:\/\/www.sitescobas.es\/indra\/wp-json\/"}],"wp:attachment":[{"href":"https:\/\/www.sitescobas.es\/indra\/wp-json\/wp\/v2\/media?parent=924"}],"wp:term":[{"taxonomy":"category","embeddable":true,"href":"https:\/\/www.sitescobas.es\/indra\/wp-json\/wp\/v2\/categories?post=924"},{"taxonomy":"post_tag","embeddable":true,"href":"https:\/\/www.sitescobas.es\/indra\/wp-json\/wp\/v2\/tags?post=924"}],"curies":[{"name":"wp","href":"https:\/\/api.w.org\/{rel}","templated":true}]}}