{"id":900,"date":"2015-08-01T21:02:59","date_gmt":"2015-08-01T19:02:59","guid":{"rendered":"http:\/\/cobasindra.org\/?p=900"},"modified":"2015-08-01T21:02:59","modified_gmt":"2015-08-01T19:02:59","slug":"manifestacion-en-alcobendas-lunes-3-a-las-1930h-pza-pueblo-anabel-segura","status":"publish","type":"post","link":"https:\/\/www.sitescobas.es\/indra\/2015\/08\/01\/manifestacion-en-alcobendas-lunes-3-a-las-1930h-pza-pueblo-anabel-segura\/","title":{"rendered":"Manifestaci\u00f3n en Alcobendas: lunes 3 a las 19:30h, Pza pueblo &#8211; Anabel Segura"},"content":{"rendered":"<h1 style=\"text-align: center\"><strong>NO AL ERE EN INDRA.<img loading=\"lazy\" decoding=\"async\" class=\"  wp-image-858 alignright\" src=\"http:\/\/cobasindra.org\/wp-content\/uploads\/2015\/07\/StopERE.png\" alt=\"StopERE\" width=\"242\" height=\"242\" \/><\/strong><\/h1>\n<p style=\"text-align: left\">Indra, la mayor\u00a0 empresa tecnol\u00f3gica espa\u00f1ola ha comunicado que quiere despedir a 1.850 trabajadores en Espa\u00f1a.<\/p>\n<p>Los empleados rechazamos pagar con nuestros puestos de trabajo la voracidad econ\u00f3mica de la nueva direcci\u00f3n, implantada en esta empresa por razones pol\u00edticas y cuyo \u00fanico fin es colorear a su gusto cuentas y resultados con objetivos espurios, antes de las pr\u00f3ximas elecciones.<\/p>\n<p>Est\u00e1 previsto que de los 1850 despidos, 1629 sean en Madrid, concretamente en Alcobendas<\/p>\n<p>con el da\u00f1o econ\u00f3mico que esto supondr\u00e1 para el municipio:<\/p>\n<p>Menos compras.<\/p>\n<p>Menos comidas.<\/p>\n<p>Menos gimnasios.<\/p>\n<p>Menos escuelas de ingl\u00e9s.<\/p>\n<p>Menos guarder\u00edas\/colegios.<\/p>\n<p>Menos copas.<\/p>\n<p>Menos parkings.<\/p>\n<p>En definitiva menos dinero para el ayuntamiento y para el pueblo.<\/p>\n<p>Si hablamos de las condiciones del ERE,\u00a0 diremos que son cuando menos inaceptables sobre todo teniendo en cuenta que estamos al final de la crisis y que Indra tiene una fuerte previsi\u00f3n de mejora en los resultados econ\u00f3micos en Espa\u00f1a y que adem\u00e1s ha generado potentes beneficios en cada uno de los \u00faltimos 20 a\u00f1os (desde su creaci\u00f3n).<\/p>\n<p>Este ERE como viene siendo habitual, quiere cambiar trabajadores experimentados y con buenas condiciones laborales, por trabajadores en precario que apenas tendr\u00e1 dinero para consumir.<\/p>\n<p>En este contexto recordar que Indra ha pagado indemnizaciones millonarias a sus directivos Javier Monz\u00f3n: 16 MM,\u00a0 Regino Moranchel 9 MM, M\u00f3nica de Oriol 4MM. Queda claro que con la nueva direcci\u00f3n Indra ha debido de maquillar sus cuentas, no tiene sentido pagar casi 30 MM de indemnizaciones y al dia siguiente pretender despedir a 1850 trabajadores con 25 d\u00edas y 14 mensualidades.<\/p>\n<p>&nbsp;<\/p>\n<h4 style=\"text-align: center\">COMITE DE EMPRESA DE ANABEL SEGURA INDRA SISTEMAS<\/h4>\n<h3><a href=\"http:\/\/cobasindra.org\/wp-content\/uploads\/2015\/08\/CARTEL_MANIFA-2.jpg\"><img loading=\"lazy\" decoding=\"async\" class=\"alignleft size-full wp-image-901\" src=\"http:\/\/cobasindra.org\/wp-content\/uploads\/2015\/08\/CARTEL_MANIFA-2.jpg\" alt=\"CARTEL_MANIFA (2)\" width=\"574\" height=\"812\" \/><\/a><\/h3>\n","protected":false},"excerpt":{"rendered":"<div class=\"mh-excerpt\">NO AL ERE EN INDRA. Indra, la mayor\u00a0 empresa tecnol\u00f3gica espa\u00f1ola ha comunicado que quiere despedir a 1.850 trabajadores en Espa\u00f1a. Los empleados rechazamos pagar con nuestros puestos de trabajo la voracidad econ\u00f3mica de la <a class=\"mh-excerpt-more\" href=\"https:\/\/www.sitescobas.es\/indra\/2015\/08\/01\/manifestacion-en-alcobendas-lunes-3-a-las-1930h-pza-pueblo-anabel-segura\/\" title=\"Manifestaci\u00f3n en Alcobendas: lunes 3 a las 19:30h, Pza pueblo &#8211; Anabel Segura\">[&#8230;]<\/a><\/div>\n","protected":false},"author":2,"featured_media":0,"comment_status":"open","ping_status":"closed","sticky":false,"template":"","format":"standard","meta":{"_kadence_starter_templates_imported_post":false,"footnotes":""},"categories":[40],"tags":[32,45,27,26],"class_list":{"0":"post-900","1":"post","2":"type-post","3":"status-publish","4":"format-standard","6":"category-anabel-segura","7":"tag-despidos","8":"tag-ere-en-indra","9":"tag-protesta","10":"tag-sindicatos"},"_links":{"self":[{"href":"https:\/\/www.sitescobas.es\/indra\/wp-json\/wp\/v2\/posts\/900","targetHints":{"allow":["GET"]}}],"collection":[{"href":"https:\/\/www.sitescobas.es\/indra\/wp-json\/wp\/v2\/posts"}],"about":[{"href":"https:\/\/www.sitescobas.es\/indra\/wp-json\/wp\/v2\/types\/post"}],"author":[{"embeddable":true,"href":"https:\/\/www.sitescobas.es\/indra\/wp-json\/wp\/v2\/users\/2"}],"replies":[{"embeddable":true,"href":"https:\/\/www.sitescobas.es\/indra\/wp-json\/wp\/v2\/comments?post=900"}],"version-history":[{"count":0,"href":"https:\/\/www.sitescobas.es\/indra\/wp-json\/wp\/v2\/posts\/900\/revisions"}],"wp:attachment":[{"href":"https:\/\/www.sitescobas.es\/indra\/wp-json\/wp\/v2\/media?parent=900"}],"wp:term":[{"taxonomy":"category","embeddable":true,"href":"https:\/\/www.sitescobas.es\/indra\/wp-json\/wp\/v2\/categories?post=900"},{"taxonomy":"post_tag","embeddable":true,"href":"https:\/\/www.sitescobas.es\/indra\/wp-json\/wp\/v2\/tags?post=900"}],"curies":[{"name":"wp","href":"https:\/\/api.w.org\/{rel}","templated":true}]}}