{"id":877,"date":"2015-07-30T13:05:03","date_gmt":"2015-07-30T11:05:03","guid":{"rendered":"http:\/\/cobasindra.org\/?p=877"},"modified":"2015-07-30T13:05:03","modified_gmt":"2015-07-30T11:05:03","slug":"comunicado-mesa-de-negociacion-concentracion-manana-dia-de-huelga","status":"publish","type":"post","link":"https:\/\/www.sitescobas.es\/indra\/2015\/07\/30\/comunicado-mesa-de-negociacion-concentracion-manana-dia-de-huelga\/","title":{"rendered":"Comunicado Mesa de Negociaci\u00f3n: Concentraci\u00f3n ma\u00f1ana DIA DE HUELGA"},"content":{"rendered":"<h1 style=\"text-align: center\">CONCENTRACI\u00d3N<\/h1>\n<h1 style=\"text-align: center\">EL VIERNES 31 DE JULIO A LAS 11:00h<\/h1>\n<h1 style=\"text-align: center\">FRENTE A LA SEDE DE LA SEPI<\/h1>\n<h1 style=\"text-align: center\">VEL\u00c1ZQUEZ 134<\/h1>\n<p>&nbsp;<\/p>\n<h1 style=\"text-align: center\">\u00a1\u00a1\u00a1 ACUDE !!!<\/h1>\n<p>&nbsp;<\/p>\n<p><a href=\"http:\/\/cobasindra.org\/wp-content\/uploads\/2015\/07\/cc.oo_.png\"><img loading=\"lazy\" decoding=\"async\" class=\"alignleft size-full wp-image-758\" src=\"http:\/\/cobasindra.org\/wp-content\/uploads\/2015\/07\/cc.oo_.png\" alt=\"cc.oo\" width=\"113\" height=\"90\" \/><\/a> <a href=\"http:\/\/cobasindra.org\/wp-content\/uploads\/2015\/07\/cgt1.png\"><img loading=\"lazy\" decoding=\"async\" class=\"alignleft size-full wp-image-755\" src=\"http:\/\/cobasindra.org\/wp-content\/uploads\/2015\/07\/cgt1.png\" alt=\"cgt\" width=\"67\" height=\"92\" \/><\/a><a href=\"http:\/\/cobasindra.org\/wp-content\/uploads\/2015\/07\/cobas.png\"><img loading=\"lazy\" decoding=\"async\" class=\"alignleft size-full wp-image-759\" src=\"http:\/\/cobasindra.org\/wp-content\/uploads\/2015\/07\/cobas.png\" alt=\"co.bas\" width=\"101\" height=\"82\" \/><\/a><a href=\"http:\/\/cobasindra.org\/wp-content\/uploads\/2015\/07\/stc1.png\"><img loading=\"lazy\" decoding=\"async\" class=\"alignleft size-full wp-image-782\" src=\"http:\/\/cobasindra.org\/wp-content\/uploads\/2015\/07\/stc1.png\" alt=\"stc\" width=\"101\" height=\"84\" \/><\/a><a href=\"http:\/\/cobasindra.org\/wp-content\/uploads\/2015\/07\/uso.png\"> <img loading=\"lazy\" decoding=\"async\" class=\"alignleft size-full wp-image-757\" src=\"http:\/\/cobasindra.org\/wp-content\/uploads\/2015\/07\/ugt.png\" alt=\"ugt\" width=\"90\" height=\"95\" \/><img loading=\"lazy\" decoding=\"async\" class=\"alignleft size-full wp-image-756\" src=\"http:\/\/cobasindra.org\/wp-content\/uploads\/2015\/07\/uso.png\" alt=\"uso\" width=\"136\" height=\"87\" \/><\/a><\/p>\n","protected":false},"excerpt":{"rendered":"<div class=\"mh-excerpt\">CONCENTRACI\u00d3N EL VIERNES 31 DE JULIO A LAS 11:00h FRENTE A LA SEDE DE LA SEPI VEL\u00c1ZQUEZ 134 &nbsp; \u00a1\u00a1\u00a1 ACUDE !!! &nbsp;<\/div>\n","protected":false},"author":2,"featured_media":790,"comment_status":"open","ping_status":"closed","sticky":false,"template":"","format":"standard","meta":{"_kadence_starter_templates_imported_post":false,"footnotes":""},"categories":[13],"tags":[32,45,27,26],"class_list":{"0":"post-877","1":"post","2":"type-post","3":"status-publish","4":"format-standard","5":"has-post-thumbnail","7":"category-cobas-indra","8":"tag-despidos","9":"tag-ere-en-indra","10":"tag-protesta","11":"tag-sindicatos"},"_links":{"self":[{"href":"https:\/\/www.sitescobas.es\/indra\/wp-json\/wp\/v2\/posts\/877","targetHints":{"allow":["GET"]}}],"collection":[{"href":"https:\/\/www.sitescobas.es\/indra\/wp-json\/wp\/v2\/posts"}],"about":[{"href":"https:\/\/www.sitescobas.es\/indra\/wp-json\/wp\/v2\/types\/post"}],"author":[{"embeddable":true,"href":"https:\/\/www.sitescobas.es\/indra\/wp-json\/wp\/v2\/users\/2"}],"replies":[{"embeddable":true,"href":"https:\/\/www.sitescobas.es\/indra\/wp-json\/wp\/v2\/comments?post=877"}],"version-history":[{"count":0,"href":"https:\/\/www.sitescobas.es\/indra\/wp-json\/wp\/v2\/posts\/877\/revisions"}],"wp:featuredmedia":[{"embeddable":true,"href":"https:\/\/www.sitescobas.es\/indra\/wp-json\/"}],"wp:attachment":[{"href":"https:\/\/www.sitescobas.es\/indra\/wp-json\/wp\/v2\/media?parent=877"}],"wp:term":[{"taxonomy":"category","embeddable":true,"href":"https:\/\/www.sitescobas.es\/indra\/wp-json\/wp\/v2\/categories?post=877"},{"taxonomy":"post_tag","embeddable":true,"href":"https:\/\/www.sitescobas.es\/indra\/wp-json\/wp\/v2\/tags?post=877"}],"curies":[{"name":"wp","href":"https:\/\/api.w.org\/{rel}","templated":true}]}}