{"id":82,"date":"2013-06-02T12:22:00","date_gmt":"2013-06-02T12:22:00","guid":{"rendered":"http:\/\/pruebas.cobasindra.org\/?p=82"},"modified":"2013-06-02T12:22:00","modified_gmt":"2013-06-02T12:22:00","slug":"manifestacion-1-junio-pueblos-unidos-contra-la-troika","status":"publish","type":"post","link":"https:\/\/www.sitescobas.es\/indra\/2013\/06\/02\/manifestacion-1-junio-pueblos-unidos-contra-la-troika\/","title":{"rendered":"Manifestaci\u00f3n 1 Junio Pueblos Unidos contra la Troika"},"content":{"rendered":"<p><a href=\"https:\/\/www.facebook.com\/events\/156092877899658\/\" style=\"color: #333333;cursor: pointer;font-family: 'lucida grande', tahoma, verdana, arial, sans-serif;font-size: 11px;line-height: 14px\"><\/a><\/p>\n<div align=\"center\" style=\"margin-bottom: .0001pt;margin: 0cm;text-align: center\"><b><span style=\"color: #333333;font-size: 20.0pt\">Pueblos Unidos contra la Troika:<\/span><\/b><b><span style=\"color: #333333;font-size: 15.0pt\"><\/span><\/b><\/div>\n<div align=\"center\" style=\"margin-bottom: .0001pt;margin: 0cm;text-align: center\"><b><span style=\"color: #333333;font-size: 14.0pt\">Manifestaci\u00f3n Internacional 1 de junio<\/span><\/b><b><span style=\"color: #333333;font-size: 15.0pt\"><\/span><\/b><\/div>\n<div align=\"center\" style=\"margin-bottom: .0001pt;margin: 0cm;text-align: center\"><b><span style=\"color: #333333;font-size: 14.0pt\">Marea Europea Contra los recortes y por una verdadera Democracia.<\/span><\/b><b><span style=\"color: #333333;font-size: 15.0pt\"><\/span><\/b><\/div>\n<div align=\"center\" style=\"margin-bottom: .0001pt;margin: 0cm;text-align: center\"><b><span style=\"color: #333333;font-size: 10.0pt\">Neptuno &#8211; Bolsa &#8211; Banco de Espa\u00f1a &#8211; Plaza Emilio Castelar (Comisi\u00f3n Europea)<\/span><\/b><b><span style=\"color: #333333;font-size: 15.0pt\"><\/span><\/b><\/div>\n<div align=\"center\" style=\"margin-bottom: .0001pt;margin: 0cm;text-align: center\"><b><span style=\"color: #333333;font-size: 10.0pt\"><br \/><\/span><\/b><\/div>\n<div align=\"center\" style=\"margin-bottom: .0001pt;margin: 0cm;text-align: center\"><b><span style=\"color: #333333;font-size: 10.0pt\"><br \/><\/span><\/b><\/div>\n<div style=\"margin-bottom: .0001pt;margin: 0cm\"><b><span style=\"color: #333333;font-size: 15.0pt\">[<a href=\"https:\/\/www.facebook.com\/events\/156092877899658\/\" target=\"_blank\" rel=\"noopener noreferrer\">Manifestaci\u00f3n: Pueblos Unidos contra la Troika en Madrid<\/a>]<\/span><\/b><\/div>\n<div style=\"margin-bottom: .0001pt;margin: 0cm\"><b><span style=\"color: #333333;font-size: 15.0pt\"><br \/><\/span><\/b><\/div>\n<div style=\"clear: both;text-align: center\"><a href=\"http:\/\/cobasindra.org\/wp-content\/uploads\/2013\/06\/espanolesprotesta.jpg\" style=\"clear: left;float: left;margin-bottom: 1em;margin-right: 1em\"><img loading=\"lazy\" decoding=\"async\" border=\"0\" height=\"191\" src=\"http:\/\/cobasindra.org\/wp-content\/uploads\/2013\/06\/espanolesprotesta.jpg\" width=\"320\" \/><\/a><\/div>\n<div style=\"border: 0px;color: #333333;font-family: Georgia, Cambria, 'Times New Roman', Times, serif;font-size: 14px;line-height: 20px;margin-bottom: 15px;margin-top: 15px;padding: 0px;text-align: justify\"><a href=\"http:\/\/www.cnnexpansion.com\/economia\/2013\/06\/01\/europeos-protestan-contra-austericidio\" target=\"_blank\" rel=\"noopener noreferrer\">CNNExpansi\u00f3n<\/a>. M\u00faltiples manifestaciones contra las medidas de austeridad tuvieron lugar este s\u00e1bado en ciudades europeas como Madrid y Lisboa.<\/div>\n<div style=\"border: 0px;color: #333333;font-family: Georgia, Cambria, 'Times New Roman', Times, serif;font-size: 14px;line-height: 20px;margin-bottom: 15px;margin-top: 15px;padding: 0px;text-align: justify\">Los inconformes rechazan las reducciones presupuestarias que, seg\u00fan sostienen, han empeorado la crisis financiera al frenar el crecimiento y aumentar el desempleo.<\/div>\n<div style=\"border: 0px;color: #333333;font-family: Georgia, Cambria, 'Times New Roman', Times, serif;font-size: 14px;line-height: 20px;margin-bottom: 15px;margin-top: 15px;padding: 0px;text-align: justify\">Miles de personas marcharon hacia el centro de Madrid, a la Plaza de Neptuno, cerca del Parlamento, al grito de \u00ab\u00a1Gobierno dimite!\u00bb, mientras que unas 15,000 personas se congregaron en Lisboa ante la delegaci\u00f3n del Fondo Monetario Internacional (FMI) al grito de \u00ab\u00a1FMI, fuera de aqu\u00ed!\u00bb<\/div>\n<div style=\"border: 0px;color: #333333;font-family: Georgia, Cambria, 'Times New Roman', Times, serif;font-size: 14px;line-height: 20px;margin-bottom: 15px;margin-top: 15px;padding: 0px;text-align: justify\"><a href=\"http:\/\/www.cnnexpansion.com\/economia\/2012\/11\/06\/la-economia-de-espana-crecera-hasta-2014\" target=\"_blank\" rel=\"noopener noreferrer\"><span style=\"color: #003366\">Espa\u00f1a se encuentra en recesi\u00f3n desde hace cuatro a\u00f1os<\/span><\/a>&nbsp;y cuenta con un \u00edndice de desempleo del 27.2%. Entre los j\u00f3venes espa\u00f1oles menores de 25 a\u00f1os, el \u00edndice de paro es el doble.<\/div>\n<div style=\"border: 0px;color: #333333;font-family: Georgia, Cambria, 'Times New Roman', Times, serif;font-size: 14px;line-height: 20px;margin-bottom: 15px;margin-top: 15px;padding: 0px;text-align: justify\">Portugal prometi\u00f3 reducir su deuda soberana a cambio de un cr\u00e9dito de contingencia de 78,000 millones de euros (101,000 millones de d\u00f3lares) hace dos a\u00f1os.<\/div>\n<div style=\"border: 0px;color: #333333;font-family: Georgia, Cambria, 'Times New Roman', Times, serif;font-size: 14px;line-height: 20px;margin-bottom: 15px;margin-top: 15px;padding: 0px;text-align: justify\">Cientos de personas protestaron en Madrid ante la sede de la Comisi\u00f3n Europea (CE).<\/div>\n<div style=\"border: 0px;color: #333333;font-family: Georgia, Cambria, 'Times New Roman', Times, serif;font-size: 14px;line-height: 20px;margin-bottom: 15px;margin-top: 15px;padding: 0px;text-align: justify\">Bajo el lema \u00abPueblos Unidos contra la Troika\u00bb, la manifestaci\u00f3n fue una de las 40 realizadas en ciudades espa\u00f1olas y las 80 en total a nivel internacional contra el \u00abaustericidio\u00bb, como se le denomina a la pol\u00edtica de austeridad econ\u00f3mica impuesta por instituciones como el FMI.<\/div>\n<div style=\"border: 0px;color: #333333;font-family: Georgia, Cambria, 'Times New Roman', Times, serif;font-size: 14px;line-height: 20px;margin-bottom: 15px;margin-top: 15px;padding: 0px;text-align: justify\">Participaron diferentes grupos de la llamada \u00abMarea Ciudadana\u00bb, formada por los empleados p\u00fablicos que protestan por los recortes de gasto y los despidos, miembros del movimiento 15-M y diversas agrupaciones de izquierda.<\/div>\n<div style=\"border: 0px;color: #333333;font-family: Georgia, Cambria, 'Times New Roman', Times, serif;font-size: 14px;line-height: 20px;margin-bottom: 15px;margin-top: 15px;padding: 0px;text-align: justify\">En declaraciones a la prensa, el coordinador general de la coalici\u00f3n Izquierda Unida, Cayo Lara, dijo que la protesta es \u00abuna respuesta de la calle\u00bb de la ciudadan\u00eda por las pol\u00edticas de la CE en Espa\u00f1a.<\/div>\n<div style=\"border: 0px;color: #333333;font-family: Georgia, Cambria, 'Times New Roman', Times, serif;font-size: 14px;line-height: 20px;margin-bottom: 15px;margin-top: 15px;padding: 0px;text-align: justify\">Lara estuvo acompa\u00f1ado del l\u00edder de la coalici\u00f3n de Izquierda Radical en Grecia, Siryza, Alexis Tsipras, quien este fin de semana realiza una visita a Espa\u00f1a para hablar sobre la situaci\u00f3n de su pa\u00eds bajo el rescate financiero que gestiona la Troika.<\/div>\n","protected":false},"excerpt":{"rendered":"<div class=\"mh-excerpt\">Pueblos Unidos contra la Troika: Manifestaci\u00f3n Internacional 1 de junio Marea Europea Contra los recortes y por una verdadera Democracia. Neptuno &#8211; Bolsa &#8211; Banco de Espa\u00f1a &#8211; Plaza Emilio Castelar (Comisi\u00f3n Europea) [Manifestaci\u00f3n: Pueblos <a class=\"mh-excerpt-more\" href=\"https:\/\/www.sitescobas.es\/indra\/2013\/06\/02\/manifestacion-1-junio-pueblos-unidos-contra-la-troika\/\" title=\"Manifestaci\u00f3n 1 Junio Pueblos Unidos contra la Troika\">[&#8230;]<\/a><\/div>\n","protected":false},"author":2,"featured_media":208,"comment_status":"open","ping_status":"closed","sticky":false,"template":"","format":"standard","meta":{"_kadence_starter_templates_imported_post":false,"footnotes":""},"categories":[29],"tags":[27],"class_list":{"0":"post-82","1":"post","2":"type-post","3":"status-publish","4":"format-standard","5":"has-post-thumbnail","7":"category-sociedad","8":"tag-protesta"},"_links":{"self":[{"href":"https:\/\/www.sitescobas.es\/indra\/wp-json\/wp\/v2\/posts\/82","targetHints":{"allow":["GET"]}}],"collection":[{"href":"https:\/\/www.sitescobas.es\/indra\/wp-json\/wp\/v2\/posts"}],"about":[{"href":"https:\/\/www.sitescobas.es\/indra\/wp-json\/wp\/v2\/types\/post"}],"author":[{"embeddable":true,"href":"https:\/\/www.sitescobas.es\/indra\/wp-json\/wp\/v2\/users\/2"}],"replies":[{"embeddable":true,"href":"https:\/\/www.sitescobas.es\/indra\/wp-json\/wp\/v2\/comments?post=82"}],"version-history":[{"count":0,"href":"https:\/\/www.sitescobas.es\/indra\/wp-json\/wp\/v2\/posts\/82\/revisions"}],"wp:featuredmedia":[{"embeddable":true,"href":"https:\/\/www.sitescobas.es\/indra\/wp-json\/"}],"wp:attachment":[{"href":"https:\/\/www.sitescobas.es\/indra\/wp-json\/wp\/v2\/media?parent=82"}],"wp:term":[{"taxonomy":"category","embeddable":true,"href":"https:\/\/www.sitescobas.es\/indra\/wp-json\/wp\/v2\/categories?post=82"},{"taxonomy":"post_tag","embeddable":true,"href":"https:\/\/www.sitescobas.es\/indra\/wp-json\/wp\/v2\/tags?post=82"}],"curies":[{"name":"wp","href":"https:\/\/api.w.org\/{rel}","templated":true}]}}