{"id":80,"date":"2013-06-04T11:22:00","date_gmt":"2013-06-04T11:22:00","guid":{"rendered":"http:\/\/pruebas.cobasindra.org\/?p=80"},"modified":"2013-06-04T11:22:00","modified_gmt":"2013-06-04T11:22:00","slug":"la-oit-critica-la-reforma-laboral-y-defiende-el-salario-minimo","status":"publish","type":"post","link":"https:\/\/www.sitescobas.es\/indra\/2013\/06\/04\/la-oit-critica-la-reforma-laboral-y-defiende-el-salario-minimo\/","title":{"rendered":"La OIT critica la reforma laboral y defiende el salario m\u00ednimo"},"content":{"rendered":"<div style=\"clear: both;text-align: center\"><a href=\"http:\/\/cobasindra.org\/wp-content\/uploads\/2013\/06\/sede_oit.jpg\" style=\"clear: left;float: left;margin-bottom: 1em;margin-right: 1em\"><img loading=\"lazy\" decoding=\"async\" border=\"0\" height=\"221\" src=\"http:\/\/cobasindra.org\/wp-content\/uploads\/2013\/06\/sede_oit.jpg\" width=\"400\" \/><\/a><\/div>\n<div style=\"border: 0px;color: #333333;font-family: Georgia, Cambria, 'Times New Roman', Times, serif;font-size: 14px;line-height: 20px;margin-bottom: 15px;margin-top: 15px;padding: 0px;text-align: justify\">El Informe sobre el Trabajo en el Mundo que publica cada a\u00f1o la OIT no escatima en cr\u00edticas a la reforma laboral espa\u00f1ola, y en general a las pol\u00edticas del Gobierno. Aunque el lenguaje es diplom\u00e1tico, la instituci\u00f3n deja claro que la reforma puede hundir el consumo y aumentar la pobreza, y que no incluye medidas adicionales de apoyo a los parados. Adem\u00e1s, dice la instituci\u00f3n que Espa\u00f1a \u00abnecesita un dise\u00f1o m\u00e1s amplio de su pol\u00edtica econ\u00f3mica\u00bb, porque no da al empleo la relevancia que deber\u00eda.<\/div>\n<div style=\"border: 0px;color: #333333;font-family: Georgia, Cambria, 'Times New Roman', Times, serif;font-size: 14px;line-height: 20px;margin-bottom: 15px;margin-top: 15px;padding: 0px;text-align: justify\">El resumen referido a Espa\u00f1a incluido en el&nbsp;<i style=\"background-color: transparent;border: 0px;margin: 0px;padding: 0px\"><a href=\"http:\/\/www.ilo.org\/global\/research\/global-reports\/world-of-work\/lang--es\/index.htm\" target=\"_blank\" rel=\"noopener noreferrer\">Informe sobre el Trabajo en el Mundo 2013<\/a><\/i>&nbsp;empieza repasando las cifras de desempleo y precariedad, para luego sacar conclusiones. Entre ellas, que \u00ablas pol\u00edticas macroecon\u00f3micas han afectado seriamente al empleo y al crecimiento econ\u00f3mico\u00bb. En concreto, dice que los \u00abimportantes recortes\u00bb en los salarios, en la inversi\u00f3n p\u00fablica y en general las \u00abmedidas de consolidaci\u00f3n fiscal cada vez m\u00e1s exigentes\u00bb \u00abhan tenido un impacto muy negativo sobre la econom\u00eda espa\u00f1ola\u00bb.<\/div>\n<div style=\"border: 0px;color: #333333;font-family: Georgia, Cambria, 'Times New Roman', Times, serif;font-size: 14px;line-height: 20px;margin-bottom: 15px;margin-top: 15px;padding: 0px;text-align: justify\">En este sentido, la OIT aboga para Espa\u00f1a por \u00abun dise\u00f1o m\u00e1s amplio de su pol\u00edtica econ\u00f3mica, poniendo al empleo al mismo nivel de relevancia del resto de objetivos macroecon\u00f3micos\u00bb. Tambi\u00e9n insiste en la importancia de que el cr\u00e9dito vuelva a fluir: \u00abNo habr\u00e1 recuperaci\u00f3n econ\u00f3mica a menos que se reanude el cr\u00e9dito a las pyme\u00bb. En este sentido proponen varias medidas como dar liquidez a los bancos que se dirija directamente a financiar a las pyme o aumentar el n\u00famero de mediadores que toman en consideraci\u00f3n peticiones de cr\u00e9dito no atendidas por los bancos.<\/div>\n<div style=\"border: 0px;color: #333333;font-family: Georgia, Cambria, 'Times New Roman', Times, serif;font-size: 14px;line-height: 20px;margin-bottom: 15px;margin-top: 15px;padding: 0px;text-align: justify\">Pero donde es m\u00e1s duro el informe es con la reforma laboral de 2012. Dice que \u00abhay todav\u00eda poca informaci\u00f3n estad\u00edstica\u00bb para evaluar su impacto, pero subraya que la \u00abflexibilidad salarial\u00bb que propicia puede ser contraproducente: \u00abEn medio de la actual situaci\u00f3n supone un riesgo a\u00f1adido de deprimir a\u00fan m\u00e1s la demanda agregada y el empleo, dificultando en \u00faltimo t\u00e9rmino el ajuste fiscal e incrementando la pobreza\u00bb. Como receta contra esto, propone \u00abun di\u00e1logo social renovado\u00bb.<\/div>\n<div style=\"border: 0px;color: #333333;font-family: Georgia, Cambria, 'Times New Roman', Times, serif;font-size: 14px;line-height: 20px;margin-bottom: 15px;margin-top: 15px;padding: 0px;text-align: justify\">Adem\u00e1s, dice que los cambios introducidos por la reforma \u00abadolecen de medidas de apoyo adicionales para los desempleados\u00bb. En este sentido, aconseja dar un \u00abpapel fundamental\u00bb a los servicios p\u00fablicos de empleo, e impulsar \u00abnuevas y m\u00e1s eficaces pol\u00edticas activas\u00bb.<\/div>\n<h4 style=\"border: 0px;color: #333333;font-family: Georgia, Cambria, 'Times New Roman', Times, serif;font-size: 14px;line-height: 1.2;margin: 15px 0px;padding: 0px;text-align: justify\"><i style=\"background-color: transparent;border: 0px;margin: 0px;padding: 0px\">Defiende el salario m\u00ednimo<\/i><\/h4>\n<div style=\"border: 0px;color: #333333;font-family: Georgia, Cambria, 'Times New Roman', Times, serif;font-size: 14px;line-height: 20px;margin-bottom: 15px;margin-top: 15px;padding: 0px;text-align: justify\">El informe de la OIT dedica tambi\u00e9n uno de sus cinco cap\u00edtulos a la importancia del salario m\u00ednimo para \u00abreequilibrar la econom\u00eda\u00bb. Y las recomendaciones de la OIT van en sentido directamente contrario a las del Banco de Espa\u00f1a, que la semana pasada aconsejaba que ciertos colectivos pudiesen cobrar salarios por debajo del m\u00ednimo. Por el contrario, la organizaci\u00f3n internacional cree que unos salarios m\u00ednimos bien dise\u00f1ados y universales pueden ser \u00abuna potente herramienta\u00bb para \u00abcapear la crisis\u00bb.<\/div>\n<div style=\"border: 0px;color: #333333;font-family: Georgia, Cambria, 'Times New Roman', Times, serif;font-size: 14px;line-height: 20px;margin-bottom: 15px;margin-top: 15px;padding: 0px;text-align: justify\">Dice la OIT que el salario m\u00ednimo puede jugar un papel clave precisamente para salir de la recesi\u00f3n: \u00abLa transferencia de recursos a los trabajadores de menores ingresos puede contribuir al apuntalamiento del consumo de los hogares y de la demanda agregada\u00bb, es decir, a animar la econom\u00eda, algo \u00abespecialmente importante en tiempos de crisis\u00bb. Pone como ejemplo a los pa\u00edses de Am\u00e9rica Latina, que han seguido una pol\u00edtica de aumentar el papel del salario m\u00ednimo, uno de los ingredientes \u2013dice la OIT\u2013 \u00abque ha evitado que esas econom\u00edas cayesen en recesi\u00f3n a pesar del retroceso de las exportaciones\u00bb.<\/div>\n<div style=\"border: 0px;color: #333333;font-family: Georgia, Cambria, 'Times New Roman', Times, serif;font-size: 14px;line-height: 20px;margin-bottom: 15px;margin-top: 15px;padding: 0px;text-align: justify\">La OIT subraya especialmente que la cobertura del salario m\u00ednimo, cuanto m\u00e1s amplia, mejor: \u00abuna cobertura parcial reduce la efectividad del salario m\u00ednimo como herramienta de gesti\u00f3n de la demanda. Adem\u00e1s, provoca el riesgo de competencia desleal entre empresas y sectores\u00bb. Precisamente es por la cobertura parcial por lo que abogaba el Banco de Espa\u00f1a en su informe anual del pasado viernes.<\/div>\n<div style=\"border: 0px;color: #333333;font-family: Georgia, Cambria, 'Times New Roman', Times, serif;font-size: 14px;line-height: 20px;margin-bottom: 15px;margin-top: 15px;padding: 0px;text-align: justify\"><i>fuente<\/i>: <a href=\"http:\/\/www.cadenaser.com\/economia\/articulo\/oit-critica-reforma-laboral-defiende-salario-minimo\/csrcsrpor\/20130603csrcsreco_7\/Tes\" target=\"_blank\" rel=\"noopener noreferrer\">OIT-Espa\u00f1a.cadenaser.com<\/a><\/div>\n<div style=\"text-align: justify\"><\/div>\n","protected":false},"excerpt":{"rendered":"<div class=\"mh-excerpt\">El Informe sobre el Trabajo en el Mundo que publica cada a\u00f1o la OIT no escatima en cr\u00edticas a la reforma laboral espa\u00f1ola, y en general a las pol\u00edticas del Gobierno. Aunque el lenguaje es <a class=\"mh-excerpt-more\" href=\"https:\/\/www.sitescobas.es\/indra\/2013\/06\/04\/la-oit-critica-la-reforma-laboral-y-defiende-el-salario-minimo\/\" title=\"La OIT critica la reforma laboral y defiende el salario m\u00ednimo\">[&#8230;]<\/a><\/div>\n","protected":false},"author":2,"featured_media":207,"comment_status":"open","ping_status":"closed","sticky":false,"template":"","format":"standard","meta":{"_kadence_starter_templates_imported_post":false,"footnotes":""},"categories":[29],"tags":[31],"class_list":{"0":"post-80","1":"post","2":"type-post","3":"status-publish","4":"format-standard","5":"has-post-thumbnail","7":"category-sociedad","8":"tag-internacional"},"_links":{"self":[{"href":"https:\/\/www.sitescobas.es\/indra\/wp-json\/wp\/v2\/posts\/80","targetHints":{"allow":["GET"]}}],"collection":[{"href":"https:\/\/www.sitescobas.es\/indra\/wp-json\/wp\/v2\/posts"}],"about":[{"href":"https:\/\/www.sitescobas.es\/indra\/wp-json\/wp\/v2\/types\/post"}],"author":[{"embeddable":true,"href":"https:\/\/www.sitescobas.es\/indra\/wp-json\/wp\/v2\/users\/2"}],"replies":[{"embeddable":true,"href":"https:\/\/www.sitescobas.es\/indra\/wp-json\/wp\/v2\/comments?post=80"}],"version-history":[{"count":0,"href":"https:\/\/www.sitescobas.es\/indra\/wp-json\/wp\/v2\/posts\/80\/revisions"}],"wp:featuredmedia":[{"embeddable":true,"href":"https:\/\/www.sitescobas.es\/indra\/wp-json\/wp\/v2\/menu-items\/207"}],"wp:attachment":[{"href":"https:\/\/www.sitescobas.es\/indra\/wp-json\/wp\/v2\/media?parent=80"}],"wp:term":[{"taxonomy":"category","embeddable":true,"href":"https:\/\/www.sitescobas.es\/indra\/wp-json\/wp\/v2\/categories?post=80"},{"taxonomy":"post_tag","embeddable":true,"href":"https:\/\/www.sitescobas.es\/indra\/wp-json\/wp\/v2\/tags?post=80"}],"curies":[{"name":"wp","href":"https:\/\/api.w.org\/{rel}","templated":true}]}}