{"id":77,"date":"2013-06-21T07:19:00","date_gmt":"2013-06-21T07:19:00","guid":{"rendered":"http:\/\/pruebas.cobasindra.org\/?p=77"},"modified":"2013-06-21T07:19:00","modified_gmt":"2013-06-21T07:19:00","slug":"junta-general-de-accionistas-2013","status":"publish","type":"post","link":"https:\/\/www.sitescobas.es\/indra\/2013\/06\/21\/junta-general-de-accionistas-2013\/","title":{"rendered":"JUNTA GENERAL DE ACCIONISTAS 2013"},"content":{"rendered":"<div style=\"margin-bottom: .0001pt;margin-bottom: 0cm;text-align: justify\">\n<div style=\"clear: both;text-align: center\"><a href=\"http:\/\/ifbic.infobolsanet.com\/graficos\/IFBgetchart.dll?GetChart?LAN=SP&amp;MV=M%20IDR%20%20&amp;TR=1Y&amp;UN=INFOBOLSA08_02&amp;WIDTH=580&amp;HEIGHT=400&amp;CHARTYPE=5&amp;TH=N&amp;I=0181________\" style=\"clear: left;float: left;margin-bottom: 1em;margin-right: 1em\"><img loading=\"lazy\" decoding=\"async\" border=\"0\" height=\"220\" src=\"http:\/\/ifbic.infobolsanet.com\/graficos\/IFBgetchart.dll?GetChart?LAN=SP&amp;MV=M%20IDR%20%20&amp;TR=1Y&amp;UN=INFOBOLSA08_02&amp;WIDTH=580&amp;HEIGHT=400&amp;CHARTYPE=5&amp;TH=N&amp;I=0181________\" width=\"320\" \/><\/a><\/div>\n<p>La Junta de Accionistas es la cita anual m\u00e1s importante para cualquier gran empresa. En ella se presentan resultados econ\u00f3micos del ejercicio anterior, se anuncia la buena marcha del negocio, se genera confianza en los nuevos proyectos y se muestra la mejor imagen de sus directivos.<\/p><\/div>\n<div style=\"text-align: justify\">En la Junta se aprueban las retribuciones de la alta direcci\u00f3n y consejeros delegados, se autorizan las indemnizaciones y las pensiones devengadas a los altos ejecutivos. <\/div>\n<div style=\"text-align: justify\"><\/div>\n<div style=\"text-align: justify\">Es el momento tambi\u00e9n de que los accionistas y directivos conozcan la parte que no aparece nunca en los libros: la evoluci\u00f3n salarial de trabajadores y trabajadoras, el descontento de los empleados, y las reivindicaciones de los profesionales que sustentan la buena marcha de la compa\u00f1\u00eda. Deber\u00e1n conocer igualmente los despidos improcedentes sucedidos en el \u00faltimo a\u00f1o, que adem\u00e1s no se comunican a la representaci\u00f3n de los trabajadores, y las continuas denuncias a inspecci\u00f3n de trabajo por incumplimiento de la legislaci\u00f3n laboral.<\/div>\n<div style=\"text-align: justify\"><\/div>\n<div style=\"text-align: justify\">Tenemos que hacerles ver a directivos, consejeros y accionistas, que las cuentas, los emolumentos de los ejecutivos, los planes empresariales no se pueden aprobar alegremente sin pensar en la incidencia negativa que puedan tener en los trabajadores y trabajadoras. Queremos poner de manifiesto, adem\u00e1s, la responsabilidad que tienen ante la sociedad, de no generar m\u00e1s paro, de que no decaiga el consumo \u2013debido a las rebajas salariales-, y de tener en plantilla a los mejores profesionales, contentos, fieles a su empresa y bien pagados\u2026 lo mismo que quieren para ellos. &nbsp;<\/div>\n<div style=\"text-align: justify\">&nbsp;&nbsp;&nbsp;&nbsp;<\/div>\n<div style=\"text-align: justify\">Cobas y los representantes de los trabajadores de esta secci\u00f3n sindical en INDRA nos vamos a manifestar el pr\u00f3ximo <b>27 de junio de 2013 de 12:00 a 14:00 en la puerta de Arroyo de la Vega<\/b> para defender, en el d\u00eda m\u00e1s medi\u00e1tico de la empresa, el mantenimiento del empleo y del poder adquisitivo no s\u00f3lo para los altos ejecutivos sino para toda la plantilla. Tambi\u00e9n intervendremos en la Junta de Accionistas con la lectura de un escrito com\u00fan apoyado por Comit\u00e9s de Empresa en distintos centros de trabajo de INDRA.<\/div>\n<div style=\"text-align: justify\">Invitamos a esta concentraci\u00f3n a todos los que os pod\u00e1is sumar dentro de este horario. <\/div>\n<div><\/div>\n<div>Noticias relacionadas:<\/div>\n<div style=\"background-color: #f3f3f3;background-position: initial initial;margin: 9pt 0cm 6pt\"><span style=\"color: #222222;font-size: 14.0pt\"><a href=\"http:\/\/pruebas.cobasindra.org\/?p=84\"><span style=\"color: #ff3243;text-decoration: none\">La brecha salarial. Javier Monz\u00f3n y directivos del IBEX en defensa de las retribuciones de los ejecutivos.<\/span><\/a><\/span><\/div>\n<div style=\"margin-bottom: .0001pt;margin-bottom: 0cm\"><\/div>\n<h3 style=\"background: #F3F3F3;margin-bottom: .0001pt;margin: 0cm\"><span style=\"color: #222222;font-size: 14.0pt;font-weight: normal\"><a href=\"http:\/\/pruebas.cobasindra.org\/?p=94\"><span style=\"color: #1d6300;text-decoration: none\">El finiquito del vicepresidente de Indra fue de 9,1 millones de euros<\/span><\/a><\/span><\/h3>\n<div style=\"margin-bottom: .0001pt;margin-bottom: 0cm\"><\/div>\n<h3 style=\"background: #F3F3F3;margin-bottom: .0001pt;margin-bottom: 0cm;margin-left: 0cm;margin-right: 0cm;margin-top: 9.0pt\"><span style=\"color: #222222;font-size: 14.0pt;font-weight: normal\"><a href=\"http:\/\/pruebas.cobasindra.org\/?p=97\"><span style=\"color: #1d6300;text-decoration: none\">Subida colectiva 2013<\/span><\/a><\/span><\/h3>\n<div><\/div>\n<div><strong><span>Co.Bas es tu Opci\u00f3n<\/span><\/strong><\/div>\n<div>&nbsp;<b>Sindicato <span style=\"color: #cc0000\">CoBas<\/span>en INDRA Sistemas<\/b><\/div>\n<div><a href=\"mailto:cobas.indramadrid@cobas.org\" target=\"_blank\" rel=\"noopener noreferrer\">cobas.indramadrid@cobas.org<\/a><\/div>\n<p><\/p>\n","protected":false},"excerpt":{"rendered":"<div class=\"mh-excerpt\">La Junta de Accionistas es la cita anual m\u00e1s importante para cualquier gran empresa. En ella se presentan resultados econ\u00f3micos del ejercicio anterior, se anuncia la buena marcha del negocio, se genera confianza en los <a class=\"mh-excerpt-more\" href=\"https:\/\/www.sitescobas.es\/indra\/2013\/06\/21\/junta-general-de-accionistas-2013\/\" title=\"JUNTA GENERAL DE ACCIONISTAS 2013\">[&#8230;]<\/a><\/div>\n","protected":false},"author":2,"featured_media":0,"comment_status":"open","ping_status":"closed","sticky":false,"template":"","format":"standard","meta":{"_kadence_starter_templates_imported_post":false,"footnotes":""},"categories":[13],"tags":[36,27],"class_list":{"0":"post-77","1":"post","2":"type-post","3":"status-publish","4":"format-standard","6":"category-cobas-indra","7":"tag-junta-accionistas","8":"tag-protesta"},"_links":{"self":[{"href":"https:\/\/www.sitescobas.es\/indra\/wp-json\/wp\/v2\/posts\/77","targetHints":{"allow":["GET"]}}],"collection":[{"href":"https:\/\/www.sitescobas.es\/indra\/wp-json\/wp\/v2\/posts"}],"about":[{"href":"https:\/\/www.sitescobas.es\/indra\/wp-json\/wp\/v2\/types\/post"}],"author":[{"embeddable":true,"href":"https:\/\/www.sitescobas.es\/indra\/wp-json\/wp\/v2\/users\/2"}],"replies":[{"embeddable":true,"href":"https:\/\/www.sitescobas.es\/indra\/wp-json\/wp\/v2\/comments?post=77"}],"version-history":[{"count":0,"href":"https:\/\/www.sitescobas.es\/indra\/wp-json\/wp\/v2\/posts\/77\/revisions"}],"wp:attachment":[{"href":"https:\/\/www.sitescobas.es\/indra\/wp-json\/wp\/v2\/media?parent=77"}],"wp:term":[{"taxonomy":"category","embeddable":true,"href":"https:\/\/www.sitescobas.es\/indra\/wp-json\/wp\/v2\/categories?post=77"},{"taxonomy":"post_tag","embeddable":true,"href":"https:\/\/www.sitescobas.es\/indra\/wp-json\/wp\/v2\/tags?post=77"}],"curies":[{"name":"wp","href":"https:\/\/api.w.org\/{rel}","templated":true}]}}