{"id":747,"date":"2015-07-13T18:11:00","date_gmt":"2015-07-13T16:11:00","guid":{"rendered":"http:\/\/cobasindra.org\/?p=747"},"modified":"2015-07-13T18:11:00","modified_gmt":"2015-07-13T16:11:00","slug":"martes-14-j-1930h-pza-espana-callao-recuperemos-los-derechos-de-la-clase-obrera","status":"publish","type":"post","link":"https:\/\/www.sitescobas.es\/indra\/2015\/07\/13\/martes-14-j-1930h-pza-espana-callao-recuperemos-los-derechos-de-la-clase-obrera\/","title":{"rendered":"Martes 14-J 19:30h. Pza. Espa\u00f1a-Callao RECUPEREMOS LOS DERECHOS DE LA CLASE OBRERA"},"content":{"rendered":"<p style=\"text-align: center\"><span style=\"color: #ff0000\"><strong>MANIFESTACI\u00d3N DE TRABAJADORAS\/ES EN LUCHA<\/strong><\/span><\/p>\n<p style=\"text-align: center\"><span style=\"color: #ff0000\"><strong>MARTES 14 DE JULIO A LAS 19:30<\/strong><\/span><\/p>\n<p style=\"text-align: center\"><span style=\"color: #ff0000\"><strong>Pza. de Espa\u00f1a &#8211; Callao<\/strong><\/span><\/p>\n<p style=\"text-align: center\"><strong><span style=\"color: #ff0000\">\u00abRECUPEREMOS LOS DERECHOS DE LA CLASE OBRERA\u00bb<\/span><br \/>\n<\/strong><\/p>\n<p style=\"text-align: center\"><strong><span style=\"color: #ff0000\">co.bas<\/span> se suma a la manifestaci\u00f3n, en apoyo a l@s compa\u00f1er@s de <span style=\"color: #ff0000\">Indra<\/span> y todas las empresas en lucha<br \/>\n<\/strong><\/p>\n<p>\u00a0<a href=\"http:\/\/cobasindra.org\/wp-content\/uploads\/2015\/07\/empresas-en-lucha.jpg\"><img loading=\"lazy\" decoding=\"async\" class=\"aligncenter size-large wp-image-748\" src=\"http:\/\/cobasindra.org\/wp-content\/uploads\/2015\/07\/empresas-en-lucha-1021x1024.jpg\" alt=\"empresas-en-lucha\" width=\"695\" height=\"697\" \/><\/a><\/p>\n<p>&nbsp;<\/p>\n<p><strong>Texto del Manifiesto de la plataforma #UnificandoLasLuchas:<br \/>\n<\/strong><\/p>\n<p><strong>\u00a0\u00a1RECUPEREMOS LOS DERECHOS ROBADOS A LA CLASE OBRERA!<\/strong><\/p>\n<p>La plataforma #Unificandolasluchas que agrupa diversos conflictos y luchas laborales volvemos a salir a la calle para, en primer lugar, \u00a0demostrar que la concentraci\u00f3n de Sol no fue un acto aislado sino el comienzo de una firme lucha basada en la unidad de acci\u00f3n contra distintos patrones pero un mismo enemigo, el capital y su sistema injusto de explotaci\u00f3n y segundo para lograr que el conjunto de la clase obrera, tanto en activo como a parados, se unan a nosotrxs a exigir que nos devuelvan todos los derechos robados durante d\u00e9cadas a base de reformas laborales, pactos, estatutos y convenios.<\/p>\n<p>Sabemos que los derechos arrebatados no los vamos a recuperar por el simple hecho de pedirlos en una manifestaci\u00f3n, tampoco tenemos confianza en recuperarlos en ning\u00fan parlamento o mediante \u00a0ley alguna. Tenemos claro que solo se los vamos a arrancar de la misma manera de c\u00f3mo los conquistamos, a base de unidad, de solidaridad, de esfuerzo y sobre todo de lucha. Una unidad y una lucha que deben de comenzar ya mismo si no queremos que la apisonadora capitalista nos acabe pasando por encima, pis\u00e1ndonos los pocos \u201cderechos\u201d, si a\u00fan se pueden llamar as\u00ed, que nos quedan.<\/p>\n<p>Tambi\u00e9n tenemos claro quien son los culpables: la oligarqu\u00eda, la patronal, los partidos fascistas y burgueses, la izquierda parlamentaria traidora y las sucesivas traiciones sindicales necesarias para darle a todo un toque de legalidad \u201cdemocr\u00e1tica\u201d. Es decir entendemos que no es un problema laboral o sindical solamente sino que es pol\u00edtico, todo esto es consecuencia del sistema econ\u00f3mico que padecemos, el capitalismo, y del r\u00e9gimen pol\u00edtico continuista de franquismo, que tras la falsa transici\u00f3n fu\u00e9 \u201ccreado\u201d en el 78, que lo defiende. Por lo tanto si tenemos claro los culpables, las causas y la forma de conseguirlos solo nos queda \u201cmeternos al tajo\u201d y empezar a caminar y este es el objetivo de esta manifestaci\u00f3n.<\/p>\n<p>Estamos hartxs de despidos, de paro, de EREs, de precariedad, de abusos, de sueldos miserables, de ETTs, de jornadas interminables, de impagos, de accidentes laborales, etc, etc. y exigimos la revocaci\u00f3n de las sucesivas reformas laborales, en especial de la ultima, la firma de un nuevo estatuto de los trabajadores, la firma de unos convenios m\u00e1s justos, en definitiva exigimos TRABAJO DIGNO PARA TODXS.<\/p>\n<p>Tambi\u00e9n queremos que este acto sirva, aparte de su objetivo principal que es fortalecer la coordinaci\u00f3n y la uni\u00f3n de las luchas, para apoyar e ir calentando motores de cara a la jornada de lucha preparada por las Marchas de la Dignidad para el 22 de Octubre en la que participaremos de forma activa. Hay que mantener alto el nivel reivindicativo hasta esa fecha y demostrar que nos han quitado tanto que nos han quitado hasta el miedo y que ya no tenemos nada que perder salvo las cadenas. No es hora de lamentarse, ni siquiera de quejarse, ES HORA DE LUCHAR.<\/p>\n<p align=\"center\"><strong>\u00a1\u00a1SI NOS TOCAN A UNO NOS TOCAN A TODAS!!<br \/>\n<\/strong><\/p>\n<p align=\"center\"><strong>\u00a1\u00a1LA LUCHA ES EL \u00daNICO CAMINO!!<br \/>\n<\/strong><\/p>\n<p align=\"center\"><strong>\u00a1\u00a1CONTRA LA OFENSIVA DEL CAPITAL, UNIDAD OBRERA Y POPULAR!!<\/strong><\/p>\n<p align=\"center\"><strong>\u00a1\u00a1ABAJO EL R\u00c9GIMEN!!<\/strong><\/p>\n<p align=\"center\"><strong>#UNIFICANDOLASLUCHAS<\/strong><\/p>\n","protected":false},"excerpt":{"rendered":"<div class=\"mh-excerpt\">MANIFESTACI\u00d3N DE TRABAJADORAS\/ES EN LUCHA MARTES 14 DE JULIO A LAS 19:30 Pza. de Espa\u00f1a &#8211; Callao \u00abRECUPEREMOS LOS DERECHOS DE LA CLASE OBRERA\u00bb co.bas se suma a la manifestaci\u00f3n, en apoyo a l@s compa\u00f1er@s <a class=\"mh-excerpt-more\" href=\"https:\/\/www.sitescobas.es\/indra\/2015\/07\/13\/martes-14-j-1930h-pza-espana-callao-recuperemos-los-derechos-de-la-clase-obrera\/\" title=\"Martes 14-J 19:30h. Pza. Espa\u00f1a-Callao RECUPEREMOS LOS DERECHOS DE LA CLASE OBRERA\">[&#8230;]<\/a><\/div>\n","protected":false},"author":2,"featured_media":0,"comment_status":"open","ping_status":"closed","sticky":false,"template":"","format":"standard","meta":{"_kadence_starter_templates_imported_post":false,"footnotes":""},"categories":[13],"tags":[44,32,45,27,26],"class_list":{"0":"post-747","1":"post","2":"type-post","3":"status-publish","4":"format-standard","6":"category-cobas-indra","7":"tag-comunicados","8":"tag-despidos","9":"tag-ere-en-indra","10":"tag-protesta","11":"tag-sindicatos"},"_links":{"self":[{"href":"https:\/\/www.sitescobas.es\/indra\/wp-json\/wp\/v2\/posts\/747","targetHints":{"allow":["GET"]}}],"collection":[{"href":"https:\/\/www.sitescobas.es\/indra\/wp-json\/wp\/v2\/posts"}],"about":[{"href":"https:\/\/www.sitescobas.es\/indra\/wp-json\/wp\/v2\/types\/post"}],"author":[{"embeddable":true,"href":"https:\/\/www.sitescobas.es\/indra\/wp-json\/wp\/v2\/users\/2"}],"replies":[{"embeddable":true,"href":"https:\/\/www.sitescobas.es\/indra\/wp-json\/wp\/v2\/comments?post=747"}],"version-history":[{"count":0,"href":"https:\/\/www.sitescobas.es\/indra\/wp-json\/wp\/v2\/posts\/747\/revisions"}],"wp:attachment":[{"href":"https:\/\/www.sitescobas.es\/indra\/wp-json\/wp\/v2\/media?parent=747"}],"wp:term":[{"taxonomy":"category","embeddable":true,"href":"https:\/\/www.sitescobas.es\/indra\/wp-json\/wp\/v2\/categories?post=747"},{"taxonomy":"post_tag","embeddable":true,"href":"https:\/\/www.sitescobas.es\/indra\/wp-json\/wp\/v2\/tags?post=747"}],"curies":[{"name":"wp","href":"https:\/\/api.w.org\/{rel}","templated":true}]}}