{"id":68,"date":"2013-07-10T07:14:00","date_gmt":"2013-07-10T07:14:00","guid":{"rendered":"http:\/\/pruebas.cobasindra.org\/?p=68"},"modified":"2013-07-10T07:14:00","modified_gmt":"2013-07-10T07:14:00","slug":"despidos-en-indra","status":"publish","type":"post","link":"https:\/\/www.sitescobas.es\/indra\/2013\/07\/10\/despidos-en-indra\/","title":{"rendered":"Despidos en Indra"},"content":{"rendered":"<p>Con el lema \u201cNO A LOS DESPIDOS\u201d, <b>el pasado 30 de mayo<\/b>, y como venimos haciendo de forma peri\u00f3dica,  los delegados del Comit\u00e9 de Empresa de Arroyo de la Vega y otros centros nos concentramos en la puerta de la empresa y  os invitamos a acompa\u00f1arnos a trav\u00e9s de un comunicado, que repartimos ese mismo d\u00eda por la ma\u00f1ana. <\/p>\n<div style=\"clear: both;text-align: center\"><a href=\"http:\/\/cobasindra.org\/wp-content\/uploads\/2013\/07\/despidos.jpg\" style=\"clear: left;float: left;margin-bottom: 1em;margin-right: 1em\"><img loading=\"lazy\" decoding=\"async\" border=\"0\" src=\"http:\/\/cobasindra.org\/wp-content\/uploads\/2013\/07\/despidos-300x246.jpg\" height=\"328\" width=\"400\" \/><\/a><\/div>\n<p>Intentamos siempre realizar las concentraciones a la hora de la comida para que teng\u00e1is la oportunidad de mostrar vuestra solidaridad con los compa\u00f1eros que han sido despedidos (ma\u00f1ana podemos ser cualquiera de nosotros) y para que pod\u00e1is  manifestar as\u00ed vuestro rechazo y descontento a la Direcci\u00f3n de la Empresa. Y seguiremos haci\u00e9ndolo mientras esta situaci\u00f3n persista. <\/p>\n<p>Si por desgracia fueras despedido\/a, te animamos a que, y  a pesar de lo duro del momento de la comunicaci\u00f3n, antes de firmar nada en RRHH, no dudes en solicitar la presencia de un representante de <span style=\"color: red\"><b>Co.Bas<\/b><\/span> para que te asesore, ya que tienes derecho a ello. Ya existe un precedente de un despido en el que el compa\u00f1ero solicit\u00f3 la presencia de uno de nuestros representantes y, gracias a ello, pudo corregirse un error en su liquidaci\u00f3n.<\/p>\n","protected":false},"excerpt":{"rendered":"<div class=\"mh-excerpt\">Con el lema \u201cNO A LOS DESPIDOS\u201d, el pasado 30 de mayo, y como venimos haciendo de forma peri\u00f3dica, los delegados del Comit\u00e9 de Empresa de Arroyo de la Vega y otros centros nos concentramos <a class=\"mh-excerpt-more\" href=\"https:\/\/www.sitescobas.es\/indra\/2013\/07\/10\/despidos-en-indra\/\" title=\"Despidos en Indra\">[&#8230;]<\/a><\/div>\n","protected":false},"author":2,"featured_media":199,"comment_status":"open","ping_status":"closed","sticky":false,"template":"","format":"standard","meta":{"_kadence_starter_templates_imported_post":false,"footnotes":""},"categories":[9,37],"tags":[32],"class_list":{"0":"post-68","1":"post","2":"type-post","3":"status-publish","4":"format-standard","5":"has-post-thumbnail","7":"category-revista","8":"category-revista-201307","9":"tag-despidos"},"_links":{"self":[{"href":"https:\/\/www.sitescobas.es\/indra\/wp-json\/wp\/v2\/posts\/68","targetHints":{"allow":["GET"]}}],"collection":[{"href":"https:\/\/www.sitescobas.es\/indra\/wp-json\/wp\/v2\/posts"}],"about":[{"href":"https:\/\/www.sitescobas.es\/indra\/wp-json\/wp\/v2\/types\/post"}],"author":[{"embeddable":true,"href":"https:\/\/www.sitescobas.es\/indra\/wp-json\/wp\/v2\/users\/2"}],"replies":[{"embeddable":true,"href":"https:\/\/www.sitescobas.es\/indra\/wp-json\/wp\/v2\/comments?post=68"}],"version-history":[{"count":0,"href":"https:\/\/www.sitescobas.es\/indra\/wp-json\/wp\/v2\/posts\/68\/revisions"}],"wp:featuredmedia":[{"embeddable":true,"href":"https:\/\/www.sitescobas.es\/indra\/wp-json\/"}],"wp:attachment":[{"href":"https:\/\/www.sitescobas.es\/indra\/wp-json\/wp\/v2\/media?parent=68"}],"wp:term":[{"taxonomy":"category","embeddable":true,"href":"https:\/\/www.sitescobas.es\/indra\/wp-json\/wp\/v2\/categories?post=68"},{"taxonomy":"post_tag","embeddable":true,"href":"https:\/\/www.sitescobas.es\/indra\/wp-json\/wp\/v2\/tags?post=68"}],"curies":[{"name":"wp","href":"https:\/\/api.w.org\/{rel}","templated":true}]}}