{"id":65,"date":"2013-07-10T07:40:00","date_gmt":"2013-07-10T07:40:00","guid":{"rendered":"http:\/\/pruebas.cobasindra.org\/?p=65"},"modified":"2013-07-10T07:40:00","modified_gmt":"2013-07-10T07:40:00","slug":"junta-de-accionistas","status":"publish","type":"post","link":"https:\/\/www.sitescobas.es\/indra\/2013\/07\/10\/junta-de-accionistas\/","title":{"rendered":"Junta de Accionistas"},"content":{"rendered":"<p><b><span style=\"color: red\">Co.Bas<\/span><\/b> quiso aprovechar la celebraci\u00f3n de la <b>Junta General de Accionistas el pasado 27 de junio en Arroyo de la Vega, sede de Indra<\/b>, para convocar una <a href=\"http:\/\/pruebas.cobasindra.org\/?p=75\">concentraci\u00f3n de los delegados de Co.Bas frente a las mismas puertas de la sede y para leer en la sala de la Junta un escrito propio de Co.Bas<\/a>, y adem\u00e1s sumarse al escrito conjunto de otros muchos Comit\u00e9s y Secciones Sindicales. Y si hubi\u00e9ramos recibido alguna invitaci\u00f3n para sumarnos a cualquier otro acto reivindicativo, ah\u00ed hubi\u00e9ramos estado. Solos o acompa\u00f1ados. All\u00ed donde se diga que \u201cqueremos una negociaci\u00f3n de Mantenimiento de Empleo y Poder Adquisitivo\u201d, ah\u00ed vamos a estar. Donde diga \u201c<b>No m\u00e1s despidos<\/b>\u201d ah\u00ed estar\u00e1 <b><span style=\"color: red\">Co.Bas<\/span><\/b> apoyando y sumando fuerzas.<\/p>\n<p>De nuevo la Direcci\u00f3n de Indra ha invitado a <b><span style=\"color: red\">Co.Bas<\/span><\/b>, v\u00eda telef\u00f3nica, a asistir a dicha Junta. No sabemos si todos los invitados, sean de sindicatos o no, han sido convocados a trav\u00e9s de una llamada telef\u00f3nica, pero nos parece m\u00e1s sencillo y efectivo un email, y as\u00ed poder remitirlo a nuestros delegados y afiliados de <b><span style=\"color: red\">Co.Bas<\/span><\/b> para tomar una decisi\u00f3n. En cualquier caso, <b><span style=\"color: red\">Co.Bas<\/span><\/b> no ha asistido como invitado.<\/p>\n<p>Y esto de la invitaci\u00f3n por tel\u00e9fono, que es anecd\u00f3tico, establece lo que la Direcci\u00f3n de la Empresa quiere con los representantes legales de los trabajadores. S\u00f3lo quiere conversaciones de caf\u00e9, charlas informativas, que escuchemos lo bien que hace las cosas Indra. Qu\u00e9 estemos calladitos en la Junta de Accionistas escuchando como se aprueban las subidas del Consejo de Administraci\u00f3n, y encima escuchar al Sr. Monz\u00f3n decir que, entiende que \u201calgunos\u201d se quejen, pero que en general los trabajadores de Indra est\u00e1n muy satisfechos.<\/p>\n<p><b><span style=\"color: red\">Co.Bas<\/span><\/b> lo dijo muy claro en la Junta de Accionistas. Salvo en Formaci\u00f3n, que la Direcci\u00f3n de Indra lo necesita para cobrar la subvenci\u00f3n del Forcem y en Salud Laboral, que lo marca la Ley, desde que se constituy\u00f3 el nuevo Comit\u00e9 de Empresa de Arroyo de la Vega hace dos a\u00f1os, no existe ning\u00fan Acta donde se pueda ver que la Direcci\u00f3n de la Empresa quiere hablar de algo con este Comit\u00e9 o con <b><span style=\"color: red\">Co.Bas<\/span><\/b>. Alg\u00fan Acta donde se ponga de manifiesto la voluntad de empezar a negociar sobre alguna de nuestras propuestas como Empleo, Salario o Desasignados.<\/p>\n<p>Llevamos m\u00e1s de 10 a\u00f1os sin subidas salariales colectivas. Ahora ya no hay ni subidas individuales para que los Consejeros de Indra pueden subirse el sueldo.<\/p>\n<p>Y desgraciadamente, para los curritos todo sigue igual. Sube la luz, el gas, el transporte p\u00fablico, el IRPF, el IVA, recortes en la sanidad y en la educaci\u00f3n, nos toca pagar la deuda para rescatar a los bancos, despidos m\u00e1s baratos\u2026<\/p>\n<p>Y es que la Direcci\u00f3n de Indra desprecia a los representantes legales de los trabajadores y, por tanto, a sus trabajadores. Con los representantes, s\u00f3lo quiere reuniones informales donde no se negocie nada y se hable sin adquirir compromisos. Y con los trabajadores, reuniones individuales desde la posici\u00f3n de abuso de poder y para que el descontento no salga de la salita de reuniones, no se vaya a enterar el Sr. Monz\u00f3n.<\/p>\n<p>Sabemos que los trabajadores de Indra no est\u00e1n contentos. Nos gustar\u00eda que adem\u00e1s ese descontento se manifestase m\u00e1s claramente. Como quer\u00e1is. Nosotros queremos ser vuestro altavoz.<\/p>\n<p>Mientras esto no cambie, <b><span style=\"color: red\">Co.Bas<\/span><\/b> va a seguir protestando por un plan de Mantenimiento de Empleo y Poder Adquisitivo para todos los trabajadores y trabajadoras. Esa es la invitaci\u00f3n que queremos recibir, por escrito, para sentarnos a negociar. No para escuchar en silencio en la Junta, como se suben el sueldo los Consejeros de Indra.<\/p>\n","protected":false},"excerpt":{"rendered":"<div class=\"mh-excerpt\">Co.Bas quiso aprovechar la celebraci\u00f3n de la Junta General de Accionistas el pasado 27 de junio en Arroyo de la Vega, sede de Indra, para convocar una concentraci\u00f3n de los delegados de Co.Bas frente a <a class=\"mh-excerpt-more\" href=\"https:\/\/www.sitescobas.es\/indra\/2013\/07\/10\/junta-de-accionistas\/\" title=\"Junta de Accionistas\">[&#8230;]<\/a><\/div>\n","protected":false},"author":2,"featured_media":408,"comment_status":"open","ping_status":"closed","sticky":false,"template":"","format":"standard","meta":{"_kadence_starter_templates_imported_post":false,"footnotes":""},"categories":[9,37],"tags":[36],"class_list":{"0":"post-65","1":"post","2":"type-post","3":"status-publish","4":"format-standard","5":"has-post-thumbnail","7":"category-revista","8":"category-revista-201307","9":"tag-junta-accionistas"},"_links":{"self":[{"href":"https:\/\/www.sitescobas.es\/indra\/wp-json\/wp\/v2\/posts\/65","targetHints":{"allow":["GET"]}}],"collection":[{"href":"https:\/\/www.sitescobas.es\/indra\/wp-json\/wp\/v2\/posts"}],"about":[{"href":"https:\/\/www.sitescobas.es\/indra\/wp-json\/wp\/v2\/types\/post"}],"author":[{"embeddable":true,"href":"https:\/\/www.sitescobas.es\/indra\/wp-json\/wp\/v2\/users\/2"}],"replies":[{"embeddable":true,"href":"https:\/\/www.sitescobas.es\/indra\/wp-json\/wp\/v2\/comments?post=65"}],"version-history":[{"count":0,"href":"https:\/\/www.sitescobas.es\/indra\/wp-json\/wp\/v2\/posts\/65\/revisions"}],"wp:featuredmedia":[{"embeddable":true,"href":"https:\/\/www.sitescobas.es\/indra\/wp-json\/"}],"wp:attachment":[{"href":"https:\/\/www.sitescobas.es\/indra\/wp-json\/wp\/v2\/media?parent=65"}],"wp:term":[{"taxonomy":"category","embeddable":true,"href":"https:\/\/www.sitescobas.es\/indra\/wp-json\/wp\/v2\/categories?post=65"},{"taxonomy":"post_tag","embeddable":true,"href":"https:\/\/www.sitescobas.es\/indra\/wp-json\/wp\/v2\/tags?post=65"}],"curies":[{"name":"wp","href":"https:\/\/api.w.org\/{rel}","templated":true}]}}