{"id":647,"date":"2015-06-12T15:01:48","date_gmt":"2015-06-12T13:01:48","guid":{"rendered":"http:\/\/cobasindra.org\/?p=647"},"modified":"2015-06-12T15:01:48","modified_gmt":"2015-06-12T13:01:48","slug":"valoracion-del-comite-de-empresa-de-anabel-segura-de-la-asamblea-del-1162015","status":"publish","type":"post","link":"https:\/\/www.sitescobas.es\/indra\/2015\/06\/12\/valoracion-del-comite-de-empresa-de-anabel-segura-de-la-asamblea-del-1162015\/","title":{"rendered":"Valoraci\u00f3n del Comit\u00e9 de Empresa de Anabel Segura de la asamblea del 11\/6\/2015"},"content":{"rendered":"<p class=\"x_MsoNormal\"><strong>Comunicado difundido por el Comit\u00e9 de Empresa de Anabel Segura valorando la asamblea de ayer 16 de Junio de 2015<\/strong><\/p>\n<p class=\"x_MsoNormal\"><a href=\"http:\/\/cobasindra.org\/wp-content\/uploads\/2015\/06\/megafono.png\"><img loading=\"lazy\" decoding=\"async\" class=\" size-full wp-image-644 alignleft\" src=\"http:\/\/cobasindra.org\/wp-content\/uploads\/2015\/06\/megafono.png\" alt=\"megafono\" width=\"180\" height=\"153\" \/><\/a>Ayer d\u00eda 11 tuvo lugar en el centro de trabajo de Anabel Segura la asamblea de mayor asistencia en Indra Sistemas de los \u00faltimos a\u00f1os.<\/p>\n<p class=\"x_MsoNormal\">La uni\u00f3n de la plantilla es la \u00fanica v\u00eda disponible para defender nuestros puestos de trabajo.<\/p>\n<p class=\"x_MsoNormal\">\u00c9sta es nuestra respuesta frente a los rumores no desmentidos que est\u00e1n circulando por los medios de comunicaci\u00f3n.<\/p>\n<p class=\"x_MsoNormal\">Os adjuntamos el comunicado le\u00eddo en la asamblea y os invitamos a participar en las pr\u00f3ximas concentraciones que hemos convocado.<\/p>\n<p class=\"x_MsoNormal\" style=\"text-align: left\"><em><strong>\u00a0Comit\u00e9 de empresa de Indra Sistemas Anabel Segura.<\/strong><\/em><\/p>\n<h2 class=\"x_MsoNormal\" style=\"text-align: center\"><strong>Comunicado le\u00eddo el 11 de Junio durante la asamblea<\/strong><\/h2>\n<p class=\"x_xmsonormal\"><span lang=\"ES-TRAD\"><span style=\"font-family: Arial\"><span style=\"font-size: medium\">Buenas tardes a todos.<\/span><\/span><\/span><\/p>\n<p class=\"x_xmsonormal\"><span style=\"font-family: Arial\"><span style=\"font-size: medium\">\u00a0<span lang=\"ES-TRAD\">Os hemos convocado a esta asamblea\/concentraci\u00f3n, porque los representantes de este comit\u00e9 de Anabel queremos compartir con vosotros nuestra inquietud por las noticias que est\u00e1n apareciendo en la prensa e\u00a0invitaros a participar en acciones que demuestren a la empresa nuestro mal estar<\/span><span lang=\"ES-TRAD\">,<\/span><span lang=\"ES-TRAD\"> no vamos a\u00a0quedarnos inalterables cuando quieran ejecutar su plan estrat\u00e9gico a costa de nuestro sacrificio.<\/span><\/span><\/span><\/p>\n<p class=\"x_xmsonormal\"><span lang=\"ES-TRAD\"><span style=\"font-family: Arial\">\u00a0<span style=\"font-size: medium\">Ante nuestra solicitud para que la Empresa desmienta los rumores: la empresa no lo hace y\u00a0 mantiene una postura de abonar rumores, mal ambiente y todo tipo de suposiciones.<\/span><\/span><\/span><\/p>\n<p class=\"x_xmsonormal\"><span lang=\"ES-TRAD\"><span style=\"font-family: Arial;font-size: medium\">\u00a0La \u00fanica contestaci\u00f3n que tenemos<\/span><\/span><a name=\"x__GoBack\"><\/a><span style=\"font-family: Arial\"><span style=\"font-size: medium\"><span lang=\"ES-TRAD\"><span style=\"color: #000000\">,<\/span> es que se est\u00e1 estableciendo un Plan estrat\u00e9gico cuya fase de an\u00e1lisis y diagn\u00f3stico ya ha finalizado y que comunicar\u00e1 el d\u00eda del <\/span><span lang=\"ES-TRAD\">Investor Day, el 8 de julio.<\/span><\/span><\/span><\/p>\n<p class=\"x_xmsonormal\"><span lang=\"ES-TRAD\"><span style=\"font-family: Arial\">\u00a0<span style=\"font-size: medium\">Nosotros estamos totalmente en contra de cualquier v\u00eda de reducci\u00f3n de costes que pueda afectar a la plantilla. <\/span><\/span><\/span><\/p>\n<p class=\"x_xmsonormal\"><span lang=\"ES-TRAD\"><span style=\"font-family: Arial\">\u00a0<span style=\"font-size: medium\">Durante los a\u00f1os de bonanza de Indra, dichos \u00e9xitos econ\u00f3micos no nos repercutieron ning\u00fan beneficio, ni econ\u00f3mico ni social. (V\u00e9ase la enorme cantidad de trabajadores con 10 a\u00f1os de sueldo congelado)<\/span><\/span><\/span><\/p>\n<p class=\"x_xmsonormal\"><span style=\"font-family: Arial\"><span style=\"font-size: medium\">\u00a0<span lang=\"ES-TRAD\">Bien, pues ahora despu\u00e9s de su intento FRACASADO de\u00a0expandirse y\u00a0convertirse en la Indra Global, somos los primeros <\/span><span lang=\"ES-TRAD\">de<\/span><span lang=\"ES-TRAD\"> los que se acuerda Indra para realizar el ajuste de costes y\u00a0hacernos pagar su FRACASO. Los\u00a0 mismos trabajadores que durante a\u00f1os les hemos dado grandes beneficios a esta empresa y de los que no se acordaron en a\u00f1os ni de \u201ccuidar\u201d ni\u00a0 \u201cfidelizar\u201d.<\/span><\/span><\/span><\/p>\n<p class=\"x_xmsonormal\"><span lang=\"ES-TRAD\"><span style=\"font-family: Arial\">\u00a0<span style=\"font-size: medium\">No podemos\u00a0quedarnos callados hasta el d\u00eda 8 de julio cuando nos comuniquen \u201cnuestra sentencia\u201d. Debemos empezar ahora a mostrar a la empresa que la plantilla de Indra est\u00e1 dispuesta a luchar por su puesto de trabajo.\u00a0 <\/span><\/span><\/span><\/p>\n<p class=\"x_MsoNormal\"><span lang=\"ES-TRAD\"><span style=\"color: #000000\">\u00a0<span style=\"font-size: medium\">Ahora no son tus jefes los que te piden un \u201csobre esfuerzo\u201d para sacar tu trabajo adelante, ahora te pedimos un peque\u00f1o esfuerzo para defender tu puesto de trabajo.<\/span><\/span><\/span><\/p>\n<p class=\"x_xmsonormal\"><span lang=\"ES-TRAD\"><span style=\"font-family: Arial\"><span style=\"font-size: medium\">Por ello esperamos que participes en las acciones que el comit\u00e9 de Anabel ha acordado hacer hasta el Investor Day, que son las siguientes:<\/span><\/span><\/span><\/p>\n<p class=\"x_xmsolistparagraph\"><span lang=\"ES-TRAD\"><span style=\"font-family: Arial\">\u00a0<span style=\"font-size: medium\">&#8211; Asambleas Informativa + Concentraci\u00f3n en la puerta de Anabel, los d\u00edas 11 y 17 de Junio de 13:30 a 14:30<\/span><\/span><\/span><\/p>\n<p class=\"x_xmsolistparagraph\"><span style=\"font-family: Arial\"><span style=\"font-size: medium\"><span lang=\"ES-TRAD\">&#8211;<\/span><span lang=\"ES-TRAD\">\u00a0\u00a0\u00a0<\/span><span lang=\"ES-TRAD\">Concentraci\u00f3n en la puerta de Arroyo el 25 de Junio (Junta de Accionistas) a las 12:00<\/span><\/span><\/span><\/p>\n<p class=\"x_xmsolistparagraph\"><span style=\"font-family: Arial\"><span style=\"font-size: medium\"><span lang=\"ES-TRAD\">&#8211;<\/span><span lang=\"ES-TRAD\">\u00a0\u00a0\u00a0<\/span><span lang=\"ES-TRAD\">Lectura de carta en la Junta de Accionistas por la Presidenta del Comit\u00e9 de Anabel<\/span><\/span><\/span><\/p>\n<p class=\"x_xmsolistparagraph\"><span style=\"font-family: Arial\"><span style=\"font-size: medium\"><span lang=\"ES-TRAD\">&#8211;<\/span><span lang=\"ES-TRAD\">\u00a0\u00a0\u00a0<\/span><span lang=\"ES-TRAD\">Concentraci\u00f3n en la puerta d\u00eda\/hora de celebraci\u00f3n del Investor Day.<\/span><\/span><\/span><\/p>\n<p class=\"x_xmsolistparagraph\" style=\"text-align: center\"><span lang=\"ES-TRAD\"><span style=\"font-family: Arial;font-size: medium\">\u00a0<\/span><\/span><strong><span lang=\"ES-TRAD\"><span style=\"font-family: Arial\"><span style=\"font-size: medium\">SOLO TODOS JUNTOS PODREMOS DEFENDER NUESTRO PUESTO DE TRABAJO.<\/span><\/span><\/span><\/strong><\/p>\n","protected":false},"excerpt":{"rendered":"<div class=\"mh-excerpt\">Comunicado difundido por el Comit\u00e9 de Empresa de Anabel Segura valorando la asamblea de ayer 16 de Junio de 2015 Ayer d\u00eda 11 tuvo lugar en el centro de trabajo de Anabel Segura la asamblea <a class=\"mh-excerpt-more\" href=\"https:\/\/www.sitescobas.es\/indra\/2015\/06\/12\/valoracion-del-comite-de-empresa-de-anabel-segura-de-la-asamblea-del-1162015\/\" title=\"Valoraci\u00f3n del Comit\u00e9 de Empresa de Anabel Segura de la asamblea del 11\/6\/2015\">[&#8230;]<\/a><\/div>\n","protected":false},"author":2,"featured_media":0,"comment_status":"open","ping_status":"closed","sticky":false,"template":"","format":"standard","meta":{"_kadence_starter_templates_imported_post":false,"footnotes":""},"categories":[40],"tags":[44,45,27,26],"class_list":{"0":"post-647","1":"post","2":"type-post","3":"status-publish","4":"format-standard","6":"category-anabel-segura","7":"tag-comunicados","8":"tag-ere-en-indra","9":"tag-protesta","10":"tag-sindicatos"},"_links":{"self":[{"href":"https:\/\/www.sitescobas.es\/indra\/wp-json\/wp\/v2\/posts\/647","targetHints":{"allow":["GET"]}}],"collection":[{"href":"https:\/\/www.sitescobas.es\/indra\/wp-json\/wp\/v2\/posts"}],"about":[{"href":"https:\/\/www.sitescobas.es\/indra\/wp-json\/wp\/v2\/types\/post"}],"author":[{"embeddable":true,"href":"https:\/\/www.sitescobas.es\/indra\/wp-json\/wp\/v2\/users\/2"}],"replies":[{"embeddable":true,"href":"https:\/\/www.sitescobas.es\/indra\/wp-json\/wp\/v2\/comments?post=647"}],"version-history":[{"count":0,"href":"https:\/\/www.sitescobas.es\/indra\/wp-json\/wp\/v2\/posts\/647\/revisions"}],"wp:attachment":[{"href":"https:\/\/www.sitescobas.es\/indra\/wp-json\/wp\/v2\/media?parent=647"}],"wp:term":[{"taxonomy":"category","embeddable":true,"href":"https:\/\/www.sitescobas.es\/indra\/wp-json\/wp\/v2\/categories?post=647"},{"taxonomy":"post_tag","embeddable":true,"href":"https:\/\/www.sitescobas.es\/indra\/wp-json\/wp\/v2\/tags?post=647"}],"curies":[{"name":"wp","href":"https:\/\/api.w.org\/{rel}","templated":true}]}}