{"id":625,"date":"2015-03-27T08:58:45","date_gmt":"2015-03-27T06:58:45","guid":{"rendered":"http:\/\/cobasindra.org\/?p=625"},"modified":"2015-03-27T08:58:45","modified_gmt":"2015-03-27T06:58:45","slug":"que-subida-tendremos-este-ano","status":"publish","type":"post","link":"https:\/\/www.sitescobas.es\/indra\/2015\/03\/27\/que-subida-tendremos-este-ano\/","title":{"rendered":"\u00bfQu\u00e9 subida tendremos este a\u00f1o?"},"content":{"rendered":"<fieldset>Una inquietud que muchos trabajadores tienen al inicio de a\u00f1o es si este a\u00f1o tendr\u00e1n subida salarial \u00bfte identificas con esta inquietud?, incluso ya no se molestan en preocuparse por su ascenso de categor\u00eda, porque dicen las malas lenguas que una aceptaci\u00f3n de nuevas responsabilidades de mayor categor\u00eda no va parejo a un reconocimiento econ\u00f3mico \u00bftambi\u00e9n te identificas?<\/p>\n<p class=\"separator\"><a href=\"http:\/\/cobasindra.org\/wp-content\/uploads\/2015\/06\/que-subida-quieres-c01.png\"><img loading=\"lazy\" decoding=\"async\" class=\" size-full wp-image-626 aligncenter\" src=\"http:\/\/cobasindra.org\/wp-content\/uploads\/2015\/06\/que-subida-quieres-c01.png\" alt=\"que-subida-quieres-c01\" width=\"602\" height=\"455\" \/><\/a><\/p>\n<p>Esta inquietud nos es trasladada a las personas que participamos en los sindica-tos, algunos todav\u00eda creen que si no tienen subida es porque los sindicatos no negocian \u201csu\u201d subida. Solo recordar que ya nos gustar\u00eda negociar no solo \u201ctu\u201d subida sino la de todos \u201ctus\u201d compa\u00f1eros. Eso ser\u00eda una negociaci\u00f3n de \u201csubida colectiva\u201d.<\/p>\n<p>Hasta fechas relativamente recientes era habitual que los representantes de los trabajadores negociasen con la empresa una subida anual m\u00ednima para todos los trabajadores que al menos garantizase el mantenimiento del poder adquisitivo, el IPC, ya que si el coste de la vida sube pero nuestros sueldos no, cada vez somos m\u00e1s pobres. En 2013 calculamos que <a href=\"http:\/\/cobasindra.blogspot.com.es\/2013\/02\/mas-de-10-anos-con-subida-0-en-indra.html\" data-blogger-escaped-target=\"_blank\">ya hab\u00edamos perdido un 35,6% de salario por los a\u00f1os desde que no se rea-lizaban subidas colectivas.<\/a><\/p>\n<p>La mayor\u00eda de las mencionadas personas que se nos acercan preguntando lo hacen con un gui\u00f1o c\u00f3mplice como diciendo: \u201cYa sabemos que no hay nada que hacer\u201d. Pero no es cierto, lo que se ha podido hacer antes se puede hacer ahora. Es tan s\u00f3lo que la empresa no nos va a regalar nada si no se lo exigimos. Y tal vez lo que hemos hecho es dejar de exigirlo o hacerlo con menos fuerza. Porque lo que no sirve de nada no es la movilizaci\u00f3n y la lucha, sino el quedarse en casa o en la oficina mientras otros compa\u00f1eros lo hacen.<\/p>\n<p>Por eso te animamos a que nos apoyes en nuestro d\u00eda a d\u00eda defendiendo tus derechos y reivindic\u00e1ndolos. Cons\u00faltanos, escr\u00edbenos, y sobre todo, prep\u00e1rate para demostrarle a la empresa que quieres que negocie con tus representantes todo aquello que te afecta. Y estate dispuesto a garantizarlo con tu presencia. Juntos lo haremos.<\/fieldset>\n","protected":false},"excerpt":{"rendered":"<div class=\"mh-excerpt\">Una inquietud que muchos trabajadores tienen al inicio de a\u00f1o es si este a\u00f1o tendr\u00e1n subida salarial \u00bfte identificas con esta inquietud?, incluso ya no se molestan en preocuparse por su ascenso de categor\u00eda, porque <a class=\"mh-excerpt-more\" href=\"https:\/\/www.sitescobas.es\/indra\/2015\/03\/27\/que-subida-tendremos-este-ano\/\" title=\"\u00bfQu\u00e9 subida tendremos este a\u00f1o?\">[&#8230;]<\/a><\/div>\n","protected":false},"author":2,"featured_media":0,"comment_status":"open","ping_status":"closed","sticky":false,"template":"","format":"standard","meta":{"_kadence_starter_templates_imported_post":false,"footnotes":""},"categories":[9,42,13],"tags":[24],"class_list":{"0":"post-625","1":"post","2":"type-post","3":"status-publish","4":"format-standard","6":"category-revista","7":"category-revista-201503","8":"category-cobas-indra","9":"tag-salario"},"_links":{"self":[{"href":"https:\/\/www.sitescobas.es\/indra\/wp-json\/wp\/v2\/posts\/625","targetHints":{"allow":["GET"]}}],"collection":[{"href":"https:\/\/www.sitescobas.es\/indra\/wp-json\/wp\/v2\/posts"}],"about":[{"href":"https:\/\/www.sitescobas.es\/indra\/wp-json\/wp\/v2\/types\/post"}],"author":[{"embeddable":true,"href":"https:\/\/www.sitescobas.es\/indra\/wp-json\/wp\/v2\/users\/2"}],"replies":[{"embeddable":true,"href":"https:\/\/www.sitescobas.es\/indra\/wp-json\/wp\/v2\/comments?post=625"}],"version-history":[{"count":0,"href":"https:\/\/www.sitescobas.es\/indra\/wp-json\/wp\/v2\/posts\/625\/revisions"}],"wp:attachment":[{"href":"https:\/\/www.sitescobas.es\/indra\/wp-json\/wp\/v2\/media?parent=625"}],"wp:term":[{"taxonomy":"category","embeddable":true,"href":"https:\/\/www.sitescobas.es\/indra\/wp-json\/wp\/v2\/categories?post=625"},{"taxonomy":"post_tag","embeddable":true,"href":"https:\/\/www.sitescobas.es\/indra\/wp-json\/wp\/v2\/tags?post=625"}],"curies":[{"name":"wp","href":"https:\/\/api.w.org\/{rel}","templated":true}]}}