{"id":607,"date":"2015-02-26T14:06:11","date_gmt":"2015-02-26T12:06:11","guid":{"rendered":"http:\/\/cobasindra.org\/?p=607"},"modified":"2015-02-26T14:06:11","modified_gmt":"2015-02-26T12:06:11","slug":"acuerdo-sobre-el-modelo-de-asignaciones-globales","status":"publish","type":"post","link":"https:\/\/www.sitescobas.es\/indra\/2015\/02\/26\/acuerdo-sobre-el-modelo-de-asignaciones-globales\/","title":{"rendered":"Acuerdo sobre el modelo de asignaciones globales"},"content":{"rendered":"<h2 style=\"text-align: center\">VIAJES INTERNACIONALES:<\/h2>\n<h2 style=\"text-align: center\">LA RLT FIRMA ACUERDO CON LA EMPRESA<\/h2>\n<p><a href=\"http:\/\/cobasindra.org\/wp-content\/uploads\/2015\/06\/travel-globe.png\"><img loading=\"lazy\" decoding=\"async\" class=\" size-full wp-image-608 alignleft\" src=\"http:\/\/cobasindra.org\/wp-content\/uploads\/2015\/06\/travel-globe.png\" alt=\"travel-globe\" width=\"277\" height=\"185\" \/><\/a>La Representaci\u00f3n Legal de los Trabajadores (RLT) se reuni\u00f3 con la Direcci\u00f3n de Indra formando la Mesa de Interlocuci\u00f3n contemplada en el Acta de Conciliaci\u00f3n suscrita en la Audiencia Nacional tras la demanda presentada por STC y CGT, y a la que se adhirieron el resto de los sindicatos firmantes del Acuerdo, por la imposici\u00f3n de la empresa de su modelo de asignaciones globales (<strong>dietas internacionales<\/strong>).<\/p>\n<p>Como resultado de la negociaci\u00f3n se ha formalizado un <strong>acuerdo del que destacamos los siguientes puntos<\/strong>:<\/p>\n<ol>\n<li>Se ha incorporado en el modelo compensaciones cuando los\u00a0desplazamientos son superiores a 30 d\u00edas a pa\u00edses no europeos.<\/li>\n<\/ol>\n<ol start=\"2\">\n<li>Se ha aumentado la cantidad percibida cuando el desplazamiento sea a\u00a0pa\u00edses con circunstancias especiales.<\/li>\n<\/ol>\n<ol start=\"3\">\n<li>La Empresa abonar\u00e1, no m\u00e1s tarde del 31 de enero, las diferencias de\u00a0las liquidaciones de los desplazamientos realizados hasta la entrada en\u00a0vigor de este acuerdo.<\/li>\n<\/ol>\n<ol start=\"4\">\n<li>Se ha creado una Comisi\u00f3n de Seguimiento del Modelo entre la RLT y la\u00a0Empresa, donde se trasladar\u00e1 informaci\u00f3n sobre los desplazamientos, se tratar\u00e1n las posibles controversias en la interpretaci\u00f3n del modelo y, con car\u00e1cter previo, las futuras modificaciones.<\/li>\n<\/ol>\n<p>El acuerdo lo tenemos a disposici\u00f3n de todos los trabajadores y llevaremos a la\u00a0Comisi\u00f3n creada cualquier discrepancia que surja en los desplazamientos que se realicen.<\/p>\n<p>Con este acuerdo se rompe la inercia de la Empresa de imponer sus condiciones y\u00a0utilizar a la RLT s\u00f3lo para informar sin posibilidad de negociaci\u00f3n. Adem\u00e1s, se ha establecido una nueva din\u00e1mica en la que todos los sindicatos hemos tenido la posibilidad de realizar nuestras aportaciones al proceso. Por ello, nos comprometemos a seguir avanzando en esta forma de negociaci\u00f3n en las relaciones laborales con Indra.<\/p>\n<p>La RLT ha creado la cuenta rlt.comisiondietas@gmail.com<\/p>\n<p><strong><br \/>\n<\/strong> <strong>Para que todos los trabajadores afectados por los desplazamientos internacionales puedan enviarnos sus reclamaciones y puedan ser atendidas en la Comisi\u00f3n de Seguimiento.<\/strong><\/p>\n<p><a href=\"http:\/\/4.bp.blogspot.com\/-KeekmVq8Ud4\/VO8iSMhBjBI\/AAAAAAAAAug\/fidDdqw1yho\/s1600\/logos.png\"><img loading=\"lazy\" decoding=\"async\" class=\" aligncenter\" src=\"https:\/\/4.bp.blogspot.com\/-KeekmVq8Ud4\/VO8iSMhBjBI\/AAAAAAAAAug\/fidDdqw1yho\/s1600\/logos.png\" alt=\"\" width=\"400\" height=\"55\" border=\"0\" \/><\/a><\/p>\n","protected":false},"excerpt":{"rendered":"<div class=\"mh-excerpt\">VIAJES INTERNACIONALES: LA RLT FIRMA ACUERDO CON LA EMPRESA La Representaci\u00f3n Legal de los Trabajadores (RLT) se reuni\u00f3 con la Direcci\u00f3n de Indra formando la Mesa de Interlocuci\u00f3n contemplada en el Acta de Conciliaci\u00f3n suscrita <a class=\"mh-excerpt-more\" href=\"https:\/\/www.sitescobas.es\/indra\/2015\/02\/26\/acuerdo-sobre-el-modelo-de-asignaciones-globales\/\" title=\"Acuerdo sobre el modelo de asignaciones globales\">[&#8230;]<\/a><\/div>\n","protected":false},"author":2,"featured_media":0,"comment_status":"open","ping_status":"closed","sticky":false,"template":"","format":"standard","meta":{"_kadence_starter_templates_imported_post":false,"footnotes":""},"categories":[13],"tags":[31,26],"class_list":{"0":"post-607","1":"post","2":"type-post","3":"status-publish","4":"format-standard","6":"category-cobas-indra","7":"tag-internacional","8":"tag-sindicatos"},"_links":{"self":[{"href":"https:\/\/www.sitescobas.es\/indra\/wp-json\/wp\/v2\/posts\/607","targetHints":{"allow":["GET"]}}],"collection":[{"href":"https:\/\/www.sitescobas.es\/indra\/wp-json\/wp\/v2\/posts"}],"about":[{"href":"https:\/\/www.sitescobas.es\/indra\/wp-json\/wp\/v2\/types\/post"}],"author":[{"embeddable":true,"href":"https:\/\/www.sitescobas.es\/indra\/wp-json\/wp\/v2\/users\/2"}],"replies":[{"embeddable":true,"href":"https:\/\/www.sitescobas.es\/indra\/wp-json\/wp\/v2\/comments?post=607"}],"version-history":[{"count":0,"href":"https:\/\/www.sitescobas.es\/indra\/wp-json\/wp\/v2\/posts\/607\/revisions"}],"wp:attachment":[{"href":"https:\/\/www.sitescobas.es\/indra\/wp-json\/wp\/v2\/media?parent=607"}],"wp:term":[{"taxonomy":"category","embeddable":true,"href":"https:\/\/www.sitescobas.es\/indra\/wp-json\/wp\/v2\/categories?post=607"},{"taxonomy":"post_tag","embeddable":true,"href":"https:\/\/www.sitescobas.es\/indra\/wp-json\/wp\/v2\/tags?post=607"}],"curies":[{"name":"wp","href":"https:\/\/api.w.org\/{rel}","templated":true}]}}