{"id":557,"date":"2014-11-21T12:11:00","date_gmt":"2014-11-21T12:11:00","guid":{"rendered":"http:\/\/pruebas.cobasindra.org\/?p=5"},"modified":"2014-11-21T12:11:00","modified_gmt":"2014-11-21T12:11:00","slug":"dia-internacional-de-la-eliminacion-de-la-violencia-contra-la-mujer","status":"publish","type":"post","link":"https:\/\/www.sitescobas.es\/indra\/2014\/11\/21\/dia-internacional-de-la-eliminacion-de-la-violencia-contra-la-mujer\/","title":{"rendered":"D\u00eda Internacional de la Eliminaci\u00f3n de la Violencia contra la Mujer"},"content":{"rendered":"<fieldset>\n<legend><b>Participa en las Movilizaciones Contra la Violencia Machista<\/b><\/legend>\n<p><\/p>\n<div style=\"text-align: justify\">\n<fieldset style=\"background-color: #b3a2c7;color: #500050;font-family: arial, sans-serif;font-size: 13px;text-align: start\">\n<h2 style=\"color: #cc0000;font-family: Arimo, arial, helvetica, freesans, sans-serif;line-height: 18.5899982452393px;margin: 0px 0px 5px;padding: 0px;text-align: center\"><strong style=\"color: #333333;font-family: Ubuntu, 'Lucida Grande', Tahoma, Verdana, Arial, sans-serif;line-height: 1.28em\"><span style=\"font-family: Calibri, sans-serif;line-height: 14.5666675567627px\"><span style=\"font-size: medium\">25 Noviembre 2014<\/span><\/span><\/strong><\/h2>\n<h2 style=\"color: #cc0000;font-family: Arimo, arial, helvetica, freesans, sans-serif;line-height: 18.5899982452393px;margin: 0px 0px 5px;padding: 0px;text-align: center\"><strong style=\"color: #333333;font-family: Ubuntu, 'Lucida Grande', Tahoma, Verdana, Arial, sans-serif;line-height: 1.28em\"><span style=\"font-family: Calibri, sans-serif;line-height: 14.5666675567627px\"><span style=\"font-size: medium\">D\u00cdA INTERNACIONAL CONTRA LA VIOLENCIA HACIA LAS MUJERES<\/span><\/span><\/strong><\/h2>\n<div><strong style=\"color: #333333;font-family: Ubuntu, 'Lucida Grande', Tahoma, Verdana, Arial, sans-serif;line-height: 1.28em\"><span style=\"font-family: Calibri, sans-serif;font-size: 9.5pt;line-height: 14.5666675567627px\"><br \/><\/span><\/strong><\/div>\n<h3 style=\"color: #cc0000;font-family: Arimo, arial, helvetica, freesans, sans-serif;font-size: 15.4545450210571px;line-height: 17.1599998474121px;margin: 0px 0px 5px;padding: 0px;text-align: center\"><strong style=\"color: #333333;font-family: Ubuntu, 'Lucida Grande', Tahoma, Verdana, Arial, sans-serif;line-height: 1.28em\"><span style=\"color: #5f497a;font-family: 'Arial Black', sans-serif;font-size: 15pt;line-height: 1.28em\">LOS RECORTES MATAN<\/span><\/strong><\/h3>\n<h3 style=\"color: #cc0000;font-family: Arimo, arial, helvetica, freesans, sans-serif;font-size: 16px;line-height: 17.16px;margin: 0px 0px 5px;padding: 0px;text-align: center\"><strong style=\"color: #333333;font-family: Ubuntu, 'Lucida Grande', Tahoma, Verdana, Arial, sans-serif;line-height: 1.28em\"><span style=\"color: #5f497a;font-family: 'Arial Black', sans-serif;font-size: 15pt;line-height: 22.9999980926514px\">\u00a1BASTA DE VIOLENCIA MACHISTA!<\/span><\/strong><\/h3>\n<div><strong style=\"color: #333333;font-family: Ubuntu, 'Lucida Grande', Tahoma, Verdana, Arial, sans-serif;line-height: 1.28em\"><span style=\"color: #5f497a;font-family: 'Arial Black', sans-serif;font-size: 15pt;line-height: 22.9999980926514px\"><br \/><\/span><\/strong><\/div>\n<h3 style=\"color: #cc0000;font-family: Arimo, arial, helvetica, freesans, sans-serif;font-size: 16px;line-height: 17.16px;margin: 0px 0px 5px;padding: 0px;text-align: center\"><strong style=\"background-color: #b3a2c7;color: #500050;font-family: Ubuntu, 'Lucida Grande', Tahoma, Verdana, Arial, sans-serif;font-size: 13px;line-height: 1.28em\"><span style=\"font-family: 'Arial Black', sans-serif;font-size: 15pt;line-height: 22.9999980926514px\"><span style=\"color: black\">19:30 Puerta del Sol &nbsp;&#8211; &nbsp;MADRID<\/span><\/span><\/strong><\/h3>\n<\/fieldset>\n<p>Al imparable aumento de la violencia hacia las mujeres le acompa\u00f1a el alarmante crecimiento del machismo, sobre todo en los lugares m\u00e1s golpeados por la crisis y entre la poblaci\u00f3n m\u00e1s joven. En una encuesta publicada por organismos oficiales en octubre de este a\u00f1o, el 24% de los j\u00f3venes andaluces opinaban que el lugar de la mujer est\u00e1 en la casa y el 50% consideraban que \u201cla mujer aguanta\/consiente la violencia\u201d. <\/p>\n<p>Este es el resultado, desde que comenz\u00f3 la crisis, de haber suprimido hasta la mitad el presupuesto para pol\u00edticas y leyes por la igualdad. Esta es la consecuencia de la eliminaci\u00f3n de la educaci\u00f3n por la igualdad en la ense\u00f1anza p\u00fablica, de la falta de campa\u00f1as de sensibilizaci\u00f3n en la sociedad y en los medios de comunicaci\u00f3n que frenen la desigualdad y la violencia machista, y del desajuste econ\u00f3mico y social que est\u00e1 suponiendo la crisis para los sectores m\u00e1s humildes. Las cifras revelan la alarmante situaci\u00f3n que estamos viviendo: 40 muertas hasta agosto de 2014, 8 de ellas asesinadas en ese mismo mes, de las que 3 murieron en 3 d\u00edas consecutivos. <\/p>\n<p>Y \u00bfcu\u00e1l es la respuesta del gobierno de Rajoy? Seguir recortando y encubriendo a corruptos y corruptores, que se quedan con el dinero p\u00fablico con total impunidad. Elimina en cuatro a\u00f1os 17 millones del presupuesto para pol\u00edticas contra la violencia machista, pero no escatima en gastos si hay que regalarselos a Florentino P\u00e9rez. Garantiza a toda costa la \u201cseguridad\u201d de los ejecutores de descaradas operaciones de desfalco al dinero p\u00fablico (empezando por la monarqu\u00eda hasta las concejal\u00edas de los ayuntamientos) y no es capaz de garantizar la m\u00ednima seguridad a aquellas mujeres que intentan escapar de las manos de su agresor. <\/p>\n<div style=\"text-align: center\"><b>CUANDO LA CRISIS SE PAGA CON NUESTRAS VIDAS<\/b><\/div>\n<div style=\"clear: both;text-align: center\"><a href=\"http:\/\/cobasindra.org\/wp-content\/uploads\/2014\/11\/DIEVCM.png\" style=\"clear: left;float: left;margin-bottom: 1em;margin-right: 1em\"><img loading=\"lazy\" decoding=\"async\" border=\"0\" src=\"http:\/\/cobasindra.org\/wp-content\/uploads\/2014\/11\/DIEVCM.png\" height=\"320\" width=\"235\" \/><\/a><\/div>\n<p>Desde el inicio de la crisis las pol\u00edticas para la protecci\u00f3n de las mujeres maltratadas se han sumado a la lista de responsabilidades p\u00fablicas recortadas. Y de estos recortes no s\u00f3lo es responsable el gobierno central, las Comunidades Aut\u00f3nomas, todas, y no s\u00f3lo las gobernadas por el PP, han claudicado priorizando el pago de la deuda creada con los bancos. <\/p>\n<p>El \u201cEspa\u00f1a va bien\u201d s\u00f3lo es verdad para el gran capital y su s\u00e9quito de especuladores. Para la clase trabajadora el panorama es paro masivo, bajos salarios, precariedad, pobreza, desahucios y el robo del futuro a la juventud. Y para nosotras, las mujeres trabajadoras, mayor desprotecci\u00f3n y vulnerabilidad ante el machismo y la violencia. <\/p>\n<p>La falta de recursos econ\u00f3micos y la sobrecarga de trabajo dom\u00e9stico y de cuidados no dejan escapar a la inmensa mayor\u00eda de las v\u00edctimas de su terrible situaci\u00f3n. Por eso, aunque los expertos afirmen que no hay un perfil \u00fanico de mujer maltratada, son las mujeres de la clase trabajadora, j\u00f3venes, inmigrantes y desempleadas las que engrosan la lista de asesinadas. La mayor\u00eda de ellas sin denuncia previa. <\/p>\n<p>Si a todo esto le sumamos adem\u00e1s el recorte en ayudas al desempleo, educaci\u00f3n, sanidad, y atenci\u00f3n de personas dependientes, la ecuaci\u00f3n tiene como resultado, la muerte de decenas de mujeres (casi 50, en lo que va de a\u00f1o). Mujeres que, sin \u00e1nimo de exagerar, est\u00e1n pagando esta crisis con sus vidas. <\/p>\n<p><b>El 25 N debe ser un d\u00eda de lucha y de combate de toda la clase obrera, y no s\u00f3lo para \u201clas reivindicaciones feministas\u201d.<\/b> Las recientes movilizaciones por la retirada de la reforma del aborto son el ejemplo a seguir y la muestra de que la lucha sirve y es el \u00fanico camino. Porque el machismo s\u00f3lo beneficia a la burgues\u00eda, ayud\u00e1ndole a explotarnos a\u00fan m\u00e1s. Las organizaciones de la clase obrera debemos ponernos a la cabeza en esta pelea por acabar con la desigualdad y la explotaci\u00f3n que nos llevan a la miseria. <\/p>\n<p><u>Participa con las compa\u00f1eras\/os de Cobas, que nos sumamos a las movilizaciones contra la violencia hacia las mujeres para exigir: <\/u><\/p>\n<ul>\n<li>Recursos suficientes y eficaces para la ayuda a mujeres agredidas.<\/li>\n<li>Inversi\u00f3n p\u00fablica en planes de prevenci\u00f3n y educaci\u00f3n contra la violencia machista.<\/li>\n<li>Garant\u00eda de empleo para las mujeres maltratadas y subsidio de desempleo mientras se les proporciona.<\/li>\n<li>No a la reforma laboral. No a la precariedad laboral ni a los ERES y ERTES fraudulentos, que nos hacen m\u00e1s vulnerables.<\/li>\n<li>No a los recortes en la Ley de Dependencia que nos responsabiliza del cuidado de ancianos y personas con discapacidad.<\/li>\n<li>Educaci\u00f3n, sanidad, transporte y servicios p\u00fablicos de calidad. \u00a1No a las privatizaciones! Por un parque p\u00fablico de viviendas en alquiler social.<\/li>\n<li>Prisi\u00f3n para especuladores y corruptos. Que devuelvan todo lo robado. Que el dinero para el rescate a los bancos se invierta en seguridad y atenci\u00f3n a las v\u00edctimas de violencia machista.<\/li>\n<\/ul>\n<div style=\"background-color: #b3a2c7;color: #500050;font-family: arial, sans-serif;font-size: 13px;text-align: start\">\n<h2 style=\"margin: 0px 0px 5px;padding: 0px;text-align: left\"><span style=\"font-family: Calibri, sans-serif\"><span style=\"line-height: 14.5666675567627px\"><span style=\"font-size: large\"><span style=\"color: #333333\">&nbsp;<\/span><span style=\"color: #cc0000\"> co.bas <\/span><\/span><span style=\"color: #cc0000;font-size: medium\">&nbsp;<\/span><span style=\"color: #333333;font-size: medium\">&nbsp; &nbsp; &nbsp; &nbsp; &nbsp; &nbsp; &nbsp; &nbsp; &nbsp; &nbsp; &nbsp; &nbsp; &nbsp; &nbsp; &nbsp; &nbsp; &nbsp; &nbsp; &nbsp; &nbsp; &nbsp; &nbsp; &nbsp; &nbsp; &nbsp; &nbsp; &nbsp; &nbsp; &nbsp; &nbsp; &nbsp; &nbsp; &nbsp; &nbsp; &nbsp;&nbsp;<\/span><span style=\"color: #333333;font-size: small\">C\/ Moratines n\u00ba 22 \u2013 escalera 1\u00aa, 1\u00ba-B <\/span><span style=\"color: #333333;font-size: medium\">ww<\/span><\/span><\/span><span style=\"color: #333333;font-family: Calibri, sans-serif;font-size: medium;line-height: 14.5666675567627px\">w.cobas.es &nbsp; &nbsp; &nbsp; &nbsp; &nbsp; &nbsp; &nbsp; &nbsp; &nbsp; &nbsp; &nbsp; &nbsp; &nbsp; &nbsp; &nbsp; &nbsp; &nbsp; &nbsp; &nbsp; &nbsp; &nbsp; &nbsp; &nbsp; &nbsp; &nbsp; &nbsp; &nbsp; &nbsp;<\/span><span style=\"color: #333333;font-family: Calibri, sans-serif;line-height: 14.5666675567627px\"><span style=\"font-size: small\">cobasmadrid@gmail.com Tel. 915 277 406<\/span><\/span><\/h2>\n<\/div>\n<\/div>\n<\/fieldset>\n","protected":false},"excerpt":{"rendered":"<div class=\"mh-excerpt\">Participa en las Movilizaciones Contra la Violencia Machista 25 Noviembre 2014 D\u00cdA INTERNACIONAL CONTRA LA VIOLENCIA HACIA LAS MUJERES LOS RECORTES MATAN \u00a1BASTA DE VIOLENCIA MACHISTA! 19:30 Puerta del Sol &nbsp;&#8211; &nbsp;MADRID Al imparable aumento <a class=\"mh-excerpt-more\" href=\"https:\/\/www.sitescobas.es\/indra\/2014\/11\/21\/dia-internacional-de-la-eliminacion-de-la-violencia-contra-la-mujer\/\" title=\"D\u00eda Internacional de la Eliminaci\u00f3n de la Violencia contra la Mujer\">[&#8230;]<\/a><\/div>\n","protected":false},"author":2,"featured_media":135,"comment_status":"open","ping_status":"closed","sticky":false,"template":"","format":"standard","meta":{"_kadence_starter_templates_imported_post":false,"footnotes":""},"categories":[28],"tags":[],"class_list":{"0":"post-557","1":"post","2":"type-post","3":"status-publish","4":"format-standard","5":"has-post-thumbnail","7":"category-mujer"},"_links":{"self":[{"href":"https:\/\/www.sitescobas.es\/indra\/wp-json\/wp\/v2\/posts\/557","targetHints":{"allow":["GET"]}}],"collection":[{"href":"https:\/\/www.sitescobas.es\/indra\/wp-json\/wp\/v2\/posts"}],"about":[{"href":"https:\/\/www.sitescobas.es\/indra\/wp-json\/wp\/v2\/types\/post"}],"author":[{"embeddable":true,"href":"https:\/\/www.sitescobas.es\/indra\/wp-json\/wp\/v2\/users\/2"}],"replies":[{"embeddable":true,"href":"https:\/\/www.sitescobas.es\/indra\/wp-json\/wp\/v2\/comments?post=557"}],"version-history":[{"count":0,"href":"https:\/\/www.sitescobas.es\/indra\/wp-json\/wp\/v2\/posts\/557\/revisions"}],"wp:featuredmedia":[{"embeddable":true,"href":"https:\/\/www.sitescobas.es\/indra\/wp-json\/"}],"wp:attachment":[{"href":"https:\/\/www.sitescobas.es\/indra\/wp-json\/wp\/v2\/media?parent=557"}],"wp:term":[{"taxonomy":"category","embeddable":true,"href":"https:\/\/www.sitescobas.es\/indra\/wp-json\/wp\/v2\/categories?post=557"},{"taxonomy":"post_tag","embeddable":true,"href":"https:\/\/www.sitescobas.es\/indra\/wp-json\/wp\/v2\/tags?post=557"}],"curies":[{"name":"wp","href":"https:\/\/api.w.org\/{rel}","templated":true}]}}