{"id":54,"date":"2013-09-17T14:17:00","date_gmt":"2013-09-17T14:17:00","guid":{"rendered":"http:\/\/pruebas.cobasindra.org\/?p=54"},"modified":"2013-09-17T14:17:00","modified_gmt":"2013-09-17T14:17:00","slug":"ya-estan-aqui","status":"publish","type":"post","link":"https:\/\/www.sitescobas.es\/indra\/2013\/09\/17\/ya-estan-aqui\/","title":{"rendered":"\u00a1Ya est\u00e1n aqu\u00ed!!!"},"content":{"rendered":"<div style=\"clear: both;text-align: center\"><a href=\"http:\/\/cobasindra.org\/wp-content\/uploads\/2013\/09\/poltergeist.jpg\" style=\"clear: left;float: left;margin-bottom: 1em;margin-right: 1em\"><img loading=\"lazy\" decoding=\"async\" border=\"0\" height=\"180\" src=\"http:\/\/cobasindra.org\/wp-content\/uploads\/2013\/09\/poltergeist.jpg\" width=\"240\" \/><\/a><\/div>\n<p>En un plazo r\u00e9cord ya est\u00e1 propuesta la entrada en INDRA de un ex-ministro, Juan Carlos Aparicio, y de un ex-subsecretario, Adolfo Men\u00e9ndez. <br \/>Tal y como anticip\u00e1bamos en este blog <a href=\"http:\/\/pruebas.cobasindra.org\/?p=59\">la puerta giratoria<\/a> ya est\u00e1 engrasada y funcionando. <\/p>\n<p><\/p>\n<fieldset>\n<legend><b>La Sepi solicita a Indra la entrada de Juan Carlos Aparicio y Adolfo Men\u00e9ndez como consejeros<\/b><\/legend>\n<p><\/p>\n<div style=\"text-align: justify\">El pasado 2 de agosto, Bankia y la Sociedad Estatal de Participaciones Industriales (SEPI) llegaron a un acuerdo por el que esta \u00faltima adquiri\u00f3 la participaci\u00f3n del 20,14% de la entidad financiera en la multinacional espa\u00f1ola por 337 millones de euros. <\/p>\n<p>El consejo de administraci\u00f3n de la SEPI, accionista mayoritario de Indra, ha acordado hoy (06\/09\/2013) solicitar a la empresa de tecnolog\u00eda que inicie los tr\u00e1mites para nombrar a Juan Carlos Aparicio y Adolfo Men\u00e9ndez consejeros en representaci\u00f3n de su participaci\u00f3n, informa el grupo p\u00fablico. <\/p>\n<p>Aparicio y Men\u00e9ndez sustituir\u00e1n en el m\u00e1ximo \u00f3rgano de gobierno de la empresa a Manuel Lagares y Gonzalo Alcubilla, los dos vocales que hasta ahora representaban a Bankia mediante las sociedades instrumentales Mediaci\u00f3n y Diagn\u00f3sticos y Participaciones y Cartera de Inversi\u00f3n. <\/p>\n<p><a href=\"http:\/\/www.expansion.com\/2013\/09\/06\/empresas\/tmt\/1378465985.html\">Leer noticia&#8230; Expansi\u00f3n.com<\/a> <\/div>\n<\/fieldset>\n<p>No se trata de un mero ajuste en el organigrama de la empresa, se trata de colocar aqu\u00ed, en INDRA, a pol\u00edticos en situaci\u00f3n complicada, pertenecientes al partido gobernante, en sustituci\u00f3n de otros en situaci\u00f3n m\u00e1s delicada, si cabe. <\/p>\n<p>Podemos repasar algunos datos de sus historiales. <br \/>Vamos primero con los salientes, no vayamos a apenarnos por estas \u00abinesperadas\u00bb destituciones&#8230; <\/p>\n<fieldset>\n<legend><b>Manuel Lagares<\/b><\/legend>\n<p><\/p>\n<div style=\"text-align: justify\">Licenciado en Ciencias Econ\u00f3micas y Empresariales (E-2) por la Universidad Pontificia de Comillas (ICADE) y m\u00e1ster en Hacienda P\u00fablica y Tributaci\u00f3n. Tambi\u00e9n es Inspector de Hacienda del Estado, Inspector de Aduanas e Impuestos Especiales e Interventor Auditor del Estado. Como Inspector de Hacienda del Estado desempe\u00f1\u00f3 distintas responsabilidades en la Administraci\u00f3n. Tambi\u00e9n ha sido profesor asociado de Hacienda P\u00fablica en la Universidad de Alcal\u00e1 de Henares y profesor de Hacienda P\u00fablica y de sistema fiscal espa\u00f1ol en el Colegio Universitario CEU Luis Vives.<br \/>Desde septiembre 2011 es director general de Banco Financiero y de Ahorros. Hasta su incorporaci\u00f3n a Banco Financiero y de Ahorros era consejero delegado del Grupo Neinver, donde se incorpor\u00f3 en 2004 como director general. Adem\u00e1s ha sido presidente ejecutivo de IRUS European Retail Property Fund. <\/p>\n<p><b>Consejero Persona Jur\u00eddica:<\/b> Mediaci\u00f3n y Diagn\u00f3sticos, S.A. <br \/><b>Categor\u00eda<\/b> Dominical. <\/p>\n<p><b>En Indra<\/b><br \/>Vicepresidente de Consejo de Administraci\u00f3n, Vocal de Comisi\u00f3n Delegada, Vocal de Comisi\u00f3n de Nombramientos, Retribuciones y Gobierno Corporativo <br \/><b>Otras Sociedades cotizadas espa\u00f1olas a las que pertenece<\/b> Realia Business, S.A. (Consejero) <a href=\"http:\/\/www.indracompany.com\/accionistas\/organos-de-gobierno\/manuel-lagares\">http:\/\/www.indracompany.com\/accionistas\/organos-de-gobierno\/manuel-lagares<\/a> <\/p>\n<p>Extraordinario curriculum, aunque parece poco \u00e9tico de cara a la opini\u00f3n p\u00fablica debido a su elevada remuneraci\u00f3n en la banca rescatada con nuestros impuestos: <\/p>\n<p><a href=\"http:\/\/www.hoy.es\/v\/20120705\/economia\/rato-exconsejeros-bankia-imputados-20120705.html\">Las ayudas p\u00fablicas a las cajas mientras manten\u00edan alt\u00edsimas remuneraciones e indemnizaciones a sus directivos ha provocado la indignaci\u00f3n en la opini\u00f3n p\u00fablica. UPyD, cuya querella ha puesto en evidencia al Partido Popular, que rechaz\u00f3 la comisi\u00f3n de investigaci\u00f3n parlamentaria, llama la atenci\u00f3n sobre \u00abel hecho de que recibir ayuda p\u00fablica no impidi\u00f3 a Bankia repartir m\u00e1s de 9 millones entre enero y noviembre de 2011 en remuneraciones\u00bb, entre las que destacan los 2,18 millones de Rato y 185.000 euros para <b>Manuel Lagares por dos meses y medio -a m\u00e1s de 3.300 euros por cada d\u00eda laborable-.<\/b><\/a> <\/div>\n<\/fieldset>\n<fieldset>\n<legend><b>Gonzalo Alcubilla<\/b><\/legend>\n<p><\/p>\n<div style=\"text-align: justify\">Licenciado en Ciencias Econ\u00f3micas por la Universidad Complutense de Madrid, en la especialidad de Econom\u00eda Cuantitativa. <\/p>\n<p>Ha desarrollado toda su carrera profesional en el Grupo Caja Madrid, siendo Director de la Cartera de Inversi\u00f3n, Director de Banca Corporativa, Director de Corporate Finance, Subdirector General y Director de Banca de Empresas. A ra\u00edz de la integraci\u00f3n de las Cajas de Ahorros, se mantuvo en su cargo como Director de Banca de Empresas de Bankia. <\/p>\n<p><b>En Marzo de 2013<\/b> es nombrado Director de la Unidad de Banca de Negocios de Bankia. <\/p>\n<p><b>Consejero Persona Jur\u00eddica:<\/b> Participaciones y Cartera de Inversi\u00f3n, S.L. <br \/><b>Categor\u00eda <\/b>Dominical <\/p>\n<p><b>En Indra<\/b><br \/>Vocal de Consejo de Administraci\u00f3n<br \/>Vocal de Comisi\u00f3n de Auditor\u00eda y Cumplimiento <\/p>\n<p>Y desafortunadamente algo m\u00e1s&#8230; <\/p>\n<p><a href=\"http:\/\/www.elmundo.es\/elmundo\/2013\/04\/17\/economia\/1366190449.html\">El juez imputa al Comit\u00e9 Financiero de Caja Madrid por el cr\u00e9dito a D\u00edaz Ferr\u00e1n<\/a> <b>elmundo.es<\/b> <br \/>El juez de Madrid que investiga el cr\u00e9dito de 26,6 millones de euros concedido por Caja Madrid al Grupo Marsans, dirigido por el expresidente de la CEOE Gerardo D\u00edaz Ferr\u00e1n, ha citado como imputados a los seis miembros del Comit\u00e9 Financiero de la entidad bancaria durante la presidencia de Miguel Blesa. <\/p>\n<p><a href=\"http:\/\/www.20minutos.es\/noticia\/1822098\/0\/declaran-juez-comite\/caja-madrid\/credito-diaz-ferran\/\">Un exdirectivo de Caja Madrid declara que el pr\u00e9stamo a D\u00edaz Ferr\u00e1n ten\u00eda garant\u00edas<\/a> <b>20minutos.es<\/b> <br \/>El exdirector de Negocio de Caja Madrid Gonzalo Alcubilla, imputado en la causa que investiga la concesi\u00f3n supuestamente irregular de un cr\u00e9dito de 26,6 millones de euros al Grupo Marsans de Gerardo D\u00edaz Ferr\u00e1n, ha declarado ante el juez que la operaci\u00f3n era viable y ofrec\u00eda todo tipo de garant\u00edas. <br \/>&#8230;..<br \/>A pesar de lo que ha explicado Alcubilla, en un correo electr\u00f3nico enviado por el exdirector de Riesgos de la caja, Juan Bartolom\u00e9, a Alcubilla, referido a otro cr\u00e9dito de 14 millones solicitado por una de las sociedades de D\u00edaz Ferr\u00e1n -Teinver-, Bartolom\u00e9 advert\u00eda de varias dudas sobre su solvencia. Ese cr\u00e9dito, seg\u00fan fuentes jur\u00eddicas, fue denegado por falta de datos y de garant\u00edas. <\/p>\n<p><a href=\"http:\/\/www.capitalmadrid.com\/2013\/5\/25\/0000029821\/contradicciones_entre_testigos_e_imputados_en_el_caso_blesa1.html\">Contradicciones entre testigos e imputados en el &#8216;caso Blesa&#8217;<\/a> <b>capitalmadrid.com<\/b> <br \/>El juez Elpidio Jos\u00e9 Silva ha rechazado imponer medidas cautelares, como reclamaba la acusaci\u00f3n popular ejercida por Manos Limpias, que tambi\u00e9n ha pedido retirarle el pasaporte y fijarle comparecencias semanales. <\/p>\n<p>Alcubilla, muy lejos de los argumentos esgrimidos por Sub\u00edas, ha descrito como el comit\u00e9 financiero de Caja Madrid dio autoriz\u00f3 la concesi\u00f3n del pr\u00e9stamo al Grupo Marsans de Gerardo D\u00edaz Ferr\u00e1n mientras \u00e9ste era consejero de Caja Madrid gracias a esta oferta que explic\u00f3 el entonces presidente de la CEOE, pues hac\u00eda ver que la operaci\u00f3n era viable y que seg\u00fan Ferr\u00e1n ofrec\u00eda todo tipo de garant\u00edas. <\/p>\n<p>En cambio, como ha descrito este jueves capitalmadrid.com en su an\u00e1lisis \u2018El exdirector financiero de Caja Madrid acusa a D\u00edaz Ferr\u00e1n de mentir como nadie&#8217; seg\u00fan un correo electr\u00f3nico enviado por el exdirector de Riesgos de la caja, Juan Bartolom\u00e9, a Alcubilla, referido a otro cr\u00e9dito de 14 millones, Bartolom\u00e9 advert\u00eda de la existencia de dudas sobre su solvencia de las empresas del presidente de la CEOE. El cr\u00e9dito ser\u00eda denegado por falta de datos y de garant\u00edas. <\/p><\/div>\n<\/fieldset>\n<p>&#8230;y los entrantes: <\/p>\n<fieldset>\n<legend><b>Adolfo Men\u00e9ndez<\/b><\/legend>\n<p><\/p>\n<div style=\"text-align: justify\">Licenciado en Derecho por la Universidad Aut\u00f3noma de Madrid y abogado del Estado por oposici\u00f3n (en excedencia). En la actualidad es socio em\u00e9rito dentro del despacho de abogados Ur\u00eda Men\u00e9ndez y profesor del IE Law School. <\/p>\n<p>Men\u00e9ndez ha sido subsecretario de Defensa (1996-2000) y de Fomento (2000-2004), as\u00ed como profesor ayudante de Derecho administrativo en la Facultad de Derecho de la Universidad Complutense y profesor asociado de la misma materia en el Centro de Estudios Sociales y Jur\u00eddicos Ram\u00f3n Carande de la Universidad Rey Juan Carlos I.<br \/>Adem\u00e1s ha trabajado en los ministerios de Presidencia, Sanidad y ha sido consejero de compa\u00f1\u00edas como Tabacalera, Telef\u00f3nica, RENFE, Construcciones Aeron\u00e1uticas y Gestor de Infraestructuras Ferroviarias. <\/p>\n<p><b>.. su etapa como subsecretario de Fomento no trae precisamente buenos recuerdos:<\/b> <\/p>\n<p><a href=\"http:\/\/elpais.com\/diario\/2003\/03\/20\/espana\/1048114816_850215.html\">Fomento evita dar detalles a la Euroc\u00e1mara sobre las decisiones tomadas con el &#8216;Prestige&#8217;<\/a> <br \/>&#8230;el subsecretario de Fomento, Adolfo Men\u00e9ndez, tuvo inter\u00e9s en subrayar que el Prestige era un \u00abbarco mal mantenido y peor tripulado\u00bb. Men\u00e9ndez, en cambio, escurri\u00f3 el bulto una y otra vez sobre los seis d\u00edas que precedieron al hundimiento y las decisiones adoptada por el ministerio. <\/p>\n<div style=\"clear: both;text-align: center\"><a href=\"http:\/\/cobasindra.org\/wp-content\/uploads\/2013\/09\/juicio01.jpg\" style=\"clear: left;float: left;margin-bottom: 1em;margin-right: 1em\"><img loading=\"lazy\" decoding=\"async\" border=\"0\" height=\"82\" src=\"http:\/\/cobasindra.org\/wp-content\/uploads\/2013\/09\/juicio01-300x77.jpg\" width=\"320\" \/><\/a><\/div>\n<p><b>Responsabilidad en el caso <i>Prestige<\/i><\/b> <br \/><b>Cargo en 2002<\/b>: subsecretario de Fomento.<br \/>Sus responsabilidades\/competencias eran: de la Subsecretar\u00eda de Fomento, bajo la superior direcci\u00f3n del titular de la misma, depende entre otras la Direcci\u00f3n General de la Marina Mercante con competencias en contaminaci\u00f3n marina. Fue vocal de la comisi\u00f3n interministerial que se cre\u00f3 a consecuencia del Prestige, con el fin de paliar los da\u00f1os producidos por el accidente.<br \/><b>Sus actuaciones:<\/b> la decisi\u00f3n de alejar el barco sali\u00f3 fundamentalmente del Ministerio de Fomento. L\u00f3pez Sors, por entonces Director General de la Marina Mercante, seg\u00fan abogados presentes en su declaraci\u00f3n, matiz\u00f3 que estaba en contacto permanente con sus superiores inmediatos del Ministerio de Fomento, Francisco \u00c1lvarezCascos, y el subsecretario, Adolfo Men\u00e9ndez, y se\u00f1al\u00f3 que la decisi\u00f3n de enviar el buque mar adentro, en lugar de darle abrigo en puerto para intentar extraer su carga, la adopt\u00f3 tras escuchar a las personas que interven\u00edan en la operaci\u00f3n.<br \/>Adolfo Men\u00e9ndez, como uno de los mayores responsables del Ministerio de Fomento, no tom\u00f3 decisiones acertadas ante la crisis del Prestige, ni supo coordinar el plan de contingencias ante la contaminaci\u00f3n en el mar que era de su competencia como cargo responsable de Capitan\u00eda Mar\u00edtima.<\/p>\n<p><b>Consecuencia<\/b>: descoordinaci\u00f3n y aplicaci\u00f3n errada del plan de contingencias. No asumi\u00f3 responsabilidades en la toma de decisiones.<\/p>\n<p><b>Cargo en 2012:<\/b> Adolfo Men\u00e9ndez Men\u00e9ndez se incorpor\u00f3 en el a\u00f1o 2004 a la oficina de Madrid de Ur\u00eda&amp;Men\u00e9ndez, prestigioso bufete de abogados.<br \/><b>Otros datos de inter\u00e9s:<\/b> las acciones legales del Estado espa\u00f1ol contra el entramado de empresas relacionadas con el Prestige las llev\u00f3 a cabo el bufete Ur\u00eda&amp;Men\u00e9ndez (que ten\u00eda entre sus socios a un primo de Rodrigo Rato, Luis Figaredo), por encargo de la Administraci\u00f3n y se dirigieron, en primer lugar, contra ABS, la sociedad que clasific\u00f3 el petrolero y por tanto, le dio el visto bueno para navegar. <\/div>\n<\/fieldset>\n<fieldset>\n<legend><b>Juan Carlos Aparicio<\/b><\/legend>\n<p><\/p>\n<div style=\"text-align: justify\">Licenciado en Qu\u00edmicas. T\u00e9cnico en organizaciones empresariales. Ha sido vicesecretario de la Federaci\u00f3n de Empresarios de Burgos.<br \/>Diputado por Burgos entre 1986 y 2004 y luego desde 2008 hasta hoy. 1983 Procurador en las Cortes de Castilla y Le\u00f3n, vicepresidente la Junta de Castilla y Le\u00f3n y consejero de Presidencia de la Junta de Castilla y Le\u00f3n (1989) bajo el mandato de Jos\u00e9 Mar\u00eda Aznar.<br \/>Secretario de Estado de la Seguridad Social (1996-1999). <b>Ministro de Trabajo y Asuntos Sociales<\/b> (1999-2002). <b>Alcalde de Burgos<\/b> (2003-2011). Senador por la provincia de Burgos (2004-2008). Ha recibido las Grandes Cruces Carlos III, M\u00e9rito Civil e Isabel la Cat\u00f3lica. <\/p>\n<p><b><a href=\"http:\/\/www.sueldospublicos.com\/texto-diario\/mostrar\/151998\/el-diputado-del-pp-juan-carlos-aparicio-cobra-6069-euros-brutos-al-mes\">Sueldo como diputado<\/a><\/b> <br \/>Aparicio percibe la asignaci\u00f3n constitucional b\u00e1sica de 39.394,18 euros brutos anuales. <br \/>Como es presidente de la Comisi\u00f3n de Interior cobra un complemento por raz\u00f3n del cargo de 20.038,34 euros. En total, son 59.432,52 euros. <br \/>Al presentarse por la circunscripci\u00f3n de Burgos, cobra 21.886,32 euros libres de impuestos para costear gastos de manutenci\u00f3n y alojamiento. <br \/>Las tres cantidades suman 81.318,84 euros brutos al a\u00f1o, pero 21.886,32 no tributan. <\/p>\n<p><a href=\"http:\/\/www.noticiascastillayleon.com\/noticia\/El-PSOE-pide-al-PP-que-explique-los-supuestos-pagos-en-B-a-Aparicio-y-Pena\/44236\/1\/\">El PSOE pide al PP que explique los supuestos pagos en B a Aparicio y Pe\u00f1a<\/a><br \/>seg\u00fan la declaraci\u00f3n de B\u00e1rcenas y la contabilidad B del PP, en 1992 se hicieron pagos de m\u00e1s de 31 millones de pesetas (casi 190.000 euros) a Jos\u00e9 Mar\u00eda Pe\u00f1a y Juan Carlos Aparicio, coincidiendo con el final del conocido como &#8216;caso de la Construcci\u00f3n&#8217;, por corrupci\u00f3n urban\u00edstica. <\/p>\n<p>Juan Carlos Aparicio <a href=\"http:\/\/www.diariodeburgos.es\/noticia.cfm\/Local\/20111018\/psoe\/cuestiona\/lista\/pp\/20n\/porque\/hay\/dos\/imputados\/C5D4523E-D892-85C6-D276A2C78ED6A139\" rel=\"external\">imputado<\/a> por prevaricaci\u00f3n al conceder una licencia de obra que no cumpl\u00eda con el Plan General de Ordenaci\u00f3n Urbana. El caso se traslad\u00f3 al Tribunal Supremo por su condici\u00f3n de aforado.<\/div>\n<\/fieldset>\n","protected":false},"excerpt":{"rendered":"<div class=\"mh-excerpt\">En un plazo r\u00e9cord ya est\u00e1 propuesta la entrada en INDRA de un ex-ministro, Juan Carlos Aparicio, y de un ex-subsecretario, Adolfo Men\u00e9ndez. Tal y como anticip\u00e1bamos en este blog la puerta giratoria ya est\u00e1 <a class=\"mh-excerpt-more\" href=\"https:\/\/www.sitescobas.es\/indra\/2013\/09\/17\/ya-estan-aqui\/\" title=\"\u00a1Ya est\u00e1n aqu\u00ed!!!\">[&#8230;]<\/a><\/div>\n","protected":false},"author":2,"featured_media":186,"comment_status":"open","ping_status":"closed","sticky":false,"template":"","format":"standard","meta":{"_kadence_starter_templates_imported_post":false,"footnotes":""},"categories":[13],"tags":[],"class_list":{"0":"post-54","1":"post","2":"type-post","3":"status-publish","4":"format-standard","5":"has-post-thumbnail","7":"category-cobas-indra"},"_links":{"self":[{"href":"https:\/\/www.sitescobas.es\/indra\/wp-json\/wp\/v2\/posts\/54","targetHints":{"allow":["GET"]}}],"collection":[{"href":"https:\/\/www.sitescobas.es\/indra\/wp-json\/wp\/v2\/posts"}],"about":[{"href":"https:\/\/www.sitescobas.es\/indra\/wp-json\/wp\/v2\/types\/post"}],"author":[{"embeddable":true,"href":"https:\/\/www.sitescobas.es\/indra\/wp-json\/wp\/v2\/users\/2"}],"replies":[{"embeddable":true,"href":"https:\/\/www.sitescobas.es\/indra\/wp-json\/wp\/v2\/comments?post=54"}],"version-history":[{"count":0,"href":"https:\/\/www.sitescobas.es\/indra\/wp-json\/wp\/v2\/posts\/54\/revisions"}],"wp:featuredmedia":[{"embeddable":true,"href":"https:\/\/www.sitescobas.es\/indra\/wp-json\/wp\/v2\/menu-items\/186"}],"wp:attachment":[{"href":"https:\/\/www.sitescobas.es\/indra\/wp-json\/wp\/v2\/media?parent=54"}],"wp:term":[{"taxonomy":"category","embeddable":true,"href":"https:\/\/www.sitescobas.es\/indra\/wp-json\/wp\/v2\/categories?post=54"},{"taxonomy":"post_tag","embeddable":true,"href":"https:\/\/www.sitescobas.es\/indra\/wp-json\/wp\/v2\/tags?post=54"}],"curies":[{"name":"wp","href":"https:\/\/api.w.org\/{rel}","templated":true}]}}