{"id":534,"date":"2015-04-28T09:47:00","date_gmt":"2015-04-28T07:47:00","guid":{"rendered":"http:\/\/pruebas.cobasindra.org\/?p=534"},"modified":"2015-04-28T09:47:00","modified_gmt":"2015-04-28T07:47:00","slug":"1o-de-mayo-no-hay-cambio-sin-lucha-obrera-manifestacion-12h-pza-legazpi","status":"publish","type":"post","link":"https:\/\/www.sitescobas.es\/indra\/2015\/04\/28\/1o-de-mayo-no-hay-cambio-sin-lucha-obrera-manifestacion-12h-pza-legazpi\/","title":{"rendered":"1\u00ba DE MAYO, NO HAY CAMBIO SIN LUCHA OBRERA: MANIFESTACI\u00d3N 12H PZA LEGAZPI"},"content":{"rendered":"<p>&nbsp;<\/p>\n<h2 style=\"text-align: center\"><b>PORQUE SOBRAN RAZONES<\/b><\/h2>\n<div>\n<h2 style=\"text-align: center\"><span style=\"color: #ff0000\">PORQUE NO HAY CAMBIO SIN LUCHA OBRERA<\/span><\/h2>\n<\/div>\n<p>El 1\u00ba de Mayo conmemoramos una vez m\u00e1s la revuelta de Haymarket en el Chicago de 1886, que desembocar\u00eda en la instauraci\u00f3n de la jornada de 8 horas.<\/p>\n<p><a href=\"http:\/\/cobasindra.org\/wp-content\/uploads\/2015\/05\/MANO.png\"><img loading=\"lazy\" decoding=\"async\" class=\" size-medium wp-image-537 alignleft\" src=\"http:\/\/cobasindra.org\/wp-content\/uploads\/2015\/05\/MANO-239x300.png\" alt=\"MANO\" width=\"239\" height=\"300\" \/><\/a><\/p>\n<p>&nbsp;<\/p>\n<p>Hoy 129 a\u00f1os despu\u00e9s y a pesar de todos los cambios tecnol\u00f3gicos que permitir\u00edan un mejor reparto del trabajo y de la calidad de vida, las condiciones de trabajo se parecen cada vez m\u00e1s a las del siglo XIX<\/p>\n<p>Los trabajadores de las contratas y subcontratas de Movistar que llevan en huelga indefinida desde el 28 de marzo es la mejor demostraci\u00f3n del cinismo de las grandes empresas y el gobierno y de las condiciones a las que nos est\u00e1n llevando a los trabajadores\/as.<\/p>\n<p>El gobierno sigue hablando de \u201crecuperaci\u00f3n econ\u00f3mica\u201d y de \u201cmejora\u201d de la situaci\u00f3n. Pero el pa\u00eds real va por otro sitio, se sigue desangrando con el desempleo, con salarios de miseria, con j\u00f3venes que emigran, con desahucios de familias.<\/p>\n<p>Peor a\u00fan, mientras los corruptos se pasean, el gobierno recorta derechos democr\u00e1ticos, impone la ley mordaza, persigue a los\/as activistas sindicales y sociales para imponer un clima de miedo y resignaci\u00f3n.<\/p>\n<p>Hoy, cuando las expectativas de cambio social se centran en las pr\u00f3ximas citas electorales, desde COBAS decimos que no hay que renunciar a ning\u00fan medio para sacarse de encima a estos gobiernos del desempleo, la corrupci\u00f3n y las reformas laborales. Echar a estos sinverg\u00fcenzas, a estos lacayos de la Troika es la tarea m\u00e1s importante porque con ellos no hay manera de salir de este pozo en el que nos han metido.<\/p>\n<p>Pero tambi\u00e9n los trabajadores tenemos que dejar claro que el cambio no puede ser un lema vac\u00edo de contenido. Queremos la derogaci\u00f3n de la reforma laboral; queremos que se ponga fin a los desahucios; queremos salarios dignos; queremos educaci\u00f3n y sanidad p\u00fablica y de calidad; servicios p\u00fablicos de calidad, sin privatizaciones; queremos planes de empleo y garant\u00edas de que a ninguna familia le falta pan y techo.<\/p>\n<p><a href=\"http:\/\/cobasindra.org\/wp-content\/uploads\/2015\/05\/PIES.png\"><img loading=\"lazy\" decoding=\"async\" class=\"alignleft size-medium wp-image-536\" src=\"http:\/\/cobasindra.org\/wp-content\/uploads\/2015\/05\/PIES-211x300.png\" alt=\"PIES\" width=\"211\" height=\"300\" \/><\/a>Y decimos que mientras la primera obligaci\u00f3n del Estado sea pagar la deuda de los banqueros y especuladores no saldremos del pozo. Sin esas medidas de emergencia social, no habr\u00e1 cambio.<\/p>\n<p>Ning\u00fan gobierno, ni este ni el que venga, dar\u00e1 garant\u00edas de llevar a cabo el plan de emergencia social que necesitamos si los trabajadores y el pueblo renunciamos a estar en la calle, a la movilizaci\u00f3n, a la lucha.<\/p>\n<p>Porque sin esas manifestaciones masivas, sin las huelgas generales, sin las multitudinarias mareas de la educaci\u00f3n o la sanidad, sin las muchas huelgas obreras y estudiantiles habidas en estos a\u00f1os olas que hoy protagonizan los trabajadores de las subcontratas, contratas y aut\u00f3nomos de Movistar, en este pa\u00eds hoy no habr\u00eda ni el descr\u00e9dito del gobierno y el bipartidismo, ni habr\u00eda siquiera la menor esperanza de cambio.<\/p>\n<p>La lucha obrera, la preparaci\u00f3n de una huelga general sigue siendo una necesidad porque los problemas siguen agrav\u00e1ndose, porque hace falta que los que hoy est\u00e1n no levanten cabeza y los que vengan tomen buena nota de que no van a tener tregua sino ponen en pie un plan de emergencia social que garantice pan, trabajo y techo.<\/p>\n<div>\n<p><b style=\"text-align: center\">\u00a1Abajo el gobierno de los banqueros, la mentira y la corrupci\u00f3n!<\/b><\/p>\n<\/div>\n<h2 style=\"text-align: center\">\u00a1No hay cambio sin lucha obrera!<\/h2>\n<fieldset>No apoyes al \u201csindicalismo\u201d del r\u00e9gimen, los del pacto social, los firmates de EREs y ERTEs\u2026 <br \/>\n<strong><br style=\"text-align: center\">\u00danete al sindicalismo de clase y combativo, a los trabajadores de las subcontratas de Movistar, ven con Las Marchas de la dignidad. <\/br>\u00a0 \u00a0<\/strong><br \/>\n<br \/>\u00a0 \u00a0 \u00a0 \u00a0 \u00a0 \u00a0 \u00a0 \u00a0 \u00a0 \u00a0 \u00a0 \u00a0 \u00a0 \u00a0 \u00a0 \u00a0 \u00a0 \u00a0 \u00a0 \u00a0 \u00a0 \u00a0 \u00a0 \u00a0 \u00a0 \u00a0 \u00a0 \u00a0 \u00a0 \u00a0 \u00a0 \u00a0 \u00a0 \u00a0 \u00a0 \u00a0 \u00a0 \u00a0 \u00a0 \u00a0 \u00a0 \u00a0 \u00a0 \u00a0 \u00a0 \u00a0 \u00a0 <\/p>\n<h2 style=\"text-align: center\"><span style=\"color: #ff0000\">12 horas Plaza Legazpi &#8211; Atocha (Reina Sof\u00eda)<\/span><\/h2>\n<p>\n<\/fieldset>\n<p><a href=\"http:\/\/2.bp.blogspot.com\/-bsUXUCieUfs\/VT-I6w7KxNI\/AAAAAAAAAyU\/oHTzzt1tAm4\/s1600\/COBAS.png\"><img decoding=\"async\" src=\"https:\/\/2.bp.blogspot.com\/-bsUXUCieUfs\/VT-I6w7KxNI\/AAAAAAAAAyU\/oHTzzt1tAm4\/s200\/COBAS.png\" alt=\"\" border=\"0\" \/><\/a><\/p>\n<p><a href=\"mailto:cobasmadrid@gmail.com\" target=\"_blank\" data-blogger-escaped-href=\"mailto:cobasmadrid@gmail.com\" data-blogger-escaped-target=\"_blank\" rel=\"noopener noreferrer\">cobasmadrid@gmail.com<\/a><\/p>\n","protected":false},"excerpt":{"rendered":"<div class=\"mh-excerpt\">&nbsp; PORQUE SOBRAN RAZONES PORQUE NO HAY CAMBIO SIN LUCHA OBRERA El 1\u00ba de Mayo conmemoramos una vez m\u00e1s la revuelta de Haymarket en el Chicago de 1886, que desembocar\u00eda en la instauraci\u00f3n de la <a class=\"mh-excerpt-more\" href=\"https:\/\/www.sitescobas.es\/indra\/2015\/04\/28\/1o-de-mayo-no-hay-cambio-sin-lucha-obrera-manifestacion-12h-pza-legazpi\/\" title=\"1\u00ba DE MAYO, NO HAY CAMBIO SIN LUCHA OBRERA: MANIFESTACI\u00d3N 12H PZA LEGAZPI\">[&#8230;]<\/a><\/div>\n","protected":false},"author":2,"featured_media":0,"comment_status":"open","ping_status":"closed","sticky":false,"template":"","format":"standard","meta":{"_kadence_starter_templates_imported_post":false,"footnotes":""},"categories":[29],"tags":[27],"class_list":{"0":"post-534","1":"post","2":"type-post","3":"status-publish","4":"format-standard","6":"category-sociedad","7":"tag-protesta"},"_links":{"self":[{"href":"https:\/\/www.sitescobas.es\/indra\/wp-json\/wp\/v2\/posts\/534","targetHints":{"allow":["GET"]}}],"collection":[{"href":"https:\/\/www.sitescobas.es\/indra\/wp-json\/wp\/v2\/posts"}],"about":[{"href":"https:\/\/www.sitescobas.es\/indra\/wp-json\/wp\/v2\/types\/post"}],"author":[{"embeddable":true,"href":"https:\/\/www.sitescobas.es\/indra\/wp-json\/wp\/v2\/users\/2"}],"replies":[{"embeddable":true,"href":"https:\/\/www.sitescobas.es\/indra\/wp-json\/wp\/v2\/comments?post=534"}],"version-history":[{"count":0,"href":"https:\/\/www.sitescobas.es\/indra\/wp-json\/wp\/v2\/posts\/534\/revisions"}],"wp:attachment":[{"href":"https:\/\/www.sitescobas.es\/indra\/wp-json\/wp\/v2\/media?parent=534"}],"wp:term":[{"taxonomy":"category","embeddable":true,"href":"https:\/\/www.sitescobas.es\/indra\/wp-json\/wp\/v2\/categories?post=534"},{"taxonomy":"post_tag","embeddable":true,"href":"https:\/\/www.sitescobas.es\/indra\/wp-json\/wp\/v2\/tags?post=534"}],"curies":[{"name":"wp","href":"https:\/\/api.w.org\/{rel}","templated":true}]}}