{"id":52,"date":"2013-09-26T15:00:00","date_gmt":"2013-09-26T15:00:00","guid":{"rendered":"http:\/\/pruebas.cobasindra.org\/?p=52"},"modified":"2013-09-26T15:00:00","modified_gmt":"2013-09-26T15:00:00","slug":"jaque-al-rey","status":"publish","type":"post","link":"https:\/\/www.sitescobas.es\/indra\/2013\/09\/26\/jaque-al-rey\/","title":{"rendered":"Jaque al Rey"},"content":{"rendered":"<fieldset>\n<legend><b>Invitaci\u00f3n a manifestaci\u00f3n<\/b><\/legend>\n<p><\/p>\n<div style=\"text-align: justify\">\n<div style=\"clear: both;text-align: center\"><a href=\"http:\/\/cobasindra.org\/wp-content\/uploads\/2013\/09\/28S-Elefantes_G.jpg\" style=\"clear: left;float: left;margin-bottom: 1em;margin-right: 1em\"><img loading=\"lazy\" decoding=\"async\" border=\"0\" height=\"179\" src=\"http:\/\/cobasindra.org\/wp-content\/uploads\/2013\/09\/28S-Elefantes_G-300x168.jpg\" width=\"320\" \/><\/a><\/div>\n<p>Desde <span style=\"color: red\">Co.Bas<\/span> os invitamos a participar en la manifestaci\u00f3n del s\u00e1bado 28 de septiembre de 2013. <\/p>\n<p>Dicha manifestaci\u00f3n comienza en <b>Moncloa a las 18:00 h<\/b>., e iremos hasta la <b>Pz. de Oriente (19:00 h.)<\/b>. <\/p>\n<p>Un Rey que se nos impuso antes de que se instaurase la \u00abDemocracia\u00bb (ya que lo nombr\u00f3 como su sucesor el dictador Franco), y que nunca se ha sometido a ning\u00fan tipo de refrendo popular. <\/p>\n<p>Una casa real que sigue gozando de todos los privilegios mientras a los trabajadores y el pueblo se nos pasa la factura de una crisis que nosotros\/as no hemos generado. <\/p>\n<p>Desde <span style=\"color: red\">Co.Bas<\/span> nos sumamos a los que exigen la abolici\u00f3n de la Monarqu\u00eda y que se abra un proceso democr\u00e1tico Constituyente. Y les decimos lo que les gritamos en las manifestaciones: <\/p>\n<p>\u201cY ahora que lleg\u00f3 la crisis <br \/>y en gastos quieren ahorrar <br \/>que se cierre La Zarzuela <br \/>y el Borb\u00f3n a trabajar\u201d  <\/p>\n<p>Los compa\u00f1eros\/as de Co.Bas hemos quedado a las 17:30 en la Calle Princesa donde se encuentran las Paradas de autobuses de las l\u00edneas 46 y G (frente al Cuartel General del Ej\u00e9rcito del Aire).  <\/p><\/div>\n<\/fieldset>\n<fieldset>\n<legend> <\/p>\n<h2 style=\"background-color: white;border: 0px;color: #777777;font-family: 'Droid Sans', arial, sans-serif;font-size: 1.3em;line-height: 1.4;margin: 0px 0px 12px;padding: 0px;vertical-align: baseline\"><a href=\"http:\/\/coordinadora25s.wordpress.com\/2013\/08\/29\/el-28-de-septiembre-damos-un-jaquealrey\/\" rel=\"bookmark\" style=\"border: 0px;color: #777777;font-family: inherit;font-size: 20px;font-style: inherit;font-variant: inherit;font-weight: inherit;line-height: inherit;margin: 0px;padding: 0px;text-decoration: none;vertical-align: baseline\" title=\"Enlace permanente a El 28 de septiembre damos un Jaque al Rey\">El 28 de septiembre damos un Jaque al&nbsp;Rey<\/a><\/h2>\n<\/legend>\n<div style=\"text-align: justify\">\n<div style=\"clear: both;text-align: center\"><a href=\"http:\/\/cobasindra.org\/wp-content\/uploads\/2013\/09\/jaque-al-rey.jpg\" style=\"clear: left;float: left;margin-bottom: 1em;margin-right: 1em\"><img loading=\"lazy\" decoding=\"async\" border=\"0\" height=\"400\" src=\"http:\/\/cobasindra.org\/wp-content\/uploads\/2013\/09\/jaque-al-rey-186x300.jpg\" width=\"248\" \/><\/a><\/div>\n<p>De todo el entramado institucional del actual R\u00e9gimen, la monarqu\u00eda es el elemento que tiene menor legitimidad; por su origen, ya que Juan Carlos fue nombrado por Franco como su sucesor a t\u00edtulo de rey; y tambi\u00e9n porque nunca ha tenido tipo alguno de refrendo popular.<\/p>\n<p>La cabeza de la monarqu\u00eda, el rey, ha sido a lo largo de \u00e9stas d\u00e9cadas todo un exponente de los rasgos m\u00e1s nefastos del sistema: participaci\u00f3n de los \u00faltimos fusilamientos de la dictadura, implicaci\u00f3n en el pronunciamiento militar del 23-F, contribuci\u00f3n en diversos casos de corrupci\u00f3n, aprovechamiento privado permanente de su condici\u00f3n de Jefe de Estado\u2026<\/p>\n<p>En un momento econ\u00f3mico y pol\u00edtico tan delicado como el que estamos viviendo, es especialmente doloroso ver a diario el boato, el despilfarro y el blindaje judicial del que hace gala la familia real, ante la mirada at\u00f3nita de sus \u201cs\u00fabditos\u201d y la complicidad del sistema.<\/p>\n<p>Para dar un paso adelante en un proceso de empoderamiento del Pueblo (\u00fanica forma a su vez de avanzar en un aut\u00e9ntico Proceso Destituyente \u2013 Constituyente), es necesario conseguir la <b>abolici\u00f3n de la monarqu\u00eda<\/b>.<\/p>\n<p><b>Es por ello que desde la Coordinadora 25S convocamos a toda la sociedad a una gran movilizaci\u00f3n para el s\u00e1bado 28 de septiembre, bajo el lema #JaquealRey. <\/b><\/div>\n<\/fieldset>\n<fieldset>\n<legend>Opini\u00f3n de Juan Carlos Monedero <\/legend>\n<p><\/p>\n<div style=\"text-align: justify\">\n<div style=\"clear: both;text-align: center\"><a href=\"http:\/\/cobasindra.org\/wp-content\/uploads\/2013\/09\/juan-carlos-monedero1.jpg\" style=\"clear: left;float: left;margin-bottom: 1em;margin-right: 1em\"><img loading=\"lazy\" decoding=\"async\" border=\"0\" height=\"200\" src=\"http:\/\/cobasindra.org\/wp-content\/uploads\/2013\/09\/juan-carlos-monedero1.jpg\" width=\"200\" \/><\/a><\/div>\n<p><b>1).- \u00bfQu\u00e9 te parece la convocatoria de \u00abJaque al Rey\u00bb para el 28 de Septiembre en la Plaza de Oriente?<\/b><\/p>\n<p>El rey fue el garante pactado por militares, bur\u00f3cratas del franquismo y los Estados Unidos (adem\u00e1s del mismo Franco) de que la democracia llegar\u00eda a Espa\u00f1a sin pedir cuentas a los responsables del golpe de Estado de 1936 y sin exigir responsabilidades a los que mantuvieron a Espa\u00f1a bajo una dictadura durante 40 a\u00f1os. Esa impunidad pol\u00edtica devino en impunidad econ\u00f3mica, social, pol\u00edtica, etc. Si los responsables de la dictadura pod\u00edan ser los responsables de la democracia \u00bfqu\u00e9 freno iban a tener? Eso explica que el rey, que carec\u00eda de patrimonio, sea hoy una de las personas m\u00e1s ricas de Espa\u00f1a. Como financistas de esa fortuna est\u00e1n los grandes empresarios, banqueros y constructoras que vieron en el rey la coartada perfecta para el entramado corrupto que hoy sufrimos. Igualmente, el rey es el referente de una versi\u00f3n de la historia de Espa\u00f1a donde no existe el pueblo ni la lucha por la democracia y, mucho menos, la lucha por la Rep\u00fablica. El ejemplo m\u00e1s claro fue ver al Borb\u00f3n dando lecciones a los espa\u00f1oles con motivo del aniversario de la Constituci\u00f3n de Cadiz de 1812, dejando de lado el papel del pueblo -ejemplificado en Rafael de Riegoexigiendo a Fernando VII acatar la Constituci\u00f3n. Esa lectura interesada de la historia de Espa\u00f1a coincide con la interpretaci\u00f3n de la derecha, que tiene un relato sin fisuras que sostiene su privilegio y su desprecio por las formas democr\u00e1ticas. <\/p>\n<p><b>2).- \u00bfQu\u00e9 razones crees que hay para esta movilizaci\u00f3n?<\/b><\/p>\n<p>En Espa\u00f1a, la lucha por la Rep\u00fablica ha ido m\u00e1s lejos de una forma de gobierno, significando la posibilidad de una alternativa democr\u00e1tica donde el pueblo tenga la responsabilidad. Desde la muerte de Franco, nunca hemos sido interrogados por aquellos asuntos que nos competen, tutelados siempre por la figura del monarca que simboliza la permanente minor\u00eda de edad de los pueblos de un pa\u00eds que con verg\u00fcenza es un reino y que de acuerdo con los tiempos debiera ser una rep\u00fablica democr\u00e1tica. <br \/><i><b>Juan Carlos Monedero<\/b> es polit\u00f3logo, escritor y profesor de Ciencia Pol\u00edtica en la Universidad Complutense de Madrid<\/i> <\/div>\n<\/fieldset>\n","protected":false},"excerpt":{"rendered":"<div class=\"mh-excerpt\">Invitaci\u00f3n a manifestaci\u00f3n Desde Co.Bas os invitamos a participar en la manifestaci\u00f3n del s\u00e1bado 28 de septiembre de 2013. Dicha manifestaci\u00f3n comienza en Moncloa a las 18:00 h., e iremos hasta la Pz. de Oriente <a class=\"mh-excerpt-more\" href=\"https:\/\/www.sitescobas.es\/indra\/2013\/09\/26\/jaque-al-rey\/\" title=\"Jaque al Rey\">[&#8230;]<\/a><\/div>\n","protected":false},"author":2,"featured_media":182,"comment_status":"open","ping_status":"closed","sticky":false,"template":"","format":"standard","meta":{"_kadence_starter_templates_imported_post":false,"footnotes":""},"categories":[29],"tags":[27],"class_list":{"0":"post-52","1":"post","2":"type-post","3":"status-publish","4":"format-standard","5":"has-post-thumbnail","7":"category-sociedad","8":"tag-protesta"},"_links":{"self":[{"href":"https:\/\/www.sitescobas.es\/indra\/wp-json\/wp\/v2\/posts\/52","targetHints":{"allow":["GET"]}}],"collection":[{"href":"https:\/\/www.sitescobas.es\/indra\/wp-json\/wp\/v2\/posts"}],"about":[{"href":"https:\/\/www.sitescobas.es\/indra\/wp-json\/wp\/v2\/types\/post"}],"author":[{"embeddable":true,"href":"https:\/\/www.sitescobas.es\/indra\/wp-json\/wp\/v2\/users\/2"}],"replies":[{"embeddable":true,"href":"https:\/\/www.sitescobas.es\/indra\/wp-json\/wp\/v2\/comments?post=52"}],"version-history":[{"count":0,"href":"https:\/\/www.sitescobas.es\/indra\/wp-json\/wp\/v2\/posts\/52\/revisions"}],"wp:featuredmedia":[{"embeddable":true,"href":"https:\/\/www.sitescobas.es\/indra\/wp-json\/wp\/v2\/pages\/182"}],"wp:attachment":[{"href":"https:\/\/www.sitescobas.es\/indra\/wp-json\/wp\/v2\/media?parent=52"}],"wp:term":[{"taxonomy":"category","embeddable":true,"href":"https:\/\/www.sitescobas.es\/indra\/wp-json\/wp\/v2\/categories?post=52"},{"taxonomy":"post_tag","embeddable":true,"href":"https:\/\/www.sitescobas.es\/indra\/wp-json\/wp\/v2\/tags?post=52"}],"curies":[{"name":"wp","href":"https:\/\/api.w.org\/{rel}","templated":true}]}}