{"id":51,"date":"2013-09-26T15:42:00","date_gmt":"2013-09-26T15:42:00","guid":{"rendered":"http:\/\/pruebas.cobasindra.org\/?p=51"},"modified":"2013-09-26T15:42:00","modified_gmt":"2013-09-26T15:42:00","slug":"manifestacion-por-la-despenalizacion-del-aborto","status":"publish","type":"post","link":"https:\/\/www.sitescobas.es\/indra\/2013\/09\/26\/manifestacion-por-la-despenalizacion-del-aborto\/","title":{"rendered":"MANIFESTACI\u00d3N POR LA DESPENALIZACI\u00d3N DEL ABORTO"},"content":{"rendered":"<fieldset>\n<legend><b>VIERNES 27 SEPTIEMBRE 2013. 19:00h.<\/b><\/legend>\n<p><\/p>\n<div style=\"text-align: justify\">\n<div style=\"text-align: center\"><\/div>\n<div style=\"text-align: center\"><b>MANIFESTACI\u00d3N POR LA DESPENALIZACI\u00d3N DEL ABORTO&nbsp;<\/b><\/div>\n<div style=\"text-align: center\"><b>VIERNES 27 SEPTIEMBRE 2013. 19:00h.&nbsp;<\/b><\/div>\n<div style=\"text-align: center\"><b>SAN BERNARDO &#8211; SOL&nbsp;<\/b><\/div>\n<div style=\"text-align: center\"><b>\u00a1POR LA DESPENALIZACI\u00d3N DEL ABORTO! <\/b><\/div>\n<p><b><br \/><\/b><\/p>\n<div style=\"clear: both;text-align: center\"><a href=\"http:\/\/cobasindra.org\/wp-content\/uploads\/2013\/09\/mujeres-aborto-clandestino.jpg\" style=\"clear: left;float: left;margin-bottom: 1em;margin-right: 1em\"><img loading=\"lazy\" decoding=\"async\" border=\"0\" height=\"150\" src=\"http:\/\/cobasindra.org\/wp-content\/uploads\/2013\/09\/mujeres-aborto-clandestino-300x225.jpg\" width=\"200\" \/><\/a><\/div>\n<p><b>NOSOTRAS EXIGIMOS: <\/b><br \/><b><br \/><\/b><\/p>\n<div style=\"text-align: center\"><b>EDUCACI\u00d3N SEXUAL PARA DECIDIR,<\/b><\/div>\n<div style=\"text-align: center\"><b>ANTICONCEPTIVOS PARA NO ABORTAR,<\/b><\/div>\n<div style=\"text-align: center\"><b>ABORTO LEGAL PARA NO MORIR. <\/b><\/div>\n<p>El D\u00eda Internacional por la Despenalizaci\u00f3n del Aborto se conmemorar\u00e1 el 28 de Septiembre en Am\u00e9rica Latina y Caribe. Desde hace a\u00f1os, y debido al ataque general contra los derechos de las mujeres de la clase trabajadora en todas las regiones del mundo, otros pa\u00edses, como el estado espa\u00f1ol, se han sumado a esta fecha reivindicativa. Las mujeres de Co.bas apoyamos esta lucha democr\u00e1tica, y por eso estaremos presentes en <b>Madrid <\/b>en la manifestaci\u00f3n convocada el <b>viernes 27 a las 19h<\/b> por organizaciones feministas y colectivos de mujeres, que ir\u00e1 desde <b>San Bernardo a Sol<\/b>. <\/p>\n<p>Porque en la pr\u00e1ctica se demuestra que la penalizaci\u00f3n del aborto no salva ninguna vida, sino que tiene el efecto contrario. Las pol\u00edticas de doble moral, que impulsan aquellos gobiernos en los que la influencia de la iglesia cat\u00f3lica es notable, como Am\u00e9rica Latina (modelo en el que se mira el gobierno de Rajoy, con las directrices marcadas por la conferencia episcopal y Rouco a la cabeza), lo \u00fanico que traen es la muerte de mujeres que, ante la desesperaci\u00f3n, no tienen otra alternativa que practicar abortos inseguros en condiciones insanas. Los datos que se registran anualmente son reveladores en este sentido: la ilegalizaci\u00f3n del aborto no hace que autom\u00e1ticamente se dejen de practicar interrupciones de embarazo. Las medidas que de verdad necesitan las mujeres pobres y trabajadoras, sobre todo de las zonas m\u00e1s desfavorecidas, son pol\u00edticas de educaci\u00f3n sexual y acceso a anticonceptivos gratuitos, como primer paso para evitar el riesgo de muerte de miles de mujeres al a\u00f1o. <\/p>\n<p><b>Gallard\u00f3n confirma su anunciada reforma de la Ley de Aborto <\/b><\/p>\n<p>Seg\u00fan ha anunciado el ministro, en breve se pondr\u00e1 en marcha la propuesta de reforma de la actual ley de aborto en el estado espa\u00f1ol, aplazada ya en cinco ocasiones. El gobierno del Partido Popular nos tiene m\u00e1s que acostumbrados\/as a recibir golpes contra nuestros derechos de salud, educaci\u00f3n, servicios sociales, y ahora prepara tambi\u00e9n el remate en el terreno de la represi\u00f3n de libertades democr\u00e1ticas, como son los derechos sexuales y reproductivos de las mujeres. <\/p>\n<p>La aprobaci\u00f3n de esta reforma marcar\u00e1 un antes y un despu\u00e9s de nuestra legislatura en materia de aborto, ya que har\u00e1 que nos pongamos a la cola en cuanto a la normativa general que impera en pa\u00edses de Europa como Francia: la ley de plazos. Implantando la ley de supuestos, que es la que plantea Gallard\u00f3n. \u00bfQu\u00e9 significa esto? Significa por ejemplo que se eliminar\u00e1 la posibilidad de que una mujer pueda abortar sin tener que dar explicaciones hasta la semana 14 de gestaci\u00f3n, que es uno de los \u201cplazos\u201d establecidos en la actual ley. Y significa tambi\u00e9n que se retrocede en d\u00e9cadas en cuanto a criterios a la hora de establecer la legalidad de la interrupci\u00f3n de embarazos, porque se vuelve al criterio de los supuestos. Con esto s\u00f3lo se contemplar\u00e1n abortos legales siempre que se cumplan tres supuestos exclusivamente (como ocurr\u00eda en la anterior ley de 1985, en la que el aborto segu\u00eda incluido en el c\u00f3digo penal): violaci\u00f3n, malformaci\u00f3n del feto (que ahora se quiere quitar) o riesgo para la madre. <\/p>\n<p>Si ya la actual ley, reformada en 2010, tambi\u00e9n tiene sus limitaciones, lo que no podemos permitir ahora es este nuevo retroceso en nuestros derechos. Porque las restricciones legales que impiden que las mujeres ejerzan su derecho a decidir sobre sus cuerpos y sus vidas, no tienen s\u00f3lo un fundamento ideol\u00f3gico. Esta reforma de la ley de aborto tambi\u00e9n forma parte del nuevo modelo de explotaci\u00f3n y de la pol\u00edtica de recortes del gobierno, quitando derechos a los que menos tienen y negociando con el sufrimiento de la clase trabajadora. Forma parte de la privatizaci\u00f3n de la salud y de los servicios sociales, con la \u00fanica intenci\u00f3n de sacar beneficios en las cl\u00ednicas privadas, mientras nos roban el derecho fundamental a decidir sobre nuestra sexualidad y nuestra maternidad. Si se llega a implantar la reforma del aborto, se estar\u00e1 condenando a que las mujeres sin recursos, mujeres de la clase trabajadora, se vean obligadas a acudir a lugares clandestinos, arriesgando sus vidas sin ning\u00fan tipo de garant\u00eda, mientras las mujeres ricas podr\u00e1n optar por pagar lo que haga falta en cl\u00ednicas privadas, extranjeras o no, para poder tener acceso a un aborto seguro. <\/p>\n<p>Por todo esto es necesario que nuestra resistencia est\u00e9 organizada. Las respuestas de los y las trabajadoras y de los sectores populares y sociales en lucha no pueden ser aisladas. Para echarles abajo son precisas la coordinaci\u00f3n y la unidad de todas y todos los que tambi\u00e9n estamos sufriendo los recortes y las agresiones de este gobierno de banqueros y corruptos. Es necesaria la continuidad de nuestra pelea. <\/p>\n<p>Por eso debemos seguir defendiendo nuestros derechos y participar tambi\u00e9n en la convocatoria del pr\u00f3ximo 24 de octubre, fecha en la que el sindicalismo de clase y alternativo (CGT, CI-SFF, CO.BAS, CNT, Solidaridad Obrera, CSC y la Intersindical de Arag\u00f3n) convoca a una Jornada Estatal de lucha, coincidiendo con la huelga de estudiantes y de la Plataforma Estatal por la Escuela P\u00fablica. <\/p>\n<\/div>\n<\/fieldset>\n","protected":false},"excerpt":{"rendered":"<div class=\"mh-excerpt\">VIERNES 27 SEPTIEMBRE 2013. 19:00h. MANIFESTACI\u00d3N POR LA DESPENALIZACI\u00d3N DEL ABORTO&nbsp; VIERNES 27 SEPTIEMBRE 2013. 19:00h.&nbsp; SAN BERNARDO &#8211; SOL&nbsp; \u00a1POR LA DESPENALIZACI\u00d3N DEL ABORTO! NOSOTRAS EXIGIMOS: EDUCACI\u00d3N SEXUAL PARA DECIDIR, ANTICONCEPTIVOS PARA NO ABORTAR, <a class=\"mh-excerpt-more\" href=\"https:\/\/www.sitescobas.es\/indra\/2013\/09\/26\/manifestacion-por-la-despenalizacion-del-aborto\/\" title=\"MANIFESTACI\u00d3N POR LA DESPENALIZACI\u00d3N DEL ABORTO\">[&#8230;]<\/a><\/div>\n","protected":false},"author":2,"featured_media":181,"comment_status":"open","ping_status":"closed","sticky":false,"template":"","format":"standard","meta":{"_kadence_starter_templates_imported_post":false,"footnotes":""},"categories":[28],"tags":[27],"class_list":{"0":"post-51","1":"post","2":"type-post","3":"status-publish","4":"format-standard","5":"has-post-thumbnail","7":"category-mujer","8":"tag-protesta"},"_links":{"self":[{"href":"https:\/\/www.sitescobas.es\/indra\/wp-json\/wp\/v2\/posts\/51","targetHints":{"allow":["GET"]}}],"collection":[{"href":"https:\/\/www.sitescobas.es\/indra\/wp-json\/wp\/v2\/posts"}],"about":[{"href":"https:\/\/www.sitescobas.es\/indra\/wp-json\/wp\/v2\/types\/post"}],"author":[{"embeddable":true,"href":"https:\/\/www.sitescobas.es\/indra\/wp-json\/wp\/v2\/users\/2"}],"replies":[{"embeddable":true,"href":"https:\/\/www.sitescobas.es\/indra\/wp-json\/wp\/v2\/comments?post=51"}],"version-history":[{"count":0,"href":"https:\/\/www.sitescobas.es\/indra\/wp-json\/wp\/v2\/posts\/51\/revisions"}],"wp:featuredmedia":[{"embeddable":true,"href":"https:\/\/www.sitescobas.es\/indra\/wp-json\/"}],"wp:attachment":[{"href":"https:\/\/www.sitescobas.es\/indra\/wp-json\/wp\/v2\/media?parent=51"}],"wp:term":[{"taxonomy":"category","embeddable":true,"href":"https:\/\/www.sitescobas.es\/indra\/wp-json\/wp\/v2\/categories?post=51"},{"taxonomy":"post_tag","embeddable":true,"href":"https:\/\/www.sitescobas.es\/indra\/wp-json\/wp\/v2\/tags?post=51"}],"curies":[{"name":"wp","href":"https:\/\/api.w.org\/{rel}","templated":true}]}}