{"id":49,"date":"2013-09-30T09:36:00","date_gmt":"2013-09-30T09:36:00","guid":{"rendered":"http:\/\/pruebas.cobasindra.org\/?p=49"},"modified":"2013-09-30T09:36:00","modified_gmt":"2013-09-30T09:36:00","slug":"plaza-de-oriente","status":"publish","type":"post","link":"https:\/\/www.sitescobas.es\/indra\/2013\/09\/30\/plaza-de-oriente\/","title":{"rendered":"Plaza de Oriente"},"content":{"rendered":"<fieldset>\n<legend><b>Jaque al Rey. Despu\u00e9s de la manifestaci\u00f3n.<\/b><\/legend>\n<p>  <\/p>\n<div style=\"text-align: justify\">\n<div style=\"clear: both;text-align: center\"><a href=\"http:\/\/cobasindra.org\/wp-content\/uploads\/2013\/09\/jaquealrey_policia.jpg\" style=\"clear: left;float: left;margin-bottom: 1em;margin-right: 1em\"><img decoding=\"async\" border=\"0\" src=\"http:\/\/cobasindra.org\/wp-content\/uploads\/2013\/09\/jaquealrey_policia-300x193.jpg\" \/><\/a><\/div>\n<p>La polic\u00eda cerc\u00f3 con m\u00e1s de 1400 efectivos la Plaza de Oriente, lugar donde deber\u00eda haber finalizado la marcha de manifestantes convocados por la Coordinadora 25S.  <br \/>La actuaci\u00f3n antidemocr\u00e1tica de la Delegaci\u00f3n del Gobierno, comandada por la convaleciente Cristina Cifuentes, impidi\u00f3 el derecho de los manifestantes a transitar y concentrarse en la v\u00eda p\u00fablica, dilucidando actitudes de otras \u00e9pocas de las que son herederos, tanto esta Delegaci\u00f3n de Gobierno, como la propia instituci\u00f3n mon\u00e1rquica objeto de esta protesta ciudadana.<br \/>Recordemos que la Plaza de Oriente es lugar habitual de concentraci\u00f3n de organizaciones de ultraderecha que celebran con impunidad el 20N todos los a\u00f1os desde la muerte del dictador. <\/p>\n<p>Compartimos el magn\u00edfico <a href=\"http:\/\/www.eldiario.es\/zonacritica\/Jaque-Rey_6_180641940.html\">art\u00edculo de Ruth Toledano (eldiario.es)<\/a> del que destacamos un par de p\u00e1rrafos: <\/p>\n<div style=\"padding-left: 25px;padding-right: 25px\">Despu\u00e9s del caso Urdangar\u00edn, despu\u00e9s de las cuevas de ladrones de fondos p\u00fablicos llamadas Aizoon y N\u00f3os, despu\u00e9s de las cacer\u00edas de elefantes, de osos, de ciervos, de jabal\u00edes y de todo bicho viviente que no pueda devolver el tiro, despu\u00e9s de las cifras de su fortuna, de los chanchullos fiscales, de los bancos suizos, del empleo dorado de la hija, tambi\u00e9n suizo y simult\u00e1neo a la desesperaci\u00f3n por desempleo de m\u00e1s de un cuarto de la poblaci\u00f3n espa\u00f1ola, despu\u00e9s de tantas otras sospechas de corrupci\u00f3n cuyos detalles nos usurpan, por un lado, el f\u00e9rreo control del Estado y, por otro, la anacr\u00f3nica e insultante inimputabilidad del Rey, el jefe para cuya en\u00e9sima operaci\u00f3n se saltan las listas de espera sanitarias; despu\u00e9s de todo eso, el pueblo espa\u00f1ol, en pleno ejercicio de sus facultades soberanas, se queda una tarde de s\u00e1bado viendo el f\u00fatbol. Como si lo impusiera Franco, tal y como nos impuso al Rey. <\/p>\n<p>Porque no, aqu\u00ed, en el Estado espa\u00f1ol (y no te digo ya en la capital del reino), somos as\u00ed. Aqu\u00ed no se moviliza ni Dios m\u00e1s que para mandar una tromba de agua que asegure el apoltronamiento de la gente. Aqu\u00ed nos humillan y nos da pereza salir a denunciarlo. Aqu\u00ed nos roban y bajamos la cabeza. Aqu\u00ed nos dan el palo y ponemos la otra mejilla. Aqu\u00ed nos mienten y ponemos la otra oreja. Aqu\u00ed nos desmantelan y se apropian de lo poco, acaso lo mucho, conseguido, construido, pagado, y no nos levantamos a defenderlo. Aqu\u00ed los jefes se r\u00eden de nosotros y nosotros re\u00edmos las gracias a los jefes. Aqu\u00ed el abuso es institucional y a quienes protestan los llaman radicales. No es radical la desverg\u00fcenza, lo son quienes la se\u00f1alan con el dedo. <\/p><\/div>\n<\/div>\n<\/fieldset>\n","protected":false},"excerpt":{"rendered":"<div class=\"mh-excerpt\">Jaque al Rey. Despu\u00e9s de la manifestaci\u00f3n. La polic\u00eda cerc\u00f3 con m\u00e1s de 1400 efectivos la Plaza de Oriente, lugar donde deber\u00eda haber finalizado la marcha de manifestantes convocados por la Coordinadora 25S. La actuaci\u00f3n <a class=\"mh-excerpt-more\" href=\"https:\/\/www.sitescobas.es\/indra\/2013\/09\/30\/plaza-de-oriente\/\" title=\"Plaza de Oriente\">[&#8230;]<\/a><\/div>\n","protected":false},"author":2,"featured_media":180,"comment_status":"open","ping_status":"closed","sticky":false,"template":"","format":"standard","meta":{"_kadence_starter_templates_imported_post":false,"footnotes":""},"categories":[29],"tags":[],"class_list":{"0":"post-49","1":"post","2":"type-post","3":"status-publish","4":"format-standard","5":"has-post-thumbnail","7":"category-sociedad"},"_links":{"self":[{"href":"https:\/\/www.sitescobas.es\/indra\/wp-json\/wp\/v2\/posts\/49","targetHints":{"allow":["GET"]}}],"collection":[{"href":"https:\/\/www.sitescobas.es\/indra\/wp-json\/wp\/v2\/posts"}],"about":[{"href":"https:\/\/www.sitescobas.es\/indra\/wp-json\/wp\/v2\/types\/post"}],"author":[{"embeddable":true,"href":"https:\/\/www.sitescobas.es\/indra\/wp-json\/wp\/v2\/users\/2"}],"replies":[{"embeddable":true,"href":"https:\/\/www.sitescobas.es\/indra\/wp-json\/wp\/v2\/comments?post=49"}],"version-history":[{"count":0,"href":"https:\/\/www.sitescobas.es\/indra\/wp-json\/wp\/v2\/posts\/49\/revisions"}],"wp:featuredmedia":[{"embeddable":true,"href":"https:\/\/www.sitescobas.es\/indra\/wp-json\/"}],"wp:attachment":[{"href":"https:\/\/www.sitescobas.es\/indra\/wp-json\/wp\/v2\/media?parent=49"}],"wp:term":[{"taxonomy":"category","embeddable":true,"href":"https:\/\/www.sitescobas.es\/indra\/wp-json\/wp\/v2\/categories?post=49"},{"taxonomy":"post_tag","embeddable":true,"href":"https:\/\/www.sitescobas.es\/indra\/wp-json\/wp\/v2\/tags?post=49"}],"curies":[{"name":"wp","href":"https:\/\/api.w.org\/{rel}","templated":true}]}}