{"id":2950,"date":"2021-04-29T06:47:32","date_gmt":"2021-04-29T06:47:32","guid":{"rendered":"https:\/\/www.sitescobas.es\/indra\/?p=2950"},"modified":"2021-04-29T06:47:33","modified_gmt":"2021-04-29T06:47:33","slug":"1o-de-mayo-dia-internacional-de-la-clase-obrera","status":"publish","type":"post","link":"https:\/\/www.sitescobas.es\/indra\/2021\/04\/29\/1o-de-mayo-dia-internacional-de-la-clase-obrera\/","title":{"rendered":"1\u00ba de MAYO, d\u00eda internacional de la clase Obrera"},"content":{"rendered":"\n<p>Llegamos al primero de mayo de 2021 tras m\u00e1s de un a\u00f1o de pandemia. Una crisis que han denominado como sanitaria, y que, como todas las crisis sist\u00e9micas que el capitalismo genera ha servido para que los ricos, los oligopolios, los banqueros, los especuladores y los explotadores en general aumenten m\u00e1s sus fortunas: dinero, propiedades, medios de producci\u00f3n, etc. Todo sacado y apropiado mediante el robo y la explotaci\u00f3n de las clases trabajadoras, de las clases populares. No tenemos m\u00e1s que escuchar las noticias que estos d\u00edas nos da el propio sistema: \u201cla pandemia dispara las fortunas de los m\u00e1s ricos\u2026\u201d Dos ejemplos pr\u00f3ximos:<\/p>\n\n\n\n<ul class=\"wp-block-list\"><li>Ah\u00ed est\u00e1 Amazon con casi 75.000 millones de ganancias m\u00e1s que el a\u00f1o pasado, mientras los trabajadores y las trabajadoras de la empresa y las subcontratas que trabajan para ella en todo el mundo, tienen salarios de miseria, largas jornadas de trabajo y cada d\u00eda les intentan quitar m\u00e1s de sus ya pocos derechos.<\/li><li>ZARA (Grupo Inditex) y su presidente han tenido 64.000 millones de ganancias y est\u00e1 cerrando tiendas y despidiendo plantillas enteras mediante ERE,s encubiertos, aqu\u00ed con el apoyo inestimable de los sindicatos amarillos: CC.OO y UGT.<\/li><\/ul>\n\n\n\n<p>Lo \u00fanico que le mueve al actual sistema imperante es obtener el m\u00e1ximo beneficio, incrementar su tasa de ganancia, aunque sea a costa de muertes y sufrimiento, porque su naturaleza es depredadora y criminal. Un ejemplo vergonzoso de esta realidad es c\u00f3mo est\u00e1n negociando y repartiendo las vacunas contra el COVID-19, potenciado por la UE que, obedeciendo una vez m\u00e1s a las multinacionales, incluso ha transformado en secreto los contratos para comprar las vacunas. Para m\u00e1s robo, las patentes de las vacunas han quedado en manos privadas despu\u00e9s de ser financiadas por dinero p\u00fablico. Esta mercantilizaci\u00f3n se est\u00e1 utilizando tambi\u00e9n como herramienta racista de represi\u00f3n contra los oprimidos, como es el caso de los pueblos palestino y saharaui, y contra todos los pueblos empobrecidos que no cuentan con los recursos o son excluidos de este vergonzoso mercado de vacunas.<\/p>\n\n\n\n<p>Y lo mismo ocurre con la gesti\u00f3n sanitaria que est\u00e1n realizando frente a esta emergencia global. No han querido reforzar los sistemas sanitarios p\u00fablicos, maltrechos tras a\u00f1os de abandono y hostigamiento, consecuencia directa de la nefasta Ley 15\/97. Todo lo contrario, lo han aprovechado para dar otra vuelta de tuerca favoreciendo a\u00fan m\u00e1s a las empresas privadas que especulan con nuestra salud.<\/p>\n\n\n\n<p>Todos los sectores de actividad laboral, en mayor o menor medida, est\u00e1n afectados por acciones antiobreras, como los Permisos Retribuidos Recuperables que ha sido utilizado por las empresas para robar, literalmente, d\u00edas de vacaciones y de descanso al trabajador y trabajadora. El teletrabajo, efectuado por un 16 % de las plantillas laborales, que lejos de ser una modalidad que permita la conciliaci\u00f3n personal y laboral, ha servido para prolongar la jornada laboral y desregular en la pr\u00e1ctica las obligaciones contractuales de las empresas, adem\u00e1s, endosando sobre la mujer trabajadora a\u00fan m\u00e1s carga de trabajo y estr\u00e9s. Por otra parte, se ha obligado a trabajadores y trabajadoras a realizar la actividad sin las medidas de seguridad necesarios ni en el lugar de trabajo ni en el transporte, con una mayor exposici\u00f3n a los contagios. Se obliga a trabajar m\u00e1s horas de forma ilegal bajo amenazas y presiones.<\/p>\n\n\n\n<p>Actualmente el paro alcanza a m\u00e1s de 4 millones de trabajadores\/as, con miles de familias que no tienen ning\u00fan ingreso en sus hogares. La juventud trabajadora est\u00e1 soportando un paro de m\u00e1s del 40 % de j\u00f3venes en edad laboral. Nos est\u00e1n robando el futuro, sin perspectivas de emancipaci\u00f3n y de una vida digna.<\/p>\n\n\n\n<p>Los fondos para pagar los Expedientes de Regulaci\u00f3n Temporal de Empleo son extra\u00eddos de los Presupuestos Generales del Estado, al que la clase trabajadora contribuimos con el 85% en las aportaciones. Sin embargo, a la patronal se le ha exonerado de sus pagos a la Seguridad Social con tan solo la promesa de que no despedir\u00e1n a trabajadores\/as en un plazo de 6 meses, algo que ya han demostrado que no van a cumplir. Se cumple la m\u00e1xima de privatizar los beneficios y sociabilizar las p\u00e9rdidas.<\/p>\n\n\n\n<p>Los Planes de Recuperaci\u00f3n de Europa se presentan como la medida estrella salvadora de la crisis econ\u00f3mica, cuando en realidad la UE exige para su aprobaci\u00f3n una dura reforma de las pensiones p\u00fablicas y m\u00e1s reformas laborales. Tambi\u00e9n exigen aumentar las privatizaciones de los pocos servicios p\u00fablicos que quedan: sanidad, educaci\u00f3n, transporte, cuidados, vivienda, pensiones&#8230;<\/p>\n\n\n\n<p>Ante este panorama los sindicatos del sistema: CCOO y UGT, fundamentalmente; son los c\u00f3mplices necesarios de todas estas miserables pol\u00edticas. No dudan en traicionar a la clase obrera, dejando que mediante la corrupci\u00f3n a todos los niveles obtengan a cambio todo tipo de ayudas y prebendas. De hecho, el gobierno \u201cprogre\u201d les ha dado las gracias aumentando las subvenciones para ellos en un 56 % dentro de los Presupuestos Generales del Estado.<\/p>\n\n\n\n<p>Es obligado mencionar la actual situaci\u00f3n pol\u00edtica y social sin la cual no se entender\u00eda el entorno en el que estamos. Siguen ejecut\u00e1ndose desahucios echando a la calle a las familias y las personas m\u00e1s vulnerables sin apenas recursos. Se contin\u00faa con la Ley Mordaza, nos siguen prohibiendo manifestaciones promovidas desde la clase trabajadora, en todas ellas se ten\u00edan y se tienen en cuenta todas las medidas de seguridad sanitarias debido a la pandemia. Por el contrario, aprueban todo tipo de reuniones y manifestaciones fascistas, permiten que estas hienas del sistema campen a sus anchas, son lanzados contra las justas reivindicaciones de nuestra clase. Alientan que vengan a provocar y a amenazar a los barrios obreros que son un ejemplo de lucha y dignidad.<\/p>\n\n\n\n<p>Un objetivo vital de nuestras luchas es DEFENDER Y ASEGURAR LOS SERVICIOS P\u00daBLICOS frente a la codicia de la privatizaci\u00f3n; que como ha demostrado durante este periodo, estas pol\u00edticas privatizadoras y liquidadoras de lo p\u00fablico han supuesto un absoluto desastre para la clase trabajadora. Y como tambi\u00e9n se ha demostrado en este tiempo, es desde los SERVICIOS P\u00daBLICOS DE SALUD, el conjunto de sus trabajadoras y trabajadores, los que est\u00e1n dando la batalla contra la pandemia: S\u00d3LO EL PUEBLO SALVA AL PUEBLO.<\/p>\n\n\n\n<p>Frente a todo este panorama tenemos la necesidad y la obligaci\u00f3n de unir fuerzas para hacer que cambien las cosas, si la clase obrera no da la batalla esto no se cambiar\u00e1, LA LUCHA ES EL \u00daNICO CAMINO. El problema es el propio sistema y sus lacayos. Representamos una lucha justa, necesaria y emancipadora que enfrente los intereses y derechos antagonistas. En este 1\u00ba de MAYO, d\u00eda internacional de la clase obrera, en este d\u00eda de lucha decimos alto y claro:<\/p>\n\n\n\n<p><strong>TODO PARA LA CLASE OBRERA<\/strong><\/p>\n\n\n\n<p>Exigimos:<\/p>\n\n\n\n<p>La defensa de los servicios p\u00fablicos. Retorno de los servicios privatizados. Fuera las empresas privadas de los servicios p\u00fablicos.<\/p>\n\n\n\n<p>Sanidad 100 por 100 P\u00daBLICA y de calidad. Mayor dotaci\u00f3n de medios y de personal. Derogaci\u00f3n de la Ley 15\/97.<\/p>\n\n\n\n<p>La nacionalizaci\u00f3n de los medios de producci\u00f3n en los sectores estrat\u00e9gicos. La derogaci\u00f3n de la Ley Mordaza. La depuraci\u00f3n de los cuerpos represivos y judiciales.<\/p>\n\n\n\n<p>Derogar las Reformas Laborales (2010- 2012). Trabajo Digno y con derechos para todos y todas. El empleo fijo y en condiciones dignas, sin agencias privadas de contrataci\u00f3n. Reducci\u00f3n de la jornada laboral sin reducci\u00f3n de salario. Eliminaci\u00f3n del sistema de contratas, subcontratas y empresas de trabajo temporal.<\/p>\n\n\n\n<p>Un salario y pensiones m\u00ednimas e igualitarias que permitan a todos los trabajadores\/as y pensionistas vivir dignamente. Jubilaci\u00f3n a los 60 a\u00f1os sin merma econ\u00f3mica.<\/p>\n\n\n\n<p>Derogar las Reformas de las Pensiones (2011- 2013). Que las pensiones sean a cargo de los Presupuestos Generales del Estado. NO AL PACTO DE TOLEDO que sirve para aplicar m\u00e1s recortes. Rechazamos los Planes de Pensiones de Empresa, utilizados para desviar los fondos de las pensiones a la banca en detrimento de las Pensiones P\u00fablicas.<\/p>\n\n\n\n<p>Nos solidarizamos con todos los pueblos oprimidos y empobrecidos que est\u00e1n en lucha contra el sometimiento y la explotaci\u00f3n de sus poblaciones y el expolio de sus recursos. De la misma manera EXIGIMOS LA LIBERTAD DE TODAS Y TODOS LOS REPRESALIADOS POR LUCHAR.<\/p>\n\n\n\n<p class=\"has-text-align-center\"><strong>VIVA LA UNIDAD Y LA LUCHA DE LA CLASE OBRERA.<\/strong><\/p>\n\n\n\n<p class=\"has-text-align-center\"><strong>VIVA EL PRIMERO DE MAYO<\/strong><\/p>\n\n\n\n<p class=\"has-text-align-center\"><strong>Manifestaci\u00f3n Unitaria 1\u00ba Mayo 12:00 h. Atocha- Plaza Jacinto Benavente<\/strong><\/p>\n\n\n\n<p class=\"has-text-align-center\"><strong>Todo para la clase obrera<\/strong><\/p>\n\n\n\n<p class=\"has-text-align-center\"><strong>En defensa de los Servicios P\u00fablicos.<\/strong><\/p>\n\n\n\n<p>Gracias por confiar en\u2006 \u2006 <strong>co.bas<\/strong><\/p>\n","protected":false},"excerpt":{"rendered":"<div class=\"mh-excerpt\">Llegamos al primero de mayo de 2021 tras m\u00e1s de un a\u00f1o de pandemia. Una crisis que han denominado como sanitaria, y que, como todas las crisis sist\u00e9micas que el capitalismo genera ha servido para <a class=\"mh-excerpt-more\" href=\"https:\/\/www.sitescobas.es\/indra\/2021\/04\/29\/1o-de-mayo-dia-internacional-de-la-clase-obrera\/\" title=\"1\u00ba de MAYO, d\u00eda internacional de la clase Obrera\">[&#8230;]<\/a><\/div>\n","protected":false},"author":6,"featured_media":2952,"comment_status":"open","ping_status":"open","sticky":false,"template":"","format":"standard","meta":{"_kadence_starter_templates_imported_post":false,"footnotes":""},"categories":[1],"tags":[44],"class_list":{"0":"post-2950","1":"post","2":"type-post","3":"status-publish","4":"format-standard","5":"has-post-thumbnail","7":"category-sin-categoria","8":"tag-comunicados"},"_links":{"self":[{"href":"https:\/\/www.sitescobas.es\/indra\/wp-json\/wp\/v2\/posts\/2950","targetHints":{"allow":["GET"]}}],"collection":[{"href":"https:\/\/www.sitescobas.es\/indra\/wp-json\/wp\/v2\/posts"}],"about":[{"href":"https:\/\/www.sitescobas.es\/indra\/wp-json\/wp\/v2\/types\/post"}],"author":[{"embeddable":true,"href":"https:\/\/www.sitescobas.es\/indra\/wp-json\/wp\/v2\/users\/6"}],"replies":[{"embeddable":true,"href":"https:\/\/www.sitescobas.es\/indra\/wp-json\/wp\/v2\/comments?post=2950"}],"version-history":[{"count":1,"href":"https:\/\/www.sitescobas.es\/indra\/wp-json\/wp\/v2\/posts\/2950\/revisions"}],"predecessor-version":[{"id":2951,"href":"https:\/\/www.sitescobas.es\/indra\/wp-json\/wp\/v2\/posts\/2950\/revisions\/2951"}],"wp:featuredmedia":[{"embeddable":true,"href":"https:\/\/www.sitescobas.es\/indra\/wp-json\/wp\/v2\/media\/2952"}],"wp:attachment":[{"href":"https:\/\/www.sitescobas.es\/indra\/wp-json\/wp\/v2\/media?parent=2950"}],"wp:term":[{"taxonomy":"category","embeddable":true,"href":"https:\/\/www.sitescobas.es\/indra\/wp-json\/wp\/v2\/categories?post=2950"},{"taxonomy":"post_tag","embeddable":true,"href":"https:\/\/www.sitescobas.es\/indra\/wp-json\/wp\/v2\/tags?post=2950"}],"curies":[{"name":"wp","href":"https:\/\/api.w.org\/{rel}","templated":true}]}}