{"id":2936,"date":"2021-03-12T13:34:12","date_gmt":"2021-03-12T13:34:12","guid":{"rendered":"https:\/\/www.sitescobas.es\/indra\/?p=2936"},"modified":"2021-03-12T13:36:19","modified_gmt":"2021-03-12T13:36:19","slug":"co-bas-en-contra-de-la-vuelta-a-la-oficina","status":"publish","type":"post","link":"https:\/\/www.sitescobas.es\/indra\/2021\/03\/12\/co-bas-en-contra-de-la-vuelta-a-la-oficina\/","title":{"rendered":"co.bas en contra de la vuelta a la oficina en Badajoz"},"content":{"rendered":"\n<p>Como ya sab\u00e9is, se empieza la vuelta a la oficina el pr\u00f3ximo lunes 15 con un aforo del 20%. Esta vuelta se hace en contra de la opini\u00f3n de <strong><span style=\"color: #ff0000\" class=\"ugb-highlight\">co.bas<\/span><\/strong>. Una vez m\u00e1s, la empresa hace lo que quiere sin tener en cuenta: ni a los trabajadores ni a su representaci\u00f3n sindical.<\/p>\n\n\n\n<p>El pasado viernes, hace una semana, tuvimos (promovida por <strong><span style=\"color: #ff0000\" class=\"ugb-highlight\">co.bas<\/span><\/strong>) una reuni\u00f3n del Comit\u00e9 de Seguridad y Salud para tratar justamente la vuelta a la oficina. Adem\u00e1s, hemos tenido varias reuniones con la direcci\u00f3n de nuestro centro donde hemos tratado diferentes asuntos sobre la vuelta.<\/p>\n\n\n\n<p><strong>Toma temperatura<\/strong>: en la entrada la persona de recepci\u00f3n tomar\u00e1 la temperatura a todos los trabajadores que entren.<\/p>\n\n\n\n<p><strong>Ventilaci\u00f3n<\/strong>: dado que nuestro edificio no se pueden abrir las ventanas sin afectar la ventilaci\u00f3n interna, o eso nos dicen, hemos solicitado que se hagan urgentemente mediciones de CO2, tanto ahora estando al 20% como seg\u00fan se vaya incrementando el porcentaje de trabajadores en la oficina.<\/p>\n\n\n\n<p><strong>Comedor<\/strong>: En principio el comedor no estar\u00eda habilitado, pero finalmente se podr\u00e1 hacer uso de las instalaciones, eso s\u00ed, sin poder usar los microondas por riesgo de contagio, se instalar\u00e1 un contador de personas para garantizar el aforo m\u00e1ximo permitido. Seguramente la semana que viene si no est\u00e1 disponible este contador, ser\u00e1 la persona de recepci\u00f3n quien lleve la cuenta.<br>Sobre este tema, hemos solicitado a la empresa que la vuelta fuese solamente por las ma\u00f1anas, al igual que sabemos se est\u00e1 haciendo en otros centros, pero se nos ha dicho que las indicaciones de la compa\u00f1\u00eda son que se vuelva todo el d\u00eda.<\/p>\n\n\n\n<p>Tambi\u00e9n, que se habilite que se pueda reservar en el comedor, al igual que podemos reservar el puesto de trabajo. Sabemos que esto ya se puede hacer en otros centros.<\/p>\n\n\n\n<p>Adem\u00e1s, hemos mostrado nuestro malestar por la decisi\u00f3n de comer en los puestos de trabajo porque no nos parece una medida segura.<\/p>\n\n\n\n<p><strong>Limpieza<\/strong>: solicitamos refuerzo de las limpieza, como por ejemplo que se limpien las sillas cada d\u00eda; no tiene sentido que podamos estar cada vez en puestos diferentes y que nos sentemos en sillas diferentes y estas no se desinfecten.<\/p>\n\n\n\n<p><strong>Salas de reuniones<\/strong>: est\u00e1n habilitadas con l\u00edmite de aforo, aunque nuestro consejo y el de la direcci\u00f3n es no usarlas y, si se tienen que hacer reuniones, hacerlo mejor fuera, donde tendremos m\u00e1s espacio.<\/p>\n\n\n\n<p><strong>Personas factores riesgo<\/strong>: hemos preguntado por la no vuelta de las personas de riesgo o bien de trabajadores que tengan familiares de riesgo. En este sentido nos han remitido a que cada trabajador pregunte en&nbsp;<a rel=\"noreferrer noopener\" href=\"mailto:cuidateindra@indra.es\" target=\"_blank\">cuidateindra@indra.es<\/a><\/p>\n\n\n\n<p>Sobre esto, os recordamos, que pod\u00e9is consultar con vuestro m\u00e9dico al respecto; adem\u00e1s pod\u00e9is consultar qu\u00e9 enfermedades son consideradas de riesgo&nbsp;aqu\u00ed.<\/p>\n\n\n\n<p><strong>Subcontradados<\/strong>: los subcontratados por ahora no vuelven a la oficina, no tienen habilitado la reserva de los puestos de trabajo, pero se espera que para el 22 de marzo ya puedan volver.<\/p>\n\n\n\n<p><strong>Tiempo aplicaci\u00f3n de estas medidas<\/strong>: no se sabe (o no nos lo han querido decir) durante cu\u00e1nto tiempo se aplicar\u00e1 este porcentaje de vuelta ni cuando se ampliar\u00e1. A finales de marzo se espera que el personal de todos los centros haya vuelto a su oficina.<\/p>\n\n\n\n<p><strong>Fumadores<\/strong>: hemos solicitado que se quitase el cenicero de la puerta de la entrada; no tiene sentido dejar fumar justo donde puede haber m\u00e1s tr\u00e1nsito de personas. Pedimos que se colocara en un lateral o bien detr\u00e1s del edificio.<\/p>\n\n\n\n<p>Finalmente, ante la imposibilidad de poder quitar el cenicero, se ha colocado un cartel indicando que no se puede fumar en la puerta.<\/p>\n\n\n\n<p>Como conclusi\u00f3n, lamentamos que la empresa haya adelantado la vuelta a la oficina, aunque sab\u00edamos que m\u00e1s tarde o m\u00e1s temprano tendr\u00edamos que volver. Ante cualquier duda os recomendamos hablarlo con vuestros gestores o bien nos pod\u00e9is contactar a cualquiera de los delegados de <span style=\"color: #ff0000\" class=\"ugb-highlight\"><strong>co.bas<\/strong><\/span>.<\/p>\n","protected":false},"excerpt":{"rendered":"<div class=\"mh-excerpt\">Como ya sab\u00e9is, se empieza la vuelta a la oficina el pr\u00f3ximo lunes 15 con un aforo del 20%. Esta vuelta se hace en contra de la opini\u00f3n de co.bas. Una vez m\u00e1s, la empresa <a class=\"mh-excerpt-more\" href=\"https:\/\/www.sitescobas.es\/indra\/2021\/03\/12\/co-bas-en-contra-de-la-vuelta-a-la-oficina\/\" title=\"co.bas en contra de la vuelta a la oficina en Badajoz\">[&#8230;]<\/a><\/div>\n","protected":false},"author":6,"featured_media":2937,"comment_status":"open","ping_status":"open","sticky":false,"template":"","format":"standard","meta":{"_kadence_starter_templates_imported_post":false,"footnotes":""},"categories":[86,110,111,113],"tags":[4],"class_list":{"0":"post-2936","1":"post","2":"type-post","3":"status-publish","4":"format-standard","5":"has-post-thumbnail","7":"category-badajoz","8":"category-centros","9":"category-empresas","10":"category-indra-centros-de-produccion","11":"tag-covid-19"},"_links":{"self":[{"href":"https:\/\/www.sitescobas.es\/indra\/wp-json\/wp\/v2\/posts\/2936","targetHints":{"allow":["GET"]}}],"collection":[{"href":"https:\/\/www.sitescobas.es\/indra\/wp-json\/wp\/v2\/posts"}],"about":[{"href":"https:\/\/www.sitescobas.es\/indra\/wp-json\/wp\/v2\/types\/post"}],"author":[{"embeddable":true,"href":"https:\/\/www.sitescobas.es\/indra\/wp-json\/wp\/v2\/users\/6"}],"replies":[{"embeddable":true,"href":"https:\/\/www.sitescobas.es\/indra\/wp-json\/wp\/v2\/comments?post=2936"}],"version-history":[{"count":2,"href":"https:\/\/www.sitescobas.es\/indra\/wp-json\/wp\/v2\/posts\/2936\/revisions"}],"predecessor-version":[{"id":2941,"href":"https:\/\/www.sitescobas.es\/indra\/wp-json\/wp\/v2\/posts\/2936\/revisions\/2941"}],"wp:featuredmedia":[{"embeddable":true,"href":"https:\/\/www.sitescobas.es\/indra\/wp-json\/wp\/v2\/media\/2937"}],"wp:attachment":[{"href":"https:\/\/www.sitescobas.es\/indra\/wp-json\/wp\/v2\/media?parent=2936"}],"wp:term":[{"taxonomy":"category","embeddable":true,"href":"https:\/\/www.sitescobas.es\/indra\/wp-json\/wp\/v2\/categories?post=2936"},{"taxonomy":"post_tag","embeddable":true,"href":"https:\/\/www.sitescobas.es\/indra\/wp-json\/wp\/v2\/tags?post=2936"}],"curies":[{"name":"wp","href":"https:\/\/api.w.org\/{rel}","templated":true}]}}