{"id":2845,"date":"2020-11-12T07:50:17","date_gmt":"2020-11-12T07:50:17","guid":{"rendered":"https:\/\/www.sitescobas.es\/indra\/?p=2845"},"modified":"2020-11-12T07:50:18","modified_gmt":"2020-11-12T07:50:18","slug":"colaboras-a-parar-este-ere","status":"publish","type":"post","link":"https:\/\/www.sitescobas.es\/indra\/2020\/11\/12\/colaboras-a-parar-este-ere\/","title":{"rendered":"\u00bfColaboras a parar este ERE?"},"content":{"rendered":"\n<p>Queremos agradecerte el apoyo recibido hasta ahora e informarte que, hasta el momento, llevamos recogidas en change.org casi <strong>\u00a13000 firmas!<\/strong><\/p>\n\n\n\n<figure class=\"wp-block-image size-large\"><img loading=\"lazy\" decoding=\"async\" width=\"549\" height=\"306\" src=\"https:\/\/www.sitescobas.es\/indra\/wp-content\/uploads\/sites\/2\/2020\/11\/image-1.png\" alt=\"\" class=\"wp-image-2846\" srcset=\"https:\/\/www.sitescobas.es\/indra\/wp-content\/uploads\/sites\/2\/2020\/11\/image-1.png 549w, https:\/\/www.sitescobas.es\/indra\/wp-content\/uploads\/sites\/2\/2020\/11\/image-1-300x167.png 300w\" sizes=\"auto, (max-width: 549px) 100vw, 549px\" \/><\/figure>\n\n\n\n<p><strong>Si no lo has hecho a\u00fan, firma la petici\u00f3n: <\/strong><a href=\"http:\/\/chng.it\/Zd8f7xJQLN\"><strong>http:\/\/chng.it\/Zd8f7xJQLN<\/strong><\/a><\/p>\n\n\n\n<p>Debemos seguir mostrando nuestro rechazo a este ERE y hacer llegar al Gobierno nuestro conflicto, pues est\u00e1 en su mano interceder y evitar que Indra Soluciones T.I. despida al 8% de su plantilla.Es por ello que te planteamos algo muy sencillo:<\/p>\n\n\n\n<figure class=\"wp-block-table\"><table><tbody><tr><td><img loading=\"lazy\" decoding=\"async\" width=\"225\" height=\"225\" class=\"wp-image-2849\" style=\"width: 150px\" src=\"https:\/\/www.sitescobas.es\/indra\/wp-content\/uploads\/sites\/2\/2020\/11\/twitter.jpg\" alt=\"\" srcset=\"https:\/\/www.sitescobas.es\/indra\/wp-content\/uploads\/sites\/2\/2020\/11\/twitter.jpg 225w, https:\/\/www.sitescobas.es\/indra\/wp-content\/uploads\/sites\/2\/2020\/11\/twitter-150x150.jpg 150w\" sizes=\"auto, (max-width: 225px) 100vw, 225px\" \/><br>&#8230;&#8230;&#8230;&#8230;&#8230;&#8230;&#8230;..            <\/td><td>&nbsp; Igual que hicimos durante el ERTE, te<strong> proponemos que entre las 10:00 y las 11:00h de este viernes 13 de noviembre<\/strong>, publiques un mensaje a trav\u00e9s de Twitter, a\u00f1adiendo el hashtag: <strong>#NOalEREIndra<\/strong><\/td><\/tr><\/tbody><\/table><\/figure>\n\n\n\n<p>A continuaci\u00f3n te facilitamos algunas <strong>ideas de mensajes, aunque siendo \u201cviernes 13\u201d apelamos a tu creatividad para que lances tus propios tuits (siempre con el hashtag #NoalEREIndra)<\/strong>:<\/p>\n\n\n\n<ul class=\"wp-block-list\"><li>Indra no ha dejado de crecer en plantilla durante los \u00faltimos a\u00f1os y \u00bfahora sobran 1036 profesionales?<\/li><li>Menos ingenier\u00eda fiscal y m\u00e1s carrera profesional<\/li><li>Indra es como una caja de bombones. Nunca sabes en el ERE que te va a tocar<\/li><li>Indra es una empresa participada por el Estado. Requerimos al Gobierno para frenar esta barbarie<\/li><li>Indra quiere liquidar a 1036 profesionales en plena pandemia<\/li><li>Indra no ha dejado de tener beneficios y pretende despedir al 8% de su plantilla&nbsp;<\/li><li>Ay\u00fadanos a parar este ERE firmando la petici\u00f3n: <a href=\"http:\/\/chng.it\/Zd8f7xJQLN\">http:\/\/chng.it\/Zd8f7xJQLN<\/a><\/li><\/ul>\n\n\n\n<p><strong>Es importante que lances todos los tuits posibles en esa franja horaria<\/strong> y con el hashtag especificado, con el objetivo de llegar a ser <strong>Trending Topic<\/strong>. \u00a1En el ERTE ya lo conseguimos y lo volveremos a hacer!<\/p>\n\n\n\n<p>Para lograrlo, <strong>es igual de importante tuitear que REtuitear<\/strong>. As\u00ed que el viernes 13, de 10h a 11h retuitea todo lo que encuentres con el hashtag #NoalEREIndra.<\/p>\n\n\n\n<p>En vuestros tuits pod\u00e9is etiquetar a quien consider\u00e9is. Aqu\u00ed os dejamos algunas sugerencias:<\/p>\n\n\n\n<p>@IndraCompany<\/p>\n\n\n\n<p>@empleogob (Ministerio de Trabajo)<\/p>\n\n\n\n<p>@Yolanda_Diaz_ (Ministra de Trabajo)<\/p>\n\n\n\n<p>@Haciendagob (Ministerio de Hacienda)<\/p>\n\n\n\n<p>@sanchezcastejon (Pedro S\u00e1nchez)<\/p>\n\n\n\n<p>@ccoo_indra, @CCOO<\/p>\n\n\n\n<p>@UGT_ISTI, @UGT_Comunica<\/p>\n\n\n\n<p>Desde nuestras redes sociales tambi\u00e9n estaremos dinamizando esta campa\u00f1a. Pod\u00e9is seguirnos en:<\/p>\n\n\n\n<p>@SindicatoAsit<\/p>\n\n\n\n<p>@CGTIndraMadrid<\/p>\n\n\n\n<p>@CIGIndraISTI<\/p>\n\n\n\n<p>@cobasindraorg<\/p>\n\n\n\n<p>@RsticIndra<\/p>\n\n\n\n<p>@UsoIndra<\/p>\n\n\n\n<p>@SigIndra<\/p>\n\n\n\n<p>Muchas gracias por vuestra colaboraci\u00f3n.<\/p>\n\n\n\n<figure class=\"wp-block-image size-large\"><img loading=\"lazy\" decoding=\"async\" width=\"540\" height=\"310\" src=\"https:\/\/www.sitescobas.es\/indra\/wp-content\/uploads\/sites\/2\/2020\/11\/image-2.png\" alt=\"\" class=\"wp-image-2847\" srcset=\"https:\/\/www.sitescobas.es\/indra\/wp-content\/uploads\/sites\/2\/2020\/11\/image-2.png 540w, https:\/\/www.sitescobas.es\/indra\/wp-content\/uploads\/sites\/2\/2020\/11\/image-2-300x172.png 300w\" sizes=\"auto, (max-width: 540px) 100vw, 540px\" \/><\/figure>\n\n\n\n<figure class=\"wp-block-image size-large\"><img loading=\"lazy\" decoding=\"async\" width=\"552\" height=\"185\" src=\"https:\/\/www.sitescobas.es\/indra\/wp-content\/uploads\/sites\/2\/2020\/11\/image-3.png\" alt=\"\" class=\"wp-image-2852\" srcset=\"https:\/\/www.sitescobas.es\/indra\/wp-content\/uploads\/sites\/2\/2020\/11\/image-3.png 552w, https:\/\/www.sitescobas.es\/indra\/wp-content\/uploads\/sites\/2\/2020\/11\/image-3-300x101.png 300w\" sizes=\"auto, (max-width: 552px) 100vw, 552px\" \/><\/figure>\n","protected":false},"excerpt":{"rendered":"<div class=\"mh-excerpt\">Queremos agradecerte el apoyo recibido hasta ahora e informarte que, hasta el momento, llevamos recogidas en change.org casi \u00a13000 firmas! Si no lo has hecho a\u00fan, firma la petici\u00f3n: http:\/\/chng.it\/Zd8f7xJQLN Debemos seguir mostrando nuestro rechazo <a class=\"mh-excerpt-more\" href=\"https:\/\/www.sitescobas.es\/indra\/2020\/11\/12\/colaboras-a-parar-este-ere\/\" title=\"\u00bfColaboras a parar este ERE?\">[&#8230;]<\/a><\/div>\n","protected":false},"author":6,"featured_media":2851,"comment_status":"open","ping_status":"open","sticky":false,"template":"","format":"standard","meta":{"_kadence_starter_templates_imported_post":false,"footnotes":""},"categories":[2,1],"tags":[107],"class_list":{"0":"post-2845","1":"post","2":"type-post","3":"status-publish","4":"format-standard","5":"has-post-thumbnail","7":"category-comunicado","8":"category-sin-categoria","9":"tag-ere-en-indra-soluciones-ti"},"_links":{"self":[{"href":"https:\/\/www.sitescobas.es\/indra\/wp-json\/wp\/v2\/posts\/2845","targetHints":{"allow":["GET"]}}],"collection":[{"href":"https:\/\/www.sitescobas.es\/indra\/wp-json\/wp\/v2\/posts"}],"about":[{"href":"https:\/\/www.sitescobas.es\/indra\/wp-json\/wp\/v2\/types\/post"}],"author":[{"embeddable":true,"href":"https:\/\/www.sitescobas.es\/indra\/wp-json\/wp\/v2\/users\/6"}],"replies":[{"embeddable":true,"href":"https:\/\/www.sitescobas.es\/indra\/wp-json\/wp\/v2\/comments?post=2845"}],"version-history":[{"count":3,"href":"https:\/\/www.sitescobas.es\/indra\/wp-json\/wp\/v2\/posts\/2845\/revisions"}],"predecessor-version":[{"id":2853,"href":"https:\/\/www.sitescobas.es\/indra\/wp-json\/wp\/v2\/posts\/2845\/revisions\/2853"}],"wp:featuredmedia":[{"embeddable":true,"href":"https:\/\/www.sitescobas.es\/indra\/wp-json\/wp\/v2\/media\/2851"}],"wp:attachment":[{"href":"https:\/\/www.sitescobas.es\/indra\/wp-json\/wp\/v2\/media?parent=2845"}],"wp:term":[{"taxonomy":"category","embeddable":true,"href":"https:\/\/www.sitescobas.es\/indra\/wp-json\/wp\/v2\/categories?post=2845"},{"taxonomy":"post_tag","embeddable":true,"href":"https:\/\/www.sitescobas.es\/indra\/wp-json\/wp\/v2\/tags?post=2845"}],"curies":[{"name":"wp","href":"https:\/\/api.w.org\/{rel}","templated":true}]}}