{"id":2757,"date":"2020-06-12T10:20:13","date_gmt":"2020-06-12T10:20:13","guid":{"rendered":"https:\/\/www.sitescobas.es\/indra\/?p=2757"},"modified":"2020-06-12T10:28:39","modified_gmt":"2020-06-12T10:28:39","slug":"movilizacion-en-nissan","status":"publish","type":"post","link":"https:\/\/www.sitescobas.es\/indra\/2020\/06\/12\/movilizacion-en-nissan\/","title":{"rendered":"Movilizaci\u00f3n en Nissan"},"content":{"rendered":"<p>[expand ID=\u00bbextra1-CAS\u00bb trigclass=\u00bbnoarrow\u00bb title=\u00bbCASTELLANO\u00bb rel=\u00bbCAS\u00bb][\/expand]&nbsp;&nbsp;|&nbsp;&nbsp;[expand ID=\u00bbextra1-CAT\u00bb trigclass=\u00bbnoarrow\u00bb title=\u00bbCATAL\u00c1N\u00bb rel=\u00bbCAT\u00bb][\/expand]<\/p>\n\n\n\n<div style=\"height:20px\" aria-hidden=\"true\" class=\"wp-block-spacer\"><\/div>\n\n\n<p>[expand ID=\u00bbCAS\u00bb title=\u00bb\u00bb expanded=\u00bbtrue\u00bb trigclass=\u00bbnoarrow\u00bb rel=\u00bbCAS\u00bb]<\/p>\n\n\n\n<p>Desde las secciones sindicales de\u00a0<strong><span style=\"color:#ff0000\" class=\"has-inline-color\">co.bas<\/span><\/strong>\u00a0de Indra Sistemas, Indra Soluciones TI e Indra Producci\u00f3n SW, queremos hacer llegar toda nuestra solidaridad y apoyo a la plantilla de Nissan.<\/p>\n\n\n\n<p><strong>Nissan, pretende echar el cierre y mandar al paro a m\u00e1s de 3.500 trabajadores y a 20.000 m\u00e1s en las industrias auxiliares<\/strong>. En estos tiempos de pandemia, la patronal aprovecha para \u2013 una vez m\u00e1s \u2013 descargar el peso de la crisis sobre la espalda de los trabajadores. Ellos s\u00f3lo entienden de una cosa, los beneficios a costa de nuestro sudor y sacrificio.<\/p>\n\n\n\n<p><strong>La huelga en Nissan merece todo nuestro apoyo y solidaridad<\/strong>. No s\u00f3lo marca el camino de la industria auxiliar que rodea a la empresa, sino el de toda la clase trabajadora del estado. La lucha de los y las trabajadoras de Nissan representa un ejemplo a seguir. Hay que mandar un mensaje claro a la patronal: \u00a1Ya basta de ERES y ERTES! \u00a1Los puestos de trabajo no se venden, se defienden!<\/p>\n\n\n\n<p>Hay otro aspecto m\u00e1s all\u00e1 de la lucha de Nissan, y es la connivencia o tibiez con la que act\u00faan las distintas administraciones p\u00fablicas. Esta empresa, aun habiendo&nbsp;<strong>recibido m\u00e1s de 180 millones de euros<\/strong>&nbsp;de las arcas p\u00fablicas desde el 2009 \u2013 sin contar con las cuantiosas ventajas fiscales \u2013&nbsp;<strong>termina echando el cierre<\/strong>. Esto es un proceso que se ha ido cronificando mediante las distintas administraciones miraban para otro lado.<\/p>\n\n\n\n<p>Es una obscenidad condenar ahora a 23.000 familias a la ruina. Si Nissan quiere irse, \u00a1que devuelva cada euro invertido! i se la demande por el impacto econ\u00f3mico que esto supondr\u00e1 Hay que garantizar los puestos de trabajo, si es necesario nacionalizando la empresa y asegurando una alternativa de producci\u00f3n que revierta en la sociedad. Esta crisis ha demostrado en pocas semanas que reorientar la producci\u00f3n acorde a las necesidades sociales (como en el caso de la falta de respiradores) es una realidad necesaria.<\/p>\n\n\n\n<p>Llamamos a los y las trabajadoras de Indra a participar en la lucha de Nissan en defensa del empleo: solidaric\u00e9monos y apoyemos activamente sus movilizaciones y demandas en Montcada, Sant Andreu, Zona Franca y donde haga falta. Esta crisis, antes o despu\u00e9s, nos afectar\u00e1 a todos y la patronal querr\u00e1 que la paguemos los trabajadores. Hoy su lucha es la nuestra, y el d\u00eda de ma\u00f1ana nuestra lucha ser\u00e1 tambi\u00e9n la suya.<\/p>\n\n\n\n<p>\u00a1Viva la lucha de los trabajadores de Nissan!<\/p>\n\n\n\n<p><a href=\"https:\/\/twitter.com\/futuroNissan\">Twitter Nissan<\/a><\/p>\n\n\n<p>[\/expand]<\/p>\n\n\n<p>[expand ID=\u00bbCAT\u00bb title=\u00bb\u00bb trigclass=\u00bbnoarrow\u00bb rel=\u00bbCAT\u00bb]<\/p>\n\n\n\n<h2 class=\"wp-block-heading\"><strong><em>Mobilitzaci\u00f3 a Nissan<\/em><\/strong><\/h2>\n\n\n\n<p>Des de les seccions sindicals de\u00a0<strong><span style=\"color:#ff0000\" class=\"has-inline-color\">co.bas<\/span><\/strong>\u00a0d&#8217;Indra Sistemas, Indra Soluciones TI i Indra Producci\u00f3n SW, volem fer arribar tota la nostra solidaritat i suport a la plantilla de Nissan.<\/p>\n\n\n\n<p><strong>Nissan, pret\u00e9n tancar i enviar a l&#8217;atur a m\u00e9s de 3.500 treballadors i a 20.000 m\u00e9s de les ind\u00fastries auxiliars<\/strong>. En aquests temps de pand\u00e8mia, la patronal aprofita per a \u2013 una vegada m\u00e9s \u2013 descarregar el pes de la crisi sobre les espatlles dels treballadors. Ells nom\u00e9s entenen d&#8217;una cosa, els beneficis a costa de la nostra suor i sacrifici.<\/p>\n\n\n\n<p><strong>La vaga de Nissan mereix tot el nostre suport i solidaritat.<\/strong>&nbsp;No nom\u00e9s marca el cam\u00ed de la ind\u00fastria auxiliar que envolta a l&#8217;empresa, sin\u00f3 el de tota la classe treballadora de l&#8217;estat. La lluita dels i les treballadores de Nissan \u00e9s un exemple a seguir. Cal enviar un missatge clar a la patronal: Ja n&#8217;hi ha prou d&#8217;ERES i ERTOS! Els llocs de treball no es venen, es defensen!<\/p>\n\n\n\n<p>Hi ha un altre aspecte m\u00e9s enll\u00e0 de la lluita de Nissan, i \u00e9s la conniv\u00e8ncia o tebiesa amb la que actuen les diferents administracions p\u00fabliques. Aquesta empresa, tot i haver&nbsp;<strong>rebut m\u00e9s de 180 milions d&#8217;euros<\/strong>&nbsp;de les arques p\u00fabliques des de 2009 \u2013 sense comptar amb els abundants avantatges fiscals \u2013&nbsp;<strong>acaba tancant<\/strong>. Aix\u00f2 \u00e9s un proc\u00e9s que s&#8217;ha anat cronificant mentre que les diferents administracions miraven cap a una altra banda.<\/p>\n\n\n\n<p>\u00c9s una obscenitat condemnar ara a 23.000 fam\u00edlies a la ru\u00efna. Si Nissan vol anar-se&#8217;n, que torni cada euro invertit! i se la demandi per l\u2019impacte econ\u00f2mic que aix\u00f2 suposar\u00e0. Cal garantir els llocs de treball, si \u00e9s necessari nacionalitzant l&#8217;empresa i assegurant una alternativa de producci\u00f3 que reverteixi en la societat. Aquesta crisi ha demostrat, en poques setmanes, que reorientar la producci\u00f3 d&#8217;acord a les necessitats socials (com el cas de la falta de respiradors) \u00e9s una realitat necess\u00e0ria.<\/p>\n\n\n\n<p>Cridem als i les treballadores d&#8217;Indra a participar de la lluita de Nissan en defensa de l&#8217;ocupaci\u00f3: solidaritzem-nos i secundem activament les seves mobilitzacions i demandes a Montcada, Sant Andreu, Zona Franca i on faci falta. Aquesta crisi, abans o despr\u00e9s, ens afectar\u00e0 a tots i la patronal voldr\u00e0 que la paguem els treballadors. Avui la seva lluita \u00e9s la nostra, i el dia de dem\u00e0 la nostra lluita ser\u00e0 tamb\u00e9 la seva.<\/p>\n\n\n\n<p>Visca la lluita dels treballadors de Nissan!<\/p>\n\n\n\n<p><a href=\"https:\/\/twitter.com\/futuroNissan\">Twitter Nissan<\/a><\/p>\n\n\n<p>[\/expand]<\/p>\n","protected":false},"excerpt":{"rendered":"<div class=\"mh-excerpt\">Desde las secciones sindicales de co.bas de Indra Sistemas, Indra Soluciones TI e Indra Producci\u00f3n SW, queremos hacer llegar toda nuestra solidaridad y apoyo a la plantilla de Nissan.<\/div>\n<p> <a class=\"mh-excerpt-more\" href=\"https:\/\/www.sitescobas.es\/indra\/2020\/06\/12\/movilizacion-en-nissan\/\" title=\"Movilizaci\u00f3n en Nissan\">[&#8230;]<\/a><\/p>\n","protected":false},"author":1,"featured_media":2760,"comment_status":"open","ping_status":"open","sticky":false,"template":"","format":"standard","meta":{"_kadence_starter_templates_imported_post":false,"footnotes":""},"categories":[41,2],"tags":[103,102],"class_list":{"0":"post-2757","1":"post","2":"type-post","3":"status-publish","4":"format-standard","5":"has-post-thumbnail","7":"category-barcelona","8":"category-comunicado","9":"tag-cierre","10":"tag-nissan"},"_links":{"self":[{"href":"https:\/\/www.sitescobas.es\/indra\/wp-json\/wp\/v2\/posts\/2757","targetHints":{"allow":["GET"]}}],"collection":[{"href":"https:\/\/www.sitescobas.es\/indra\/wp-json\/wp\/v2\/posts"}],"about":[{"href":"https:\/\/www.sitescobas.es\/indra\/wp-json\/wp\/v2\/types\/post"}],"author":[{"embeddable":true,"href":"https:\/\/www.sitescobas.es\/indra\/wp-json\/wp\/v2\/users\/1"}],"replies":[{"embeddable":true,"href":"https:\/\/www.sitescobas.es\/indra\/wp-json\/wp\/v2\/comments?post=2757"}],"version-history":[{"count":5,"href":"https:\/\/www.sitescobas.es\/indra\/wp-json\/wp\/v2\/posts\/2757\/revisions"}],"predecessor-version":[{"id":2763,"href":"https:\/\/www.sitescobas.es\/indra\/wp-json\/wp\/v2\/posts\/2757\/revisions\/2763"}],"wp:featuredmedia":[{"embeddable":true,"href":"https:\/\/www.sitescobas.es\/indra\/wp-json\/wp\/v2\/media\/2760"}],"wp:attachment":[{"href":"https:\/\/www.sitescobas.es\/indra\/wp-json\/wp\/v2\/media?parent=2757"}],"wp:term":[{"taxonomy":"category","embeddable":true,"href":"https:\/\/www.sitescobas.es\/indra\/wp-json\/wp\/v2\/categories?post=2757"},{"taxonomy":"post_tag","embeddable":true,"href":"https:\/\/www.sitescobas.es\/indra\/wp-json\/wp\/v2\/tags?post=2757"}],"curies":[{"name":"wp","href":"https:\/\/api.w.org\/{rel}","templated":true}]}}