{"id":2628,"date":"2020-05-25T16:08:00","date_gmt":"2020-05-25T16:08:00","guid":{"rendered":"https:\/\/www.sitescobas.es\/indra\/?p=2628"},"modified":"2020-06-02T16:16:39","modified_gmt":"2020-06-02T16:16:39","slug":"quienes-somos-co-bas-badajoz","status":"publish","type":"post","link":"https:\/\/www.sitescobas.es\/indra\/2020\/05\/25\/quienes-somos-co-bas-badajoz\/","title":{"rendered":"\u00bfQui\u00e9nes somos co.bas Badajoz?"},"content":{"rendered":"\n<p>Son algunos los cambios que desde hace un tiempo se han venido produciendo en nuestra secci\u00f3n sindical, y dado que ahora estamos todos en casa y es m\u00e1s dif\u00edcil vernos en sentido literal, queremos recordaros que somos 7 delegados los que formamos la secci\u00f3n sindical de\u00a0<strong><span style=\"color:#ff0000\" class=\"has-inline-color\">co.bas<\/span><\/strong> y estamos para que pod\u00e1is poneros en contacto con nosotros ante cualquier duda o problema que pod\u00e1is tener.<\/p>\n\n\n\n<p>Adem\u00e1s, recordad que cualquier incidencia relacionada con temas del edificio que pueda afectar a la salud de los trabajadores, condiciones de trabajo, etc., pod\u00e9is comunicarlo a los 3 delegados de\u00a0<span style=\"color:#ff0000\" class=\"has-inline-color\"><strong>co.bas<\/strong>\u00a0<\/span>que forman parte del Comit\u00e9 de Seguridad y Salud.<\/p>\n\n\n\n<p>No dud\u00e9is en poneros en contacto con cualquier de nosotros para lo que necesit\u00e9is.<\/p>\n\n\n\n<p><a href=\"mailto:badajoz@cobas.es\">badajoz@cobas.es<\/a><\/p>\n","protected":false},"excerpt":{"rendered":"<div class=\"mh-excerpt\">Son algunos los cambios que desde hace un tiempo se han venido produciendo en nuestra secci\u00f3n sindical, y dado que ahora estamos todos en casa y es m\u00e1s dif\u00edcil vernos en sentido literal, queremos recordaros <a class=\"mh-excerpt-more\" href=\"https:\/\/www.sitescobas.es\/indra\/2020\/05\/25\/quienes-somos-co-bas-badajoz\/\" title=\"\u00bfQui\u00e9nes somos co.bas Badajoz?\">[&#8230;]<\/a><\/div>\n","protected":false},"author":1,"featured_media":216,"comment_status":"open","ping_status":"open","sticky":false,"template":"","format":"standard","meta":{"_kadence_starter_templates_imported_post":false,"footnotes":""},"categories":[86,2],"tags":[93,94],"class_list":{"0":"post-2628","1":"post","2":"type-post","3":"status-publish","4":"format-standard","5":"has-post-thumbnail","7":"category-badajoz","8":"category-comunicado","9":"tag-seccion-sindical","10":"tag-seguridad-y-salud"},"_links":{"self":[{"href":"https:\/\/www.sitescobas.es\/indra\/wp-json\/wp\/v2\/posts\/2628","targetHints":{"allow":["GET"]}}],"collection":[{"href":"https:\/\/www.sitescobas.es\/indra\/wp-json\/wp\/v2\/posts"}],"about":[{"href":"https:\/\/www.sitescobas.es\/indra\/wp-json\/wp\/v2\/types\/post"}],"author":[{"embeddable":true,"href":"https:\/\/www.sitescobas.es\/indra\/wp-json\/wp\/v2\/users\/1"}],"replies":[{"embeddable":true,"href":"https:\/\/www.sitescobas.es\/indra\/wp-json\/wp\/v2\/comments?post=2628"}],"version-history":[{"count":1,"href":"https:\/\/www.sitescobas.es\/indra\/wp-json\/wp\/v2\/posts\/2628\/revisions"}],"predecessor-version":[{"id":2629,"href":"https:\/\/www.sitescobas.es\/indra\/wp-json\/wp\/v2\/posts\/2628\/revisions\/2629"}],"wp:featuredmedia":[{"embeddable":true,"href":"https:\/\/www.sitescobas.es\/indra\/wp-json\/wp\/v2\/media\/216"}],"wp:attachment":[{"href":"https:\/\/www.sitescobas.es\/indra\/wp-json\/wp\/v2\/media?parent=2628"}],"wp:term":[{"taxonomy":"category","embeddable":true,"href":"https:\/\/www.sitescobas.es\/indra\/wp-json\/wp\/v2\/categories?post=2628"},{"taxonomy":"post_tag","embeddable":true,"href":"https:\/\/www.sitescobas.es\/indra\/wp-json\/wp\/v2\/tags?post=2628"}],"curies":[{"name":"wp","href":"https:\/\/api.w.org\/{rel}","templated":true}]}}