{"id":26,"date":"2014-02-22T19:22:00","date_gmt":"2014-02-22T19:22:00","guid":{"rendered":"http:\/\/pruebas.cobasindra.org\/?p=26"},"modified":"2014-02-22T19:22:00","modified_gmt":"2014-02-22T19:22:00","slug":"dimision-del-ministro-del-interior","status":"publish","type":"post","link":"https:\/\/www.sitescobas.es\/indra\/2014\/02\/22\/dimision-del-ministro-del-interior\/","title":{"rendered":"Dimisi\u00f3n del Ministro del Interior"},"content":{"rendered":"<fieldset>\n<legend><b>La tragedia de Ceuta<\/b><\/legend>\n<p><\/p>\n<div style=\"text-align: justify\"><a href=\"http:\/\/cobasindra.org\/wp-content\/uploads\/2014\/02\/minterior.jpg\" style=\"clear: left;float: left;margin-bottom: 1em;margin-right: 1em\"><img decoding=\"async\" border=\"0\" src=\"http:\/\/cobasindra.org\/wp-content\/uploads\/2014\/02\/minterior-207x300.jpg\" \/><\/a>Desde <b>COBAS <\/b>apoyamos la petici\u00f3n de dimisi\u00f3n del ministro del Interior, <b>Jorge Fern\u00e1ndez D\u00edaz<\/b>, que diferentes asociaciones y grupos pol\u00edticos han instado como consecuencia de la mala gesti\u00f3n (&#8230;) de la tragedia entre Ceuta y Marruecos registrada el pasado jueves 6 de febrero, cuando al menos 15 personas perdieron la vida intentando llegar a nado a Espa\u00f1a.<\/p>\n<p>Como demuestran las im\u00e1genes de los hechos, el Gobierno espa\u00f1ol minti\u00f3 sobre la actuaci\u00f3n de la Guardia Civil.<\/p>\n<p>Primero dijeron que no hab\u00edan intervenido, que s\u00f3lo hab\u00eda intervenido la polic\u00eda marroqu\u00ed, pero despu\u00e9s de ser acusados por testigos de haber disparado con gas lacrim\u00f3geno y pelotas de goma contra los inmigrantes que nadaban, reconocieron que s\u00ed que hab\u00edan disparado, pero solo contra inmigrantes en tierra.<\/p>\n<p>Adem\u00e1s negaron que hubieran devuelto ilegalmente a varios inmigrantes que lograron llegar a territorio espa\u00f1ol cosa que niegan los v\u00eddeos.<\/p>\n<div style=\"clear: both;text-align: center\"><\/div>\n<p>El resumen de declaraciones y videos constatan:<\/p>\n<ul>\n<li>Botes de humo donde murieron los inmigrantes<\/li>\n<li>La Guardia Civil dispara hacia los inmigrantes<\/li>\n<li>Guardia Civil entra en aguas marroqu\u00edes pero no auxilia<\/li>\n<li>La Guardia Civil maltrata a un inmigrante en Espa\u00f1a<\/li>\n<li>Devoluciones ilegales de inmigrantes<\/li>\n<li>Agentes marroqu\u00edes pegan a palos a los supervivientes<\/li>\n<li>La Guardia Civil no asisti\u00f3 a quien lo necesitaba<\/li>\n<li>Hab\u00eda flotadores pinchados<\/li>\n<li>El primer v\u00eddeo de Interior estaba manipulado<\/li>\n<li>Devoluciones ilegales, tambi\u00e9n por el agua<\/li>\n<\/ul>\n<div style=\"clear: both;text-align: center\"><a href=\"http:\/\/cobasindra.org\/wp-content\/uploads\/2014\/02\/Imagen-Guardia-Civil-antidisturbios-Ceuta_EDIIMA20140207_0754_18.jpg\" style=\"clear: left;float: left;margin-bottom: 1em;margin-right: 1em\"><img loading=\"lazy\" decoding=\"async\" border=\"0\" src=\"http:\/\/cobasindra.org\/wp-content\/uploads\/2014\/02\/Imagen-Guardia-Civil-antidisturbios-Ceuta_EDIIMA20140207_0754_18.jpg\" height=\"180\" width=\"320\" \/><\/a><\/div>\n<p>Cada uno de estas im\u00e1genes se pueden ver en esta noticia:  <b><a href=\"http:\/\/www.eldiario.es\/desalambre\/demuestra-camaras-seguridad-frontera-Ceuta_0_231327736.html\" target=\"_blank\" rel=\"noopener noreferrer\"><br \/>Qu\u00e9 demuestran las nuevas im\u00e1genes de Ceuta como para que sea tan importante que las veas<\/a><\/b><\/p>\n<p><a href=\"https:\/\/www.change.org\/es\/peticiones\/jorge-fern%C3%A1ndez-d%C3%ADaz-exigimos-su-inmediata-dimisi%C3%B3n-por-la-tragedia-de-ceuta-y-la-manipulaci%C3%B3n-llevada-a-cabo-por-las-fuerzas-del-estado-para-tapar-su-intervenci%C3%B3n\" target=\"_blank\" rel=\"noopener noreferrer\">Petici\u00f3n dirigida a: Jorge Fern\u00e1ndez D\u00edaz <br \/>Exigimos su inmediata dimisi\u00f3n por la tragedia de Ceuta y la manipulaci\u00f3n llevada a cabo por las fuerzas del Estado para tapar su intervenci\u00f3n.<\/a><\/p>\n<p><span style=\"font-size: large\"><b>Adem\u00e1s:<\/b><\/span><br \/><a href=\"http:\/\/www.elmundo.es\/espana\/2014\/02\/15\/52ffa7e0268e3e53058b456e.html\" target=\"_blank\" rel=\"noopener noreferrer\">La Cruz Roja califica el suceso del mayor drama sobre la inmigraci\u00f3n.<\/a><br \/><span style=\"color: #3c3c3c;font-family: Arial, Helvetica, sans-serif;font-size: 16px;line-height: 19px;text-align: left\"><br \/><\/span><span style=\"color: #3c3c3c;font-family: Arial, Helvetica, sans-serif;font-size: 16px;line-height: 19px;text-align: left\"><br \/><\/span><span style=\"color: #3c3c3c;font-family: Arial, Helvetica, sans-serif;font-size: 16px;line-height: 19px;text-align: left\"><a href=\"https:\/\/www.diagonalperiodico.net\/global\/21717-las-muertes-de-ceuta-llegan-tribunales.html\" target=\"_blank\" rel=\"noopener noreferrer\">Veinti\u00fan colectivos y entidades han presentado una denuncia penal ante la Fiscal\u00eda General del Estado para que se investiguen los hechos y se depuren responsabilidades por la muerte de 15 personas en Ceuta tras la intervenci\u00f3n de la Guardia Civil con material antidisturbios.<\/a><\/span><\/div>\n<\/fieldset>\n","protected":false},"excerpt":{"rendered":"<div class=\"mh-excerpt\">La tragedia de Ceuta Desde COBAS apoyamos la petici\u00f3n de dimisi\u00f3n del ministro del Interior, Jorge Fern\u00e1ndez D\u00edaz, que diferentes asociaciones y grupos pol\u00edticos han instado como consecuencia de la mala gesti\u00f3n (&#8230;) de la <a class=\"mh-excerpt-more\" href=\"https:\/\/www.sitescobas.es\/indra\/2014\/02\/22\/dimision-del-ministro-del-interior\/\" title=\"Dimisi\u00f3n del Ministro del Interior\">[&#8230;]<\/a><\/div>\n","protected":false},"author":2,"featured_media":154,"comment_status":"open","ping_status":"closed","sticky":false,"template":"","format":"standard","meta":{"_kadence_starter_templates_imported_post":false,"footnotes":""},"categories":[29],"tags":[27],"class_list":{"0":"post-26","1":"post","2":"type-post","3":"status-publish","4":"format-standard","5":"has-post-thumbnail","7":"category-sociedad","8":"tag-protesta"},"_links":{"self":[{"href":"https:\/\/www.sitescobas.es\/indra\/wp-json\/wp\/v2\/posts\/26","targetHints":{"allow":["GET"]}}],"collection":[{"href":"https:\/\/www.sitescobas.es\/indra\/wp-json\/wp\/v2\/posts"}],"about":[{"href":"https:\/\/www.sitescobas.es\/indra\/wp-json\/wp\/v2\/types\/post"}],"author":[{"embeddable":true,"href":"https:\/\/www.sitescobas.es\/indra\/wp-json\/wp\/v2\/users\/2"}],"replies":[{"embeddable":true,"href":"https:\/\/www.sitescobas.es\/indra\/wp-json\/wp\/v2\/comments?post=26"}],"version-history":[{"count":0,"href":"https:\/\/www.sitescobas.es\/indra\/wp-json\/wp\/v2\/posts\/26\/revisions"}],"wp:featuredmedia":[{"embeddable":true,"href":"https:\/\/www.sitescobas.es\/indra\/wp-json\/"}],"wp:attachment":[{"href":"https:\/\/www.sitescobas.es\/indra\/wp-json\/wp\/v2\/media?parent=26"}],"wp:term":[{"taxonomy":"category","embeddable":true,"href":"https:\/\/www.sitescobas.es\/indra\/wp-json\/wp\/v2\/categories?post=26"},{"taxonomy":"post_tag","embeddable":true,"href":"https:\/\/www.sitescobas.es\/indra\/wp-json\/wp\/v2\/tags?post=26"}],"curies":[{"name":"wp","href":"https:\/\/api.w.org\/{rel}","templated":true}]}}