{"id":2459,"date":"2020-03-12T14:47:35","date_gmt":"2020-03-12T12:47:35","guid":{"rendered":"https:\/\/indra.cobas.org\/?p=2459"},"modified":"2020-05-28T14:37:21","modified_gmt":"2020-05-28T14:37:21","slug":"cobas-solicita-a-indra-incluir-a-toda-la-rlt-en-comite-formado-a-raiz-del-covid-19","status":"publish","type":"post","link":"https:\/\/www.sitescobas.es\/indra\/2020\/03\/12\/cobas-solicita-a-indra-incluir-a-toda-la-rlt-en-comite-formado-a-raiz-del-covid-19\/","title":{"rendered":"co.bas solicita a Indra incluir a toda la RLT en comit\u00e9 de crisis formado a ra\u00edz del COVID-19"},"content":{"rendered":"\n<p>Por lo que sabemos,\ndebido a la crisis del coronavirus, en la empresa se ha creado un comit\u00e9 que\nir\u00e1 evaluando la situaci\u00f3n diariamente e ir\u00e1 tomando las decisiones que\nconsideren oportunas para minimizar el riesgo de contagio del COVID-19.<\/p>\n\n\n\n<p>Ayer, desde el usuario\ngen\u00e9rico Cu\u00eddate, nos enviaron una nota informativa con las medidas preventivas\nde actuaci\u00f3n que consideramos un desprop\u00f3sito y hemos pedido a la empresa una\nrectificaci\u00f3n.<\/p>\n\n\n\n<p>Nos hemos dirigido a la\nempresa en esos t\u00e9rminos y les hemos solicitado la participaci\u00f3n de toda la RLT\nen ese comit\u00e9.<\/p>\n\n\n\n<p>Les hemos trasladado que si hubiese una interlocuci\u00f3n fluida con la RLT, como nos pidieron que hubiese desde RRHH, ese correo no hubiese salido en esos t\u00e9rminos, o al menos, no con nuestra aprobaci\u00f3n porque es un insulto a los trabajadores y trabajadoras, desde nuestro punto de vista.<\/p>\n\n\n\n<p>La direcci\u00f3n de la\nempresa est\u00e1 muy mal acostumbrada a descargar responsabilidades que son\nexclusivamente de la empresa sobre los que llaman \u00abresponsables\u00bb y\nque, en muchos casos, ni tienen formaci\u00f3n ni categor\u00eda reconocida como tales,\nporque hay hasta \u00abjuniors\u00bb con la medallita de responsable. En el\npeor de los casos, no tienen capacidad y mucho menos empat\u00eda con el resto de\ncompa\u00f1eros y compa\u00f1eras, desde nuestro punto de vista.<\/p>\n\n\n\n<p>No sabemos qu\u00e9\ncriterios, aparte de los de productividad o de producci\u00f3n, les habr\u00e1n\ntransmitido a los responsables para que puedan decidir qui\u00e9n puede y qui\u00e9n no\npuede acogerse al teletrabajo, incluso de mujeres embarazadas o personas que\nsufren enfermedades cr\u00f3nicas, pero estamos convencidos que, si les han dado\nalguno, no son de car\u00e1cter m\u00e9dico. Tampoco se dice nada sobre los desasignados\nni sobre los subcontratados por Indra en los centros de Indra ni sobre los\nprofesionales de Indra desplazados en cliente.<\/p>\n\n\n\n<p>En algunos centros,\nexiste un servicio m\u00e9dico y en otros no, sin que sepamos por qu\u00e9. Como mucho,\ndeber\u00edan ser los profesionales de estos servicios los que podr\u00edan decidir o\nrecomendar, en estos momentos, qui\u00e9n debe teletrabajar s\u00ed o s\u00ed.<\/p>\n\n\n\n<p>No queremos ser\nalarmistas con esta situaci\u00f3n y nuestra voluntad es la de colaborar en todo\naquello que sirva para preservar nuestra salud, pero nos indigna que se pongan\npor delante criterios econ\u00f3micos o de producci\u00f3n, a los de nuestra salud y con\nestas formas.<\/p>\n\n\n\n<p>Os anexamos el documento interno desde el cual estamos trabajando en <strong><span style=\"color:#ff0000\" class=\"has-inline-color\">co.bas<\/span><\/strong> por si es de vuestro inter\u00e9s. Los trabajadores y trabajadoras no podemos pagar m\u00e1s crisis de este sistema depredador e injusto y tenemos muy claro que, cuando pase esta o dejen de hablar de ella, dar\u00e1n paso a la que ya llevamos desde hace tiempo y que tambi\u00e9n querr\u00e1n que paguemos nosotros y nosotras. <\/p>\n\n\n\n<p><a href=\"https:\/\/indra.cobas.org\/wp-content\/uploads\/2020\/03\/ANTE-LA-CRISIS-DEL-CORONAVIRUS-Y-SUS-REPERCUSIONES.pdf\">Pulsa para ver el Documento<\/a><\/p>\n","protected":false},"excerpt":{"rendered":"<div class=\"mh-excerpt\">Por lo que sabemos, debido a la crisis del coronavirus, en la empresa se ha creado un comit\u00e9 que ir\u00e1 evaluando la situaci\u00f3n diariamente e ir\u00e1 tomando las decisiones que consideren oportunas para minimizar el <a class=\"mh-excerpt-more\" href=\"https:\/\/www.sitescobas.es\/indra\/2020\/03\/12\/cobas-solicita-a-indra-incluir-a-toda-la-rlt-en-comite-formado-a-raiz-del-covid-19\/\" title=\"co.bas solicita a Indra incluir a toda la RLT en comit\u00e9 de crisis formado a ra\u00edz del COVID-19\">[&#8230;]<\/a><\/div>\n","protected":false},"author":2,"featured_media":2602,"comment_status":"closed","ping_status":"closed","sticky":false,"template":"","format":"standard","meta":{"_kadence_starter_templates_imported_post":false,"footnotes":""},"categories":[2],"tags":[4,20],"class_list":{"0":"post-2459","1":"post","2":"type-post","3":"status-publish","4":"format-standard","5":"has-post-thumbnail","7":"category-comunicado","8":"tag-covid-19","9":"tag-salud"},"_links":{"self":[{"href":"https:\/\/www.sitescobas.es\/indra\/wp-json\/wp\/v2\/posts\/2459","targetHints":{"allow":["GET"]}}],"collection":[{"href":"https:\/\/www.sitescobas.es\/indra\/wp-json\/wp\/v2\/posts"}],"about":[{"href":"https:\/\/www.sitescobas.es\/indra\/wp-json\/wp\/v2\/types\/post"}],"author":[{"embeddable":true,"href":"https:\/\/www.sitescobas.es\/indra\/wp-json\/wp\/v2\/users\/2"}],"replies":[{"embeddable":true,"href":"https:\/\/www.sitescobas.es\/indra\/wp-json\/wp\/v2\/comments?post=2459"}],"version-history":[{"count":1,"href":"https:\/\/www.sitescobas.es\/indra\/wp-json\/wp\/v2\/posts\/2459\/revisions"}],"predecessor-version":[{"id":2603,"href":"https:\/\/www.sitescobas.es\/indra\/wp-json\/wp\/v2\/posts\/2459\/revisions\/2603"}],"wp:featuredmedia":[{"embeddable":true,"href":"https:\/\/www.sitescobas.es\/indra\/wp-json\/wp\/v2\/media\/2602"}],"wp:attachment":[{"href":"https:\/\/www.sitescobas.es\/indra\/wp-json\/wp\/v2\/media?parent=2459"}],"wp:term":[{"taxonomy":"category","embeddable":true,"href":"https:\/\/www.sitescobas.es\/indra\/wp-json\/wp\/v2\/categories?post=2459"},{"taxonomy":"post_tag","embeddable":true,"href":"https:\/\/www.sitescobas.es\/indra\/wp-json\/wp\/v2\/tags?post=2459"}],"curies":[{"name":"wp","href":"https:\/\/api.w.org\/{rel}","templated":true}]}}