{"id":2430,"date":"2020-02-20T15:27:37","date_gmt":"2020-02-20T13:27:37","guid":{"rendered":"https:\/\/indra.cobas.org\/?p=2430"},"modified":"2020-02-20T15:27:37","modified_gmt":"2020-02-20T13:27:37","slug":"derogacion-despido-objetivo-por-falta-de-asistencia","status":"publish","type":"post","link":"https:\/\/www.sitescobas.es\/indra\/2020\/02\/20\/derogacion-despido-objetivo-por-falta-de-asistencia\/","title":{"rendered":"Derogaci\u00f3n despido Objetivo por falta de Asistencia"},"content":{"rendered":"\n<p>Por medio del Real Decreto-ley 4\/2020, de 18 de febrero, queda derogado el despido objetivo por faltas de asistencia al trabajo establecido en el art\u00edculo 52.d) del texto refundido de la Ley del Estatuto de los Trabajadores, aprobado por el Real Decreto Legislativo 2\/2015, de 23 de octubre.<\/p>\n\n\n\n<p>De esta manera se garantiza el derecho de las personas trabajadoras a no ser penalizadas por circunstancias personales de las que no son responsables, como son las relacionadas con la enfermedad.<\/p>\n\n\n\n<p>Tal y como se se\u00f1ala en el mismo, el mecanismo establecido en el art\u00edculo 52.d) del Estatuto de los Trabajadores era un instrumento susceptible de provocar discriminaci\u00f3n directa e indirecta por raz\u00f3n de discapacidad y tambi\u00e9n de g\u00e9nero. Su derogaci\u00f3n&nbsp;persigue garantizar el derecho a la no discriminaci\u00f3n&nbsp;de las personas, as\u00ed como para evitar el riesgo de exclusi\u00f3n profesional y social de colectivos de especial vulnerabilidad, por ejemplo, por raz\u00f3n de discapacidad o g\u00e9nero.<\/p>\n\n\n\n<p>En lo concerniente&nbsp;a la discriminaci\u00f3n de g\u00e9nero,&nbsp;porque es susceptible de afectar particularmente a las mujeres, dada la mayor participaci\u00f3n de las mujeres en las actividades de cuidado, fundamentalmente por las dificultades de conciliaci\u00f3n derivadas de factores m\u00faltiples.<\/p>\n\n\n\n<p><a href=\"https:\/\/indra.cobas.org\/wp-content\/uploads\/2020\/02\/RD-Ley-Derogaci\u00f3n-Despido-Objetivo.pdf\" target=\"_blank\" rel=\"noreferrer noopener\" aria-label=\" Real Decreto-ley 4\/2020  (se abre en una nueva pesta\u00f1a)\"> Real Decreto-ley 4\/2020 <\/a><\/p>\n\n\n\n<figure class=\"wp-block-gallery columns-0 is-cropped wp-block-gallery-1 is-layout-flex wp-block-gallery-is-layout-flex\"><ul class=\"blocks-gallery-grid\"><\/ul><\/figure>\n","protected":false},"excerpt":{"rendered":"<div class=\"mh-excerpt\">Por medio del Real Decreto-ley 4\/2020, de 18 de febrero, queda derogado el despido objetivo por faltas de asistencia al trabajo establecido en el art\u00edculo 52.d) del texto refundido de la Ley del Estatuto de <a class=\"mh-excerpt-more\" href=\"https:\/\/www.sitescobas.es\/indra\/2020\/02\/20\/derogacion-despido-objetivo-por-falta-de-asistencia\/\" title=\"Derogaci\u00f3n despido Objetivo por falta de Asistencia\">[&#8230;]<\/a><\/div>\n","protected":false},"author":2,"featured_media":2099,"comment_status":"closed","ping_status":"closed","sticky":false,"template":"","format":"standard","meta":{"_kadence_starter_templates_imported_post":false,"footnotes":""},"categories":[19,13],"tags":[44],"class_list":{"0":"post-2430","1":"post","2":"type-post","3":"status-publish","4":"format-standard","5":"has-post-thumbnail","7":"category-legislacion-laboral","8":"category-cobas-indra","9":"tag-comunicados"},"_links":{"self":[{"href":"https:\/\/www.sitescobas.es\/indra\/wp-json\/wp\/v2\/posts\/2430","targetHints":{"allow":["GET"]}}],"collection":[{"href":"https:\/\/www.sitescobas.es\/indra\/wp-json\/wp\/v2\/posts"}],"about":[{"href":"https:\/\/www.sitescobas.es\/indra\/wp-json\/wp\/v2\/types\/post"}],"author":[{"embeddable":true,"href":"https:\/\/www.sitescobas.es\/indra\/wp-json\/wp\/v2\/users\/2"}],"replies":[{"embeddable":true,"href":"https:\/\/www.sitescobas.es\/indra\/wp-json\/wp\/v2\/comments?post=2430"}],"version-history":[{"count":0,"href":"https:\/\/www.sitescobas.es\/indra\/wp-json\/wp\/v2\/posts\/2430\/revisions"}],"wp:featuredmedia":[{"embeddable":true,"href":"https:\/\/www.sitescobas.es\/indra\/wp-json\/"}],"wp:attachment":[{"href":"https:\/\/www.sitescobas.es\/indra\/wp-json\/wp\/v2\/media?parent=2430"}],"wp:term":[{"taxonomy":"category","embeddable":true,"href":"https:\/\/www.sitescobas.es\/indra\/wp-json\/wp\/v2\/categories?post=2430"},{"taxonomy":"post_tag","embeddable":true,"href":"https:\/\/www.sitescobas.es\/indra\/wp-json\/wp\/v2\/tags?post=2430"}],"curies":[{"name":"wp","href":"https:\/\/api.w.org\/{rel}","templated":true}]}}