{"id":2425,"date":"2020-02-05T11:58:00","date_gmt":"2020-02-05T09:58:00","guid":{"rendered":"https:\/\/indra.cobas.org\/?p=2425"},"modified":"2020-02-05T11:58:00","modified_gmt":"2020-02-05T09:58:00","slug":"subida-del-salario-minimo-interprofesional-smi","status":"publish","type":"post","link":"https:\/\/www.sitescobas.es\/indra\/2020\/02\/05\/subida-del-salario-minimo-interprofesional-smi\/","title":{"rendered":"Subida del Salario M\u00ednimo Interprofesional (SMI)"},"content":{"rendered":"\n<p>El gobierno, en acuerdo\ncon los sindicatos y la patronal ha aprobado una subida del Salario M\u00ednimo\nInterprofesional en 2020 que sit\u00faa \u00e9ste en 950 euros.<\/p>\n\n\n\n<p>Es conveniente hacer las siguientes\naclaraciones:<\/p>\n\n\n\n<p>1. A partir del 1 de\nenero de 2020, el salario m\u00ednimo para cualquier actividad queda fijado en 950\neuros al mes, tanto para los\/as trabajadores\/as fijos como eventuales y\ntemporeros (aquellos\/as cuyos servicios prestados en una empresa no superan los\n120 d\u00edas) y empleados\/as del hogar.<\/p>\n\n\n\n<p>2. Se aplica por tanto\na todos aquellos\/as trabajadores\/as que perciban un salario anual bruto\ninferior a 13.300 euros o la parte proporcional si se trabaja a tiempo parcial.\nA efectos pr\u00e1cticos, los trabajadores\/as cuyo salario es superior a 13.300\neuros brutos anuales no van a notar ning\u00fan cambio.<\/p>\n\n\n\n<p>3. No habr\u00e1 incremento\nsi la suma del salario base y complementos supera el nuevo SMI. Los\ncomplementos que recoge el art\u00edculo 26.3 del Estatuto de los Trabajadores son:\nPersonales: antig\u00fcedad, idiomas, t\u00edtulos, discapacidad; Por el trabajo\nrealizado: nocturnidad, turnicidad, asistencia, disponibilidad, domingos y\nfestivos; Por los resultados de la empresa: primas de productividad,\nparticipaci\u00f3n en ingresos, participaci\u00f3n en capital y bonus).<\/p>\n\n\n\n<p>4. Los importes del salario m\u00ednimo 2020 quedan\nde la siguiente manera:<\/p>\n\n\n\n<figure class=\"wp-block-table\"><table class=\"\"><tbody><tr><td>\n  Salario m\u00ednimo anual:\n  13.300 euros\n  <\/td><\/tr><tr><td>\n  Salario m\u00ednimo\n  mensual: 950 euros\n  <\/td><\/tr><tr><td>\n  Salario m\u00ednimo al\n  d\u00eda: 31,67 euros\n  <\/td><\/tr><tr><td>\n  Salario m\u00ednimo para\n  trabajadores\/as eventuales o temporales: 44,97 euros\/d\u00eda\n  <\/td><\/tr><tr><td>\n  Salario m\u00ednimo para\n  trabajadoras del hogar: 7,43 euros\/hora\n  <\/td><\/tr><\/tbody><\/table><\/figure>\n\n\n\n<p>5. Las y los\ntrabajadores que trabajen a tiempo parcial:<\/p>\n\n\n\n<figure class=\"wp-block-table\"><table class=\"\"><tbody><tr><td>\n  &nbsp;40 horas\n  <\/td><td>\n  13.300 \u20ac anuales\n  <\/td><td>\n  950 \u20ac (14 pagas)\n  <\/td><td>\n  1.108,33 \u20ac (12 pagas)\n  <\/td><\/tr><tr><td>\n  30 horas\n  <\/td><td>\n  9.975 \u20ac anuales\n  <\/td><td>\n  712,50 \u20ac (14 pagas)\n  <\/td><td>\n  831,25 \u20ac (12 pagas)\n  <\/td><\/tr><tr><td>\n  20 horas\n  <\/td><td>\n  6.650 \u20ac anuales\n  <\/td><td>\n  475,00 \u20ac (14 pagas)\n  <\/td><td>\n  554,16 \u20ac (12 pagas)\n  <\/td><\/tr><tr><td>\n  10 horas\n  <\/td><td>\n  3.325 \u20ac anuales\n  <\/td><td>\n  237,50 \u20ac (14 pagas)\n  <\/td><td>\n  277,08 \u20ac (12 pagas)\n  <\/td><\/tr><\/tbody><\/table><\/figure>\n\n\n\n<p>6. Los contratos en\nformaci\u00f3n o pr\u00e1cticas se ven tambi\u00e9n afectados por la subida. En este tipo de\ncontratos se considera que el 25% se dedica a la formaci\u00f3n del trabajador\/a,\npor tanto s\u00f3lo se cobra el 75% de las horas trabajadas. En el segundo y tercer a\u00f1o\neste porcentaje aumenta hasta el 85%.<\/p>\n\n\n\n<p>Con el aumento del SMI\na 950 euros, los trabajadores\/as con contrato de formaci\u00f3n cobrar\u00edan un m\u00ednimo\nde 712,5 euros\/mes durante el primer a\u00f1o y 817 euros\/mes durante el segundo y\ntercer a\u00f1o.<\/p>\n\n\n\n<p>&nbsp;<strong>LEJOS DE LO PROMETIDO Y M\u00c1S LEJOS A\u00daN\nDE LO NECESARIO<\/strong><\/p>\n\n\n\n<p>1. Esta subida no\nalcanza siquiera el compromiso de 1.000 \u20ac y sigue lejos de los 1.200 euros que\nse reivindican desde el movimiento sindical y social, incluido el movimiento\npensionista, y que el nuevo gobierno asumi\u00f3 en su programa, aunque hable a \u201clo\nlargo de la legislatura\u201d.<\/p>\n\n\n\n<p>2. La subida del SMI en\nun marco donde algo m\u00e1s de 3 millones de trabajadores\/as lo hacen con contratos\na tiempo parcial (concentrados mayoritariamente en sectores como Comercio y\nHosteler\u00eda), no garantiza para estos trabajadores\/as m\u00e1s que seguir percibiendo\nsalarios de miseria (ver el recuadro de esta nota informativa).<\/p>\n\n\n\n<p>3. Seg\u00fan el Gabinete\nEcon\u00f3mico de CCOO, bas\u00e1ndose en la informaci\u00f3n de la EPA sobre salarios, los\nbeneficiarios de la subida del SMI ser\u00edan \u201cen torno a dos millones de personas\ntrabajadoras. De \u00e9stas, 1.542.000 son a tiempo completo\u201d. As\u00ed pues el primer\n\u201cgran logro\u201d ser\u00eda una subida salarial que no representa un solo euro de subida\npara cerca de 18 millones de asalariados\/as.<\/p>\n\n\n\n<p>4. El Gobierno de\nZapatero cre\u00f3 en el a\u00f1o 2004 el IPREM (Indicador P\u00fablico de Rentas con Efectos\nM\u00faltiples) para sustituir al Salario M\u00ednimo Interprofesional (SMI) como\nreferencia en diferentes ayudas sociales, subsidios, becas y prestaciones,\ntanto a nivel estatal, auton\u00f3mico como local. El objetivo era que las subidas\nimportantes en el salario m\u00ednimo no tuvieran tanta repercusi\u00f3n en las cuentas\np\u00fablicas.<\/p>\n\n\n\n<p>El IPREM marca tanto el\nacceso a numerosas ayudas como su cuant\u00eda. Es la referencia, por ejemplo, para\npoder acceder a la asistencia jur\u00eddica gratuita, a viviendas de protecci\u00f3n\noficial y a ayudas para la gratuidad de libros, as\u00ed como para determinar la\ncuant\u00eda de subsidios de desempleo (como el de parados mayores de 52 a\u00f1os) y de\nla renta m\u00ednima de inserci\u00f3n en Andaluc\u00eda, entre otras.<\/p>\n\n\n\n<p>La subida del SMI por\ntanto no afecta al IPREM y eso es fundamental porque en el Estado espa\u00f1ol 2,5\nmillones de personas viven en la pobreza severa, el 5,4% de la poblaci\u00f3n. Un\ndato que sube por primera vez en tres a\u00f1os. Y un cuarto de la poblaci\u00f3n (12 millones)\nest\u00e1 en riesgo de pobreza o exclusi\u00f3n social.<\/p>\n\n\n\n<p>La decisi\u00f3n del\ngobierno mantiene el IPREM en los 537,84 euros mensuales, la misma cantidad\ndesde 2017, cuando subi\u00f3 un 1% despu\u00e9s de seis a\u00f1os de congelaci\u00f3n.<\/p>\n\n\n\n<p>5. Finalmente hay que\ndecir que en medio de tanta euforia europe\u00edsta se olvida con frecuencia que el\nsalario m\u00ednimo en Francia o Alemania supera los 1.500 euros, lejos, muy lejos\ndel actual SMI.<\/p>\n\n\n\n<p><strong>EXIJAMOS AL NUEVO GOBIERNO MEDIDAS QUE IMPONGAN\nUN CAMBIO REAL<\/strong><\/p>\n\n\n\n<p>Las medidas resueltas\nest\u00e1n, a nuestro juicio, muy lejos de poder ser consideradas progresistas, muy\npor detr\u00e1s de las demandas reclamadas por los movimientos sociales desde las\ncalles este tiempo atr\u00e1s y mucho m\u00e1s lejos a\u00fan de las necesidades materiales de\nmillones de trabajadores\/as.<\/p>\n\n\n\n<p>Que el salario m\u00ednimo\ncumpla con su funci\u00f3n real, es decir ser el m\u00ednimo que cualquier trabajador\/a\nreciba, exigir\u00eda acabar con la actual legislaci\u00f3n laboral poniendo fin a las\nreformas laborales del 2010 y 2012, as\u00ed como acabar con la generalizaci\u00f3n de los\ncontratos a tiempo parcial. Hay que exigir de este gobierno medidas de cambio\nreal ya y eso comienza porque el SMI no absorba los complementos salariales y\nel salario base sea el SMI all\u00e1 donde no lo supera.<\/p>\n\n\n\n<p>Un plan de medidas\nrealmente progresistas deber\u00eda incluir adem\u00e1s que la subida del SMI sea ya de\n1.200 euros, tal y como venimos exigiendo en las calles y marca la Carta Social\nEuropea.<\/p>\n\n\n\n<p>Y finalmente, que se\nderogue el decreto del Gobierno Zapatero (julio de 2004) poniendo as\u00ed fin al\nIndicador P\u00fablico de Renta de Efectos M\u00faltiples (IPREM) para que vuelva a ser\nel SMI la renta que se tome en cuenta a la hora de fijar acceso a becas, tasas,\njusticia gratuita, viviendas de protecci\u00f3n oficial, m\u00ednimos exentos en materia\nfiscal, etc.<\/p>\n\n\n\n<p>Medidas como la adoptada\npor el gobierno en relaci\u00f3n al SMI nos reafirman en que el camino es seguir en\nla lucha y no abandonar la calle gobierne quien gobierne.<\/p>\n","protected":false},"excerpt":{"rendered":"<div class=\"mh-excerpt\">El gobierno, en acuerdo con los sindicatos y la patronal ha aprobado una subida del Salario M\u00ednimo Interprofesional en 2020 que sit\u00faa \u00e9ste en 950 euros. Es conveniente hacer las siguientes aclaraciones: 1. A partir <a class=\"mh-excerpt-more\" href=\"https:\/\/www.sitescobas.es\/indra\/2020\/02\/05\/subida-del-salario-minimo-interprofesional-smi\/\" title=\"Subida del Salario M\u00ednimo Interprofesional (SMI)\">[&#8230;]<\/a><\/div>\n","protected":false},"author":2,"featured_media":0,"comment_status":"closed","ping_status":"closed","sticky":false,"template":"","format":"standard","meta":{"_kadence_starter_templates_imported_post":false,"footnotes":""},"categories":[2,19,1],"tags":[],"class_list":{"0":"post-2425","1":"post","2":"type-post","3":"status-publish","4":"format-standard","6":"category-comunicado","7":"category-legislacion-laboral","8":"category-sin-categoria"},"_links":{"self":[{"href":"https:\/\/www.sitescobas.es\/indra\/wp-json\/wp\/v2\/posts\/2425","targetHints":{"allow":["GET"]}}],"collection":[{"href":"https:\/\/www.sitescobas.es\/indra\/wp-json\/wp\/v2\/posts"}],"about":[{"href":"https:\/\/www.sitescobas.es\/indra\/wp-json\/wp\/v2\/types\/post"}],"author":[{"embeddable":true,"href":"https:\/\/www.sitescobas.es\/indra\/wp-json\/wp\/v2\/users\/2"}],"replies":[{"embeddable":true,"href":"https:\/\/www.sitescobas.es\/indra\/wp-json\/wp\/v2\/comments?post=2425"}],"version-history":[{"count":0,"href":"https:\/\/www.sitescobas.es\/indra\/wp-json\/wp\/v2\/posts\/2425\/revisions"}],"wp:attachment":[{"href":"https:\/\/www.sitescobas.es\/indra\/wp-json\/wp\/v2\/media?parent=2425"}],"wp:term":[{"taxonomy":"category","embeddable":true,"href":"https:\/\/www.sitescobas.es\/indra\/wp-json\/wp\/v2\/categories?post=2425"},{"taxonomy":"post_tag","embeddable":true,"href":"https:\/\/www.sitescobas.es\/indra\/wp-json\/wp\/v2\/tags?post=2425"}],"curies":[{"name":"wp","href":"https:\/\/api.w.org\/{rel}","templated":true}]}}