{"id":2379,"date":"2014-03-05T15:30:00","date_gmt":"2014-03-05T15:30:00","guid":{"rendered":"http:\/\/pruebas.cobasindra.org\/?p=23"},"modified":"2014-03-05T15:30:00","modified_gmt":"2014-03-05T15:30:00","slug":"dia-internacional-de-las-mujeres-trabajadoras","status":"publish","type":"post","link":"https:\/\/www.sitescobas.es\/indra\/2014\/03\/05\/dia-internacional-de-las-mujeres-trabajadoras\/","title":{"rendered":"D\u00eda Internacional de las Mujeres Trabajadoras"},"content":{"rendered":"<fieldset>\n<legend><b>8 M 19:00 Cibeles-Pza. Espa\u00f1a<\/b><\/legend>\n<p><\/p>\n<div style=\"text-align: justify\">\n<div style=\"clear: both;text-align: center\"><a href=\"http:\/\/cobasindra.org\/wp-content\/uploads\/2014\/03\/BannerSecMujer_8M_r.jpg\" style=\"margin-left: 1em;margin-right: 1em\"><img decoding=\"async\" border=\"0\" src=\"http:\/\/cobasindra.org\/wp-content\/uploads\/2014\/03\/BannerSecMujer_8M_r.jpg\" \/><\/a><\/div>\n<h4 style=\"color: #cc0000;font-family: Arimo, arial, helvetica, freesans, sans-serif;font-size: 14px;line-height: 15.730000495910645px;margin: 5px 0px;padding: 0px;text-align: center\"><\/h4>\n<h4 style=\"color: #cc0000;font-family: Arimo, arial, helvetica, freesans, sans-serif;font-size: 14px;line-height: 15.730000495910645px;margin: 5px 0px;padding: 0px;text-align: center\"><\/h4>\n<h4 style=\"color: #cc0000;font-family: Arimo, arial, helvetica, freesans, sans-serif;font-size: 14px;line-height: 15.730000495910645px;margin: 5px 0px;padding: 0px;text-align: center\">\u00a1POR UN 8 DE MARZO COMBATIVO!<\/h4>\n<h4 style=\"color: #cc0000;font-family: Arimo, arial, helvetica, freesans, sans-serif;font-size: 14px;line-height: 15.730000495910645px;margin: 5px 0px;padding: 0px;text-align: center\"><span style=\"color: #333333;font-family: Ubuntu, 'Lucida Grande', Tahoma, Verdana, Arial, sans-serif;font-size: 1em;line-height: 1.3em\">\u00a1NOSOTRAS DECIDIMOS!<\/span><\/h4>\n<div style=\"color: #333333;font-family: Ubuntu, 'Lucida Grande', Tahoma, Verdana, Arial, sans-serif;font-size: 13px;line-height: 16.639999389648438px;padding: 0px;text-align: start\"><\/div>\n<div style=\"color: #333333;font-family: Ubuntu, 'Lucida Grande', Tahoma, Verdana, Arial, sans-serif;font-size: 13px;line-height: 16.639999389648438px;padding: 0px;text-align: start\">Este 8 de Marzo, D\u00eda Internacional de las Mujeres Trabajadoras, tenemos m\u00e1s de un motivo para salir a la calle y reivindicar nuestros derechos y libertades.<\/div>\n<div style=\"color: #333333;font-family: Ubuntu, 'Lucida Grande', Tahoma, Verdana, Arial, sans-serif;font-size: 13px;line-height: 16.639999389648438px;padding: 0px;text-align: start\"><\/div>\n<div style=\"color: #333333;font-family: Ubuntu, 'Lucida Grande', Tahoma, Verdana, Arial, sans-serif;font-size: 13px;line-height: 16.639999389648438px;padding: 0px;text-align: start\">Este 8M, m\u00e1s que nunca, debe convertirse en una jornada combativa. Porque nos quedan muchas batallas por ganar. Las mujeres de la clase obrera no tenemos nada que celebrar mientras el gobierno de Rajoy siga ahog\u00e1ndonos con leyes opresoras que limitan nuestro derecho a decidir. No hay nada que festejar cuando necesitamos trabajar 84 d\u00edas m\u00e1s al a\u00f1o que los hombres para poder ganar lo mismo por el mismo trabajo. O mientras el desmantelamiento de los servicios p\u00fablicos multiplique nuestras responsabilidades en el cuidado de hijos\/as y dependientes, y el 22,63% de nosotras tengamos salarios equiparables a la mitad del Salario M\u00ednimo Interprofesional.<\/div>\n<div style=\"color: #333333;font-family: Ubuntu, 'Lucida Grande', Tahoma, Verdana, Arial, sans-serif;font-size: 13px;line-height: 16.639999389648438px;padding: 0px;text-align: start\"><\/div>\n<div style=\"color: #333333;font-family: Ubuntu, 'Lucida Grande', Tahoma, Verdana, Arial, sans-serif;font-size: 13px;line-height: 16.639999389648438px;padding: 0px;text-align: start\">La violencia machista que no cesa, los desahucios, los recortes en las pensiones, la flexibilidad laboral,\u2026 Condenadas a la pobreza y a la desigualdad social, las mujeres trabajadoras estamos siendo el sector m\u00e1s castigado por los planes de ajuste que el gobierno, la UE y la Troika est\u00e1n aplicando para garantizar el pago de la deuda a los bancos.<\/div>\n<div style=\"color: #333333;font-family: Ubuntu, 'Lucida Grande', Tahoma, Verdana, Arial, sans-serif;font-size: 13px;line-height: 16.639999389648438px;padding: 0px;text-align: start\"><\/div>\n<div style=\"color: #333333;font-family: Ubuntu, 'Lucida Grande', Tahoma, Verdana, Arial, sans-serif;font-size: 13px;line-height: 16.639999389648438px;padding: 0px;text-align: start\">Por eso este 8M debemos continuar hasta echar abajo la Ley Gallard\u00f3n. En las manifestaciones de febrero hemos demostrado que no vamos a callarnos. El \u00fanico modo de enfrentarnos a este gobierno corrupto, este r\u00e9gimen represor y este sistema que nos oprime es uniendo nuestras fuerzas, las del conjunto de la clase trabajadora y de los sectores en lucha.<\/div>\n<div style=\"color: #333333;font-family: Ubuntu, 'Lucida Grande', Tahoma, Verdana, Arial, sans-serif;font-size: 13px;line-height: 16.639999389648438px;padding: 0px;text-align: start\"><\/div>\n<div style=\"color: #333333;font-family: Ubuntu, 'Lucida Grande', Tahoma, Verdana, Arial, sans-serif;font-size: 13px;line-height: 16.639999389648438px;padding: 0px;text-align: start\">\u00a1No a la ley Gallard\u00f3n! \u00a1Aborto libre y gratuito en la Seguridad Social!<\/div>\n<div style=\"color: #333333;font-family: Ubuntu, 'Lucida Grande', Tahoma, Verdana, Arial, sans-serif;font-size: 13px;line-height: 16.639999389648438px;padding: 0px;text-align: start\"><\/div>\n<div style=\"color: #333333;font-family: Ubuntu, 'Lucida Grande', Tahoma, Verdana, Arial, sans-serif;font-size: 13px;line-height: 16.639999389648438px;padding: 0px;text-align: start\">\u00a1Educaci\u00f3n sexual para prevenir, anticonceptivos para no abortar y aborto legal para no morir!<\/div>\n<div style=\"color: #333333;font-family: Ubuntu, 'Lucida Grande', Tahoma, Verdana, Arial, sans-serif;font-size: 13px;line-height: 16.639999389648438px;padding: 0px;text-align: start\"><\/div>\n<div style=\"color: #333333;font-family: Ubuntu, 'Lucida Grande', Tahoma, Verdana, Arial, sans-serif;font-size: 13px;line-height: 16.639999389648438px;padding: 0px;text-align: start\">\u00a1No m\u00e1s subvenciones a la iglesia cat\u00f3lica! \u00a1Fuera la religi\u00f3n de las aulas!<\/div>\n<div style=\"color: #333333;font-family: Ubuntu, 'Lucida Grande', Tahoma, Verdana, Arial, sans-serif;font-size: 13px;line-height: 16.639999389648438px;padding: 0px;text-align: start\"><\/div>\n<div style=\"color: #333333;font-family: Ubuntu, 'Lucida Grande', Tahoma, Verdana, Arial, sans-serif;font-size: 13px;line-height: 16.639999389648438px;padding: 0px;text-align: start\">\u00a1Basta de violencia machista! \u00a1Recursos y medios suficientes para las v\u00edctimas!<\/div>\n<div style=\"color: #333333;font-family: Ubuntu, 'Lucida Grande', Tahoma, Verdana, Arial, sans-serif;font-size: 13px;line-height: 16.639999389648438px;padding: 0px;text-align: start\"><\/div>\n<div style=\"color: #333333;font-family: Ubuntu, 'Lucida Grande', Tahoma, Verdana, Arial, sans-serif;font-size: 13px;line-height: 16.639999389648438px;padding: 0px;text-align: start\">\u00a1A igual trabajo, igual salario!<\/div>\n<div style=\"color: #333333;font-family: Ubuntu, 'Lucida Grande', Tahoma, Verdana, Arial, sans-serif;font-size: 13px;line-height: 16.639999389648438px;padding: 0px;text-align: start\"><\/div>\n<div style=\"color: #333333;font-family: Ubuntu, 'Lucida Grande', Tahoma, Verdana, Arial, sans-serif;font-size: 13px;line-height: 16.639999389648438px;padding: 0px;text-align: start\"><\/div>\n<h2 style=\"color: #cc0000;font-family: Arimo, arial, helvetica, freesans, sans-serif;font-size: 17px;line-height: 18.59000015258789px;margin: 0cm 0cm 0pt;padding: 0px;text-align: center\"><strong style=\"color: #333333;font-family: Ubuntu, 'Lucida Grande', Tahoma, Verdana, Arial, sans-serif;line-height: 1.28em\"><span style=\"color: #7030a0;line-height: 1.28em\"><span style=\"color: #333333;font-family: Calibri;font-size: small;line-height: 1.28em\">\u00a1Participa con nosotras\/os en el cortejo de Co.Bas!<\/span><\/span><\/strong><\/h2>\n<h2 style=\"color: #cc0000;font-family: Arimo, arial, helvetica, freesans, sans-serif;font-size: 17px;line-height: 18.59000015258789px;margin: 0px 0px 5px;padding: 0px;text-align: center\">&nbsp;<\/h2>\n<h2 style=\"color: #cc0000;font-family: Arimo, arial, helvetica, freesans, sans-serif;font-size: 17px;line-height: 18.59000015258789px;margin: 0cm 0cm 0pt;padding: 0px;text-align: center\"><strong style=\"color: #333333;font-family: Ubuntu, 'Lucida Grande', Tahoma, Verdana, Arial, sans-serif;line-height: 1.28em\"><span style=\"color: #7030a0;line-height: 1.28em\"><span style=\"color: #333333;font-family: Calibri;font-size: small;line-height: 1.28em\">MANIFESTACI\u00d3N S\u00c1BADO 8 DE MARZO 2014<\/span><\/span><\/strong><\/h2>\n<h2 style=\"color: #cc0000;font-family: Arimo, arial, helvetica, freesans, sans-serif;font-size: 17px;line-height: 18.59000015258789px;margin: 0px 0px 5px;padding: 0px;text-align: center\">&nbsp;<\/h2>\n<h2 style=\"color: #cc0000;font-family: Arimo, arial, helvetica, freesans, sans-serif;font-size: 17px;line-height: 18.59000015258789px;margin: 0cm 0cm 0pt;padding: 0px;text-align: center\"><strong style=\"color: #333333;font-family: Ubuntu, 'Lucida Grande', Tahoma, Verdana, Arial, sans-serif;line-height: 1.28em\"><span style=\"color: #7030a0;line-height: 1.28em\"><span style=\"color: #333333;font-family: Calibri;font-size: small;line-height: 1.28em\">19H. DE CIBELES A PLAZA DE ESPA\u00d1A<\/span><\/span><\/strong><\/h2>\n<div><strong style=\"color: #333333;font-family: Ubuntu, 'Lucida Grande', Tahoma, Verdana, Arial, sans-serif;line-height: 1.28em\"><span style=\"color: #7030a0;line-height: 1.28em\"><span style=\"color: #333333;font-family: Calibri;font-size: small;line-height: 1.28em\"><br \/><\/span><\/span><\/strong><\/div>\n<div style=\"clear: both;text-align: center\"><a href=\"http:\/\/cobasindra.org\/wp-content\/uploads\/2014\/03\/gallardonDimi.jpg\" style=\"margin-left: 1em;margin-right: 1em\"><img loading=\"lazy\" decoding=\"async\" border=\"0\" src=\"http:\/\/cobasindra.org\/wp-content\/uploads\/2014\/03\/gallardonDimi.jpg\" height=\"320\" width=\"240\" \/><\/a><\/div>\n<\/div>\n<\/fieldset>\n","protected":false},"excerpt":{"rendered":"<div class=\"mh-excerpt\">8 M 19:00 Cibeles-Pza. Espa\u00f1a \u00a1POR UN 8 DE MARZO COMBATIVO! \u00a1NOSOTRAS DECIDIMOS! Este 8 de Marzo, D\u00eda Internacional de las Mujeres Trabajadoras, tenemos m\u00e1s de un motivo para salir a la calle y reivindicar <a class=\"mh-excerpt-more\" href=\"https:\/\/www.sitescobas.es\/indra\/2014\/03\/05\/dia-internacional-de-las-mujeres-trabajadoras\/\" title=\"D\u00eda Internacional de las Mujeres Trabajadoras\">[&#8230;]<\/a><\/div>\n","protected":false},"author":2,"featured_media":148,"comment_status":"open","ping_status":"closed","sticky":false,"template":"","format":"standard","meta":{"_kadence_starter_templates_imported_post":false,"footnotes":""},"categories":[28],"tags":[31,27],"class_list":{"0":"post-2379","1":"post","2":"type-post","3":"status-publish","4":"format-standard","5":"has-post-thumbnail","7":"category-mujer","8":"tag-internacional","9":"tag-protesta"},"_links":{"self":[{"href":"https:\/\/www.sitescobas.es\/indra\/wp-json\/wp\/v2\/posts\/2379","targetHints":{"allow":["GET"]}}],"collection":[{"href":"https:\/\/www.sitescobas.es\/indra\/wp-json\/wp\/v2\/posts"}],"about":[{"href":"https:\/\/www.sitescobas.es\/indra\/wp-json\/wp\/v2\/types\/post"}],"author":[{"embeddable":true,"href":"https:\/\/www.sitescobas.es\/indra\/wp-json\/wp\/v2\/users\/2"}],"replies":[{"embeddable":true,"href":"https:\/\/www.sitescobas.es\/indra\/wp-json\/wp\/v2\/comments?post=2379"}],"version-history":[{"count":0,"href":"https:\/\/www.sitescobas.es\/indra\/wp-json\/wp\/v2\/posts\/2379\/revisions"}],"wp:featuredmedia":[{"embeddable":true,"href":"https:\/\/www.sitescobas.es\/indra\/wp-json\/"}],"wp:attachment":[{"href":"https:\/\/www.sitescobas.es\/indra\/wp-json\/wp\/v2\/media?parent=2379"}],"wp:term":[{"taxonomy":"category","embeddable":true,"href":"https:\/\/www.sitescobas.es\/indra\/wp-json\/wp\/v2\/categories?post=2379"},{"taxonomy":"post_tag","embeddable":true,"href":"https:\/\/www.sitescobas.es\/indra\/wp-json\/wp\/v2\/tags?post=2379"}],"curies":[{"name":"wp","href":"https:\/\/api.w.org\/{rel}","templated":true}]}}