{"id":2376,"date":"2013-06-27T09:09:00","date_gmt":"2013-06-27T09:09:00","guid":{"rendered":"http:\/\/pruebas.cobasindra.org\/?p=76"},"modified":"2013-06-27T09:09:00","modified_gmt":"2013-06-27T09:09:00","slug":"concentracion-co-bas-junta-general-de-accionistas-2013","status":"publish","type":"post","link":"https:\/\/www.sitescobas.es\/indra\/2013\/06\/27\/concentracion-co-bas-junta-general-de-accionistas-2013\/","title":{"rendered":"Concentraci\u00f3n Co.Bas Junta General de Accionistas 2013"},"content":{"rendered":"<div style=\"clear: both;text-align: center\"><a href=\"http:\/\/cobasindra.org\/wp-content\/uploads\/2014\/06\/Pancarta_Indra_web.jpg\" style=\"margin-left: 1em;margin-right: 1em\"><img loading=\"lazy\" decoding=\"async\" border=\"0\" height=\"200\" src=\"http:\/\/cobasindra.org\/wp-content\/uploads\/2014\/06\/Pancarta_Indra_web-300x110.jpg\" width=\"550\" \/><\/a><\/div>\n<p><\/p>\n<fieldset>\n<legend><b><\/b><\/legend>\n<p><\/p>\n<div style=\"text-align: justify\">\n<div style=\"text-align: center\"><b><span style=\"font-size: large\">\u00a1POR EL EMPLEO Y EL PODER     ADQUISITIVO! <\/span><\/b><\/div>\n<div style=\"text-align: center\"><b><span style=\"font-size: large\">CONCENTRACI\u00d3N de 12:00 a 14:00h<\/span><\/b><\/div>\n<div style=\"text-align: center\"><b><span style=\"font-size: large\">Hoy jueves 27 de Junio<\/span><\/b><\/div>\n<div style=\"text-align: center\"><b><span style=\"font-size: large\">Puerta Principal de Arroyo de la Vega<\/span><\/b><\/div>\n<p>Los representantes sindicales de <b>Co.Bas<\/b> nos vamos a manifestar en la puerta de la empresa durante la Junta de Accionistas de hoy, adem\u00e1s de intervenir en ella para manifestar nuestra protesta por la negativa de la direcci\u00f3n de la empresa a la apertura de una <b>Mesa de Negociaci\u00f3n por el Mantenimiento de Empleo y el Mantenimiento del Poder Adquisitivo<\/b>.<\/p>\n<p>La direcci\u00f3n de la empresa sigue despidiendo compa\u00f1eros sin informar debidamente a sus representantes sindicales cometiendo, adem\u00e1s de una ilegalidad, un gran perjuicio al trabajador limit\u00e1ndole sus derechos al impedir cualquier posible acci\u00f3n por nuestra parte.<\/p>\n<p>&nbsp;De <b>13:30 a 14:00<\/b> puedes apoyar con tu presencia esta concentraci\u00f3n.   <\/p>\n<div style=\"text-align: center\"><b><span style=\"font-size: large\">\u00a1\u00daNETE A LA CONCENTRACI\u00d3N!&nbsp;<\/span><\/b><br \/><b><span style=\"font-size: large\">&nbsp;\u00a1SAL A LA CALLE!&nbsp;<\/span><\/b><br \/><b><span style=\"font-size: large\">\u00a1POR UN PLAN DE MANTENIMIENTO DE EMPLEO!&nbsp;<\/span><\/b><br \/><b><span style=\"font-size: large\">Co.Bas en Arroyo de la Vega. <\/span><\/b><\/div>\n<p><\/div>\n<\/fieldset>\n","protected":false},"excerpt":{"rendered":"<div class=\"mh-excerpt\">\u00a1POR EL EMPLEO Y EL PODER ADQUISITIVO! CONCENTRACI\u00d3N de 12:00 a 14:00h Hoy jueves 27 de Junio Puerta Principal de Arroyo de la Vega Los representantes sindicales de Co.Bas nos vamos a manifestar en la <a class=\"mh-excerpt-more\" href=\"https:\/\/www.sitescobas.es\/indra\/2013\/06\/27\/concentracion-co-bas-junta-general-de-accionistas-2013\/\" title=\"Concentraci\u00f3n Co.Bas Junta General de Accionistas 2013\">[&#8230;]<\/a><\/div>\n","protected":false},"author":2,"featured_media":140,"comment_status":"open","ping_status":"closed","sticky":false,"template":"","format":"standard","meta":{"_kadence_starter_templates_imported_post":false,"footnotes":""},"categories":[13],"tags":[36,27],"class_list":{"0":"post-2376","1":"post","2":"type-post","3":"status-publish","4":"format-standard","5":"has-post-thumbnail","7":"category-cobas-indra","8":"tag-junta-accionistas","9":"tag-protesta"},"_links":{"self":[{"href":"https:\/\/www.sitescobas.es\/indra\/wp-json\/wp\/v2\/posts\/2376","targetHints":{"allow":["GET"]}}],"collection":[{"href":"https:\/\/www.sitescobas.es\/indra\/wp-json\/wp\/v2\/posts"}],"about":[{"href":"https:\/\/www.sitescobas.es\/indra\/wp-json\/wp\/v2\/types\/post"}],"author":[{"embeddable":true,"href":"https:\/\/www.sitescobas.es\/indra\/wp-json\/wp\/v2\/users\/2"}],"replies":[{"embeddable":true,"href":"https:\/\/www.sitescobas.es\/indra\/wp-json\/wp\/v2\/comments?post=2376"}],"version-history":[{"count":0,"href":"https:\/\/www.sitescobas.es\/indra\/wp-json\/wp\/v2\/posts\/2376\/revisions"}],"wp:featuredmedia":[{"embeddable":true,"href":"https:\/\/www.sitescobas.es\/indra\/wp-json\/"}],"wp:attachment":[{"href":"https:\/\/www.sitescobas.es\/indra\/wp-json\/wp\/v2\/media?parent=2376"}],"wp:term":[{"taxonomy":"category","embeddable":true,"href":"https:\/\/www.sitescobas.es\/indra\/wp-json\/wp\/v2\/categories?post=2376"},{"taxonomy":"post_tag","embeddable":true,"href":"https:\/\/www.sitescobas.es\/indra\/wp-json\/wp\/v2\/tags?post=2376"}],"curies":[{"name":"wp","href":"https:\/\/api.w.org\/{rel}","templated":true}]}}