{"id":2369,"date":"2013-05-30T09:52:00","date_gmt":"2013-05-30T09:52:00","guid":{"rendered":"http:\/\/pruebas.cobasindra.org\/?p=83"},"modified":"2013-05-30T09:52:00","modified_gmt":"2013-05-30T09:52:00","slug":"no-a-los-despidos-jueves-30-de-mayo","status":"publish","type":"post","link":"https:\/\/www.sitescobas.es\/indra\/2013\/05\/30\/no-a-los-despidos-jueves-30-de-mayo\/","title":{"rendered":"\u00a1NO A LOS DESPIDOS! &#8211; JUEVES 30 de Mayo"},"content":{"rendered":"<p><\/p>\n<div align=\"center\" style=\"text-align: center\"><\/div>\n<div align=\"center\" style=\"text-align: center\"><b><span style=\"font-size: 18.0pt;line-height: 115%\">CONCENTRACI\u00d3N de 13:30 a 14:30h<\/span><\/b><\/div>\n<div align=\"center\" style=\"text-align: center\"><\/div>\n<p><\/p>\n<div align=\"center\" style=\"text-align: center\"><b><span style=\"font-size: 18.0pt;line-height: 115%\">Puerta Principal de Arroyo de la Vega<\/span><\/b><\/div>\n<div align=\"center\" style=\"text-align: center\"><b><span style=\"font-size: 18.0pt;line-height: 115%\"><br \/><\/span><\/b><\/div>\n<div style=\"text-align: justify\"><span style=\"font-size: 14.0pt;line-height: 115%\">Todos los representantes sindicales de Arroyo de la Vega nos vamos a concentrar en la puerta de la empresa, como repulsa a la pol\u00edtica de la empresa con los despidos. <\/span><\/div>\n<div style=\"text-align: justify\"><span style=\"font-size: 14.0pt;line-height: 115%\">Consideramos que no puede primar&nbsp; \u201cel miedo\u201d como factor principal de las relaciones laborales.<\/span><\/div>\n<div style=\"text-align: justify\"><span style=\"font-size: 14.0pt;line-height: 115%\">La direcci\u00f3n de la empresa <b>NO informa<\/b> a los representantes de los trabajadores de los despidos en el momento de producirse, lo que impide poder asesorar al trabajador despedido sobre c\u00f3mo actuar o reclamar. Su obligaci\u00f3n es comunicar a los representantes de los trabajadores los despidos con sus causas, en casos muy concretos, como los despidos disciplinarios procedentes de la imposici\u00f3n de sanciones por infracciones muy graves o la extinci\u00f3n de la relaci\u00f3n laboral por la causa objetiva prevista en el art. 52c del texto Refundido de la Ley del Estatuto de los Trabajadores.<\/span><\/div>\n<div align=\"center\" style=\"text-align: center\">     <\/div>\n<div style=\"text-align: justify\"><span style=\"font-size: 14.0pt;line-height: 115%\">Nos vamos a concentrar a la hora de la comida para que puedas, t\u00fa tambi\u00e9n, apoyar con tu presencia esta concentraci\u00f3n y a los compa\u00f1eros despedidos.<\/span><\/div>\n<div><\/div>\n<div align=\"center\" style=\"text-align: center\"><b><span style=\"font-size: 18.0pt;line-height: 115%\">\u00a1\u00daNETE A LA CONCENTRACI\u00d3N!<\/span><\/b><\/div>\n<div align=\"center\" style=\"text-align: center\"><b><span style=\"font-size: 18.0pt;line-height: 115%\">&nbsp;&nbsp; \u00a1POR UN PLAN DE MANTENIMIENTO DE EMPLEO!<\/span><\/b><\/div>\n<div><\/div>\n<div style=\"text-align: justify\">       <b><span style=\"font-size: 14.0pt;line-height: 115%\">Comit\u00e9 de Empresa de Arroyo de la Vega: Co.Bas, USO, CCOO, CGT, UGT<\/span><\/b><\/div>\n","protected":false},"excerpt":{"rendered":"<div class=\"mh-excerpt\">CONCENTRACI\u00d3N de 13:30 a 14:30h Puerta Principal de Arroyo de la Vega Todos los representantes sindicales de Arroyo de la Vega nos vamos a concentrar en la puerta de la empresa, como repulsa a la <a class=\"mh-excerpt-more\" href=\"https:\/\/www.sitescobas.es\/indra\/2013\/05\/30\/no-a-los-despidos-jueves-30-de-mayo\/\" title=\"\u00a1NO A LOS DESPIDOS! &#8211; JUEVES 30 de Mayo\">[&#8230;]<\/a><\/div>\n","protected":false},"author":2,"featured_media":0,"comment_status":"open","ping_status":"closed","sticky":false,"template":"","format":"standard","meta":{"_kadence_starter_templates_imported_post":false,"footnotes":""},"categories":[13],"tags":[32,27],"class_list":{"0":"post-2369","1":"post","2":"type-post","3":"status-publish","4":"format-standard","6":"category-cobas-indra","7":"tag-despidos","8":"tag-protesta"},"_links":{"self":[{"href":"https:\/\/www.sitescobas.es\/indra\/wp-json\/wp\/v2\/posts\/2369","targetHints":{"allow":["GET"]}}],"collection":[{"href":"https:\/\/www.sitescobas.es\/indra\/wp-json\/wp\/v2\/posts"}],"about":[{"href":"https:\/\/www.sitescobas.es\/indra\/wp-json\/wp\/v2\/types\/post"}],"author":[{"embeddable":true,"href":"https:\/\/www.sitescobas.es\/indra\/wp-json\/wp\/v2\/users\/2"}],"replies":[{"embeddable":true,"href":"https:\/\/www.sitescobas.es\/indra\/wp-json\/wp\/v2\/comments?post=2369"}],"version-history":[{"count":0,"href":"https:\/\/www.sitescobas.es\/indra\/wp-json\/wp\/v2\/posts\/2369\/revisions"}],"wp:attachment":[{"href":"https:\/\/www.sitescobas.es\/indra\/wp-json\/wp\/v2\/media?parent=2369"}],"wp:term":[{"taxonomy":"category","embeddable":true,"href":"https:\/\/www.sitescobas.es\/indra\/wp-json\/wp\/v2\/categories?post=2369"},{"taxonomy":"post_tag","embeddable":true,"href":"https:\/\/www.sitescobas.es\/indra\/wp-json\/wp\/v2\/tags?post=2369"}],"curies":[{"name":"wp","href":"https:\/\/api.w.org\/{rel}","templated":true}]}}