{"id":2340,"date":"2018-08-31T15:00:53","date_gmt":"2018-08-31T13:00:53","guid":{"rendered":"http:\/\/cobasindra.org\/?p=2340"},"modified":"2018-08-31T15:00:53","modified_gmt":"2018-08-31T13:00:53","slug":"la-audiencia-nacional-condena-a-la-fnac-abonar-a-co-bas-6-250e-por-danos-morales-una-sancion-grave-en-su-grado-maximo","status":"publish","type":"post","link":"https:\/\/www.sitescobas.es\/indra\/2018\/08\/31\/la-audiencia-nacional-condena-a-la-fnac-abonar-a-co-bas-6-250e-por-danos-morales-una-sancion-grave-en-su-grado-maximo\/","title":{"rendered":"La Audiencia Nacional condena a la FNAC abonar a Co.bas 6.250\u20ac por da\u00f1os morales, una sanci\u00f3n grave \u00aben su grado m\u00e1ximo\u00bb"},"content":{"rendered":"<p><a href=\"http:\/\/cobasindra.org\/wp-content\/uploads\/2018\/08\/cobas.png\"><img loading=\"lazy\" decoding=\"async\" class=\"alignleft size-thumbnail wp-image-2341\" src=\"http:\/\/cobasindra.org\/wp-content\/uploads\/2018\/08\/cobas-150x150.png\" alt=\"cobas\" width=\"150\" height=\"150\" \/><\/a>Estimados\/as Compa\u00f1eros\/as:<\/p>\n<p>Seg\u00fan la noticia que ha aparecido en<span style=\"text-decoration: underline\"><strong><span style=\"color: #0000ff;text-decoration: underline\"><a style=\"color: #0000ff;text-decoration: underline\" href=\"https:\/\/www.eldiario.es\/economia\/Condenan-Fnac-indemnizar-sindicato-constitucion_0_806669675.html\" target=\"_blank\" rel=\"noopener noreferrer\"> eldiario.es<\/a><\/span><\/strong><\/span>, La Audiencia Nacional condena a la multinacional a abonar a la central sindical <strong><span style=\"color: #ff0000\">Co.bas<\/span><\/strong> 6.250 euros por da\u00f1os morales, una sanci\u00f3n grave \u00aben su grado m\u00e1ximo\u00bb.<\/p>\n<p>&nbsp;<\/p>\n<p>Os pegamos a continuaci\u00f3n la noticia completa:<\/p>\n<blockquote><p><em><span style=\"color: #008080\"><strong>Condenan a Fnac a indemnizar a un sindicato por negarle el derecho a nombrar a un delegado <\/strong><\/span><\/em><\/p>\n<p><em><span style=\"color: #008080\">&#8211; La Audiencia Nacional condena a la multinacional a abonar a la central sindical Co.bas 6.250 euros por da\u00f1os morales, una sanci\u00f3n grave \u00aben su grado m\u00e1ximo\u00bb<\/span><\/em><\/p>\n<p><em><span style=\"color: #008080\">&#8211; Le reprocha su \u00abmanifiesta temeridad\u00bb y le impone una multa adicional de 300 euros m\u00e1s el abono de los honorarios del abogado<\/span><\/em><\/p>\n<p class=\"mce\"><em><span style=\"color: #008080\">La Audiencia Nacional ha condenado a Fnac, multinacional francesa especializada en la venta de libros, m\u00fasica y art\u00edculos electr\u00f3nicos, a indemnizar con 6.250 euros al sindicato Comisiones de Base (Co.bas) por da\u00f1os morales. Es la \u00absanci\u00f3n por falta grave en su grado m\u00e1ximo\u00bb y ha sido impuesta por\u00a0entender vulnerada\u00a0la libertad sindical al negarle el derecho a nombrar un delegado.\u00a0<\/span><\/em><\/p>\n<p class=\"mce\"><em><span style=\"color: #008080\"><a style=\"color: #008080\" href=\"https:\/\/www.cobas.es\/quienes_somos\/\" target=\"_blank\" rel=\"noopener noreferrer\">Co.bas<\/a>,\u00a0surgido de una escisi\u00f3n de Comisiones Obreras, obtuvo\u00a0el 55% de la representaci\u00f3n sindical en las\u00a0elecciones celebradas en el centro de Fnac en Callao (Madrid) en julio de 2016. En octubre de ese a\u00f1o, comunic\u00f3 a la compa\u00f1\u00eda la constituci\u00f3n de la secci\u00f3n sindical en el centro y el nombramiento de un delegado. La empresa se neg\u00f3 a reconocer a este representante de los trabajadores alegando que \u00abno reun\u00edan los requisitos\u00bb para ello. En 2017 se repite la petici\u00f3n de Co.bas y la negativa de Fnac, seg\u00fan la sentencia.<\/span><\/em><\/p>\n<section id=\"edi-ad-slot-intext\" class=\"md-advertisement md hspace no-adv-socios\"><\/section>\n<p><em><span style=\"color: #008080\">Fnac alegaba que, a pesar del 55% de representatividad de Co.bas en el centro de Callao, solo representaba un 6,09% en la totalidad de la empresa, \u00abdonde carece de la m\u00e1s m\u00ednima implantaci\u00f3n\u00bb.<\/span><\/em><\/p>\n<p class=\"mce\"><em><span style=\"color: #008080\">La resoluci\u00f3n da la raz\u00f3n a Co.bas y basa sus argumentos en el <a style=\"color: #008080\" href=\"https:\/\/www.boe.es\/buscar\/doc.php?id=BOE-A-1985-16660\" target=\"_blank\" rel=\"noopener noreferrer\">art\u00edculo 10 de la Ley Org\u00e1nica de Libertad Sindical<\/a>, que reconoce que en las empresas o centros de trabajo con m\u00e1s de 250 trabajadores, las secciones sindicales \u00abestar\u00e1n representadas, a todos los efectos, por delegados sindicales\u00bb. La Audiencia recuerda que la doctrina judicial ha concluido que en estos supuestos, los sindicatos tienen derecho a constituir una secci\u00f3n sindical y a nombrar a los delegados que corresponda aunque tengan representantes en un solo centro de trabajo.<\/span><\/em><\/p>\n<p class=\"mce\"><em><span style=\"color: #008080\">\u00abNo nos reconoc\u00edan como sindicato porque quieren a representantes maleables, les resultamos molestos por defender los derechos de los trabajadores\u00bb, afirma Jos\u00e9 Luis Solano, secretario del comit\u00e9 de empresa y delegado sindical de Co.bas.<\/span><\/em><\/p>\n<p class=\"mce\"><em><span style=\"color: #008080\">El tribunal, no obstante, descarta la existencia de discriminaci\u00f3n por parte de Fnac respecto a Co.bas frente a otras organizaciones sindicales, como ped\u00eda el sindicato. Fnac, por su parte, no comenta este asunto.\u00a0<\/span><\/em><\/p>\n<p class=\"mce\"><em><span style=\"color: #008080\">Para marcar la sanci\u00f3n al grupo de distribuci\u00f3n, la Audiencia se basa\u00a0en la\u00a0<a style=\"color: #008080\" href=\"https:\/\/www.boe.es\/buscar\/act.php?id=BOE-A-2000-15060\"> Ley sobre Infracciones y Sanciones en el Orden Social<\/a> (LISOS),\u00a0que tipifica como falta grave la \u00abtransgresi\u00f3n de los derechos de informaci\u00f3n, audiencia y consulta de los representantes de los trabajadores y delegados sindicales\u00bb. Y opta \u00abimponer la sanci\u00f3n por falta grave en su grado m\u00e1ximo, porque no vemos justificaci\u00f3n alguna en la actuaci\u00f3n empresarial\u00bb.\u00a0<\/span><\/em><\/p>\n<p class=\"mce\"><em><span style=\"color: #008080\">El tribunal reprocha a Fnac su \u00abmanifiesta temeridad al insistir en una posici\u00f3n descartada hasta la saciedad por la jurisprudencia y por la doctrina judicial\u00bb. Por este motivo, impone adem\u00e1s a la multinacional una multa adicional de 300 euros m\u00e1s el abono de los honorarios del abogado.<\/span><\/em><\/p>\n<\/blockquote>\n","protected":false},"excerpt":{"rendered":"<div class=\"mh-excerpt\">Estimados\/as Compa\u00f1eros\/as: Seg\u00fan la noticia que ha aparecido en eldiario.es, La Audiencia Nacional condena a la multinacional a abonar a la central sindical Co.bas 6.250 euros por da\u00f1os morales, una sanci\u00f3n grave \u00aben su grado <a class=\"mh-excerpt-more\" href=\"https:\/\/www.sitescobas.es\/indra\/2018\/08\/31\/la-audiencia-nacional-condena-a-la-fnac-abonar-a-co-bas-6-250e-por-danos-morales-una-sancion-grave-en-su-grado-maximo\/\" title=\"La Audiencia Nacional condena a la FNAC abonar a Co.bas 6.250\u20ac por da\u00f1os morales, una sanci\u00f3n grave \u00aben su grado m\u00e1ximo\u00bb\">[&#8230;]<\/a><\/div>\n","protected":false},"author":2,"featured_media":0,"comment_status":"open","ping_status":"closed","sticky":false,"template":"","format":"standard","meta":{"_kadence_starter_templates_imported_post":false,"footnotes":""},"categories":[13,29],"tags":[38,74,27,61,26],"class_list":{"0":"post-2340","1":"post","2":"type-post","3":"status-publish","4":"format-standard","6":"category-cobas-indra","7":"category-sociedad","8":"tag-denuncias","9":"tag-derechos-de-los-trabajadores","10":"tag-protesta","11":"tag-represion-sindical","12":"tag-sindicatos"},"_links":{"self":[{"href":"https:\/\/www.sitescobas.es\/indra\/wp-json\/wp\/v2\/posts\/2340","targetHints":{"allow":["GET"]}}],"collection":[{"href":"https:\/\/www.sitescobas.es\/indra\/wp-json\/wp\/v2\/posts"}],"about":[{"href":"https:\/\/www.sitescobas.es\/indra\/wp-json\/wp\/v2\/types\/post"}],"author":[{"embeddable":true,"href":"https:\/\/www.sitescobas.es\/indra\/wp-json\/wp\/v2\/users\/2"}],"replies":[{"embeddable":true,"href":"https:\/\/www.sitescobas.es\/indra\/wp-json\/wp\/v2\/comments?post=2340"}],"version-history":[{"count":0,"href":"https:\/\/www.sitescobas.es\/indra\/wp-json\/wp\/v2\/posts\/2340\/revisions"}],"wp:attachment":[{"href":"https:\/\/www.sitescobas.es\/indra\/wp-json\/wp\/v2\/media?parent=2340"}],"wp:term":[{"taxonomy":"category","embeddable":true,"href":"https:\/\/www.sitescobas.es\/indra\/wp-json\/wp\/v2\/categories?post=2340"},{"taxonomy":"post_tag","embeddable":true,"href":"https:\/\/www.sitescobas.es\/indra\/wp-json\/wp\/v2\/tags?post=2340"}],"curies":[{"name":"wp","href":"https:\/\/api.w.org\/{rel}","templated":true}]}}