{"id":2309,"date":"2018-06-27T13:14:41","date_gmt":"2018-06-27T11:14:41","guid":{"rendered":"http:\/\/cobasindra.org\/?p=2309"},"modified":"2018-06-27T13:14:41","modified_gmt":"2018-06-27T11:14:41","slug":"concentracion-ante-la-junta-de-accionistas-de-indra-jueves-28-de-junio-2018-de-1330h-a-1400h","status":"publish","type":"post","link":"https:\/\/www.sitescobas.es\/indra\/2018\/06\/27\/concentracion-ante-la-junta-de-accionistas-de-indra-jueves-28-de-junio-2018-de-1330h-a-1400h\/","title":{"rendered":"Concentraci\u00f3n ante la Junta de Accionistas de Indra &#8211; Jueves 28 de Junio 2018 &#8211; De 13:30h a 14:00h"},"content":{"rendered":"<h1 style=\"text-align: center\"><strong>Concentraci\u00f3n <\/strong><\/h1>\n<h2 style=\"text-align: center\"><strong>Ante la Junta de Accionistas de Indra<\/strong><\/h2>\n<h2 style=\"text-align: center\"><strong>Jueves 28 de Junio 2018<\/strong><\/h2>\n<p><strong>\u00a0<\/strong><strong>\u00a1POR EL MANTENIMIENTO DEL EMPLEO TRAS EL ANUNCIO DEL NUEVO PLAN ESTRAT\u00c9GICO DE SEGREGACI\u00d3N, ESCISI\u00d3N Y<\/strong> <strong>FUSI\u00d3N POR ABSORCI\u00d3N!<\/strong><\/p>\n<h3 style=\"text-align: center\"><strong>\u00a1INSISTIMOS EN EL MANTENIMIENTO DEL PODER ADQUISITIVO!<\/strong><\/h3>\n<p><strong>\u00a0<\/strong><\/p>\n<p><strong><span style=\"color: #ff0000\">Co.bas<\/span><\/strong> ha convocado una concentraci\u00f3n durante la Junta de Accionistas de Indra, junto con el Comit\u00e9 de Empresa de Arroyo de la Vega, para exigir el mantenimiento del empleo en Indra tras el anuncio de SEGREGACI\u00d3N DE LA PARTE TI DE INDRA SISTEMAS, ESCISI\u00d3N DE INDRA SOFTWARE LABS y FUSI\u00d3N POR ABSORCI\u00d3N DE VARIAS SOCIEDADES DEL GRUPO TECNOCOM por una empresa de nueva creaci\u00f3n, Indra Soluciones TI, S.L.U., as\u00ed como para reivindicar el mantenimiento del poder adquisitivo de los salarios de la plantilla.<\/p>\n<p>&nbsp;<\/p>\n<p>Los delegados de Co.bas de Anabel Segura y Arroyo de la Vega estaremos all\u00ed.<\/p>\n<p><strong>\u00a0<\/strong><\/p>\n<h1 style=\"text-align: center\"><strong>\u00a1\u00daNETE A LA CONCENTRACI\u00d3N!<\/strong><\/h1>\n<h1 style=\"text-align: center\"><strong> \u00a1SAL A LA CALLE!<\/strong><\/h1>\n<h2 style=\"text-align: center\"><strong>De 13:30h a 14:00h puedes apoyar con tu presencia esta concentraci\u00f3n.<\/strong><\/h2>\n<p style=\"text-align: center\"><strong>\u00a0<\/strong><\/p>\n<h3 style=\"text-align: center\">Nosotr@s, los representantes sindicales, estaremos desde las 11:30 hasta las14:00.<\/h3>\n<h2 style=\"text-align: center\"><\/h2>\n<h2 style=\"text-align: center\"><strong>Jueves 28 de Junio<\/strong><\/h2>\n<h2 style=\"text-align: center\"><strong><em>Puerta Principal de INDRA (Arroyo de la Vega)<\/em><\/strong><\/h2>\n<p><a href=\"http:\/\/cobasindra.org\/wp-content\/uploads\/2017\/06\/cobas.png\"><img loading=\"lazy\" decoding=\"async\" class=\"size-full wp-image-2099 aligncenter\" src=\"http:\/\/cobasindra.org\/wp-content\/uploads\/2017\/06\/cobas.png\" alt=\"cobas\" width=\"93\" height=\"94\" \/><\/a><\/p>\n","protected":false},"excerpt":{"rendered":"<div class=\"mh-excerpt\">Concentraci\u00f3n Ante la Junta de Accionistas de Indra Jueves 28 de Junio 2018 \u00a0\u00a1POR EL MANTENIMIENTO DEL EMPLEO TRAS EL ANUNCIO DEL NUEVO PLAN ESTRAT\u00c9GICO DE SEGREGACI\u00d3N, ESCISI\u00d3N Y FUSI\u00d3N POR ABSORCI\u00d3N! \u00a1INSISTIMOS EN EL <a class=\"mh-excerpt-more\" href=\"https:\/\/www.sitescobas.es\/indra\/2018\/06\/27\/concentracion-ante-la-junta-de-accionistas-de-indra-jueves-28-de-junio-2018-de-1330h-a-1400h\/\" title=\"Concentraci\u00f3n ante la Junta de Accionistas de Indra &#8211; Jueves 28 de Junio 2018 &#8211; De 13:30h a 14:00h\">[&#8230;]<\/a><\/div>\n","protected":false},"author":2,"featured_media":0,"comment_status":"open","ping_status":"closed","sticky":false,"template":"","format":"standard","meta":{"_kadence_starter_templates_imported_post":false,"footnotes":""},"categories":[13],"tags":[36,79,27],"class_list":{"0":"post-2309","1":"post","2":"type-post","3":"status-publish","4":"format-standard","6":"category-cobas-indra","7":"tag-junta-accionistas","8":"tag-mantenimiento-empleo","9":"tag-protesta"},"_links":{"self":[{"href":"https:\/\/www.sitescobas.es\/indra\/wp-json\/wp\/v2\/posts\/2309","targetHints":{"allow":["GET"]}}],"collection":[{"href":"https:\/\/www.sitescobas.es\/indra\/wp-json\/wp\/v2\/posts"}],"about":[{"href":"https:\/\/www.sitescobas.es\/indra\/wp-json\/wp\/v2\/types\/post"}],"author":[{"embeddable":true,"href":"https:\/\/www.sitescobas.es\/indra\/wp-json\/wp\/v2\/users\/2"}],"replies":[{"embeddable":true,"href":"https:\/\/www.sitescobas.es\/indra\/wp-json\/wp\/v2\/comments?post=2309"}],"version-history":[{"count":0,"href":"https:\/\/www.sitescobas.es\/indra\/wp-json\/wp\/v2\/posts\/2309\/revisions"}],"wp:attachment":[{"href":"https:\/\/www.sitescobas.es\/indra\/wp-json\/wp\/v2\/media?parent=2309"}],"wp:term":[{"taxonomy":"category","embeddable":true,"href":"https:\/\/www.sitescobas.es\/indra\/wp-json\/wp\/v2\/categories?post=2309"},{"taxonomy":"post_tag","embeddable":true,"href":"https:\/\/www.sitescobas.es\/indra\/wp-json\/wp\/v2\/tags?post=2309"}],"curies":[{"name":"wp","href":"https:\/\/api.w.org\/{rel}","templated":true}]}}