{"id":2229,"date":"2017-10-02T16:25:38","date_gmt":"2017-10-02T14:25:38","guid":{"rendered":"http:\/\/cobasindra.org\/?p=2229"},"modified":"2017-10-02T16:25:38","modified_gmt":"2017-10-02T14:25:38","slug":"la-fsm-denuncia-la-represion-policial-del-1-de-octubre-en-cataluna","status":"publish","type":"post","link":"https:\/\/www.sitescobas.es\/indra\/2017\/10\/02\/la-fsm-denuncia-la-represion-policial-del-1-de-octubre-en-cataluna\/","title":{"rendered":"La FSM denuncia la represi\u00f3n policial del 1 de Octubre en Catalu\u00f1a"},"content":{"rendered":"<p><a href=\"http:\/\/cobasindra.org\/wp-content\/uploads\/2017\/10\/fsm.png\"><img loading=\"lazy\" decoding=\"async\" class=\"alignleft size-thumbnail wp-image-2230\" src=\"http:\/\/cobasindra.org\/wp-content\/uploads\/2017\/10\/fsm-150x150.png\" alt=\"fsm\" width=\"150\" height=\"150\" \/><\/a><\/p>\n<p>&nbsp;<\/p>\n<p>Estimados Compa\u00f1eros y Compa\u00f1eras,<\/p>\n<p>os adjuntamos un <strong><span style=\"text-decoration: underline\"><span style=\"color: #0000ff;text-decoration: underline\"><a style=\"color: #0000ff;text-decoration: underline\" href=\"http:\/\/www.wftucentral.org\/estado-espanol-la-fsm-denuncia-la-represion-policial-del-1-de-octubre-en-cataluna\/?lang=es\" target=\"_blank\" rel=\"noopener noreferrer\">comunicado de la FSM<\/a><\/span><\/span><\/strong> (Federaci\u00f3n Sindical Mundial).<\/p>\n<p>&nbsp;<\/p>\n<p>&nbsp;<\/p>\n<blockquote>\n<h3><span style=\"color: #3366ff\"><em>Estado Espa\u00f1ol: La FSM denuncia la represi\u00f3n policial del 1 de octubre en Catalu\u00f1a.<\/em><\/span><\/h3>\n<p><span style=\"color: #3366ff\"><em>La Federaci\u00f3n Sindical Mundial (FSM) que representa a m\u00e1s de 92 millones de trabajadores y trabajadoras en 126 pa\u00edses de todo el mundo, denuncia de la manera m\u00e1s rotunda los acontecimientos de hoy en Catalu\u00f1a, donde las fuerzas represivas del Estado espa\u00f1ol hirieron, agredieron y detuvieron a ciudadanos de Catalu\u00f1a que quer\u00edan expresar libre y democr\u00e1ticamente sus opiniones.<\/em><\/span><\/p>\n<p><span style=\"color: #3366ff\"><em>El movimiento sindical de clase de todo el mundo afiliado en la gran familia clasista de la FSM denuncia las pr\u00e1cticas autoritarias y el terrorismo del gobierno de Rajoy en contra de su propio pueblo. La FSM, fiel a sus principios fundadores, apoya el derecho de cada pueblo de decidir libremente sobre su presente y futuro.<\/em><\/span><\/p>\n<p>&nbsp;<\/p>\n<p><span style=\"color: #3366ff\"><em>El Secretariado<\/em><\/span><\/p><\/blockquote>\n<p>&nbsp;<\/p>\n<p>Los compa\u00f1eros de Indra en Barcelona se han concentrado esta ma\u00f1ana por la agresi\u00f3n de m\u00e1s de 900 personas en el d\u00eda de ayer.<\/p>\n<div><span style=\"color: #0000ff\"><strong><span style=\"text-decoration: underline\"><a style=\"color: #0000ff;text-decoration: underline\" href=\"https:\/\/twitter.com\/cobasindraorg\/status\/914809325796909057\" target=\"_blank\" rel=\"external nofollow noopener noreferrer\" data-cke-saved-href=\"https:\/\/twitter.com\/cobasindraorg\/status\/914809325796909057\">https:\/\/twitter.com\/cobasindraorg\/status\/914809325796909057<\/a><\/span><\/strong><\/span><\/div>\n<div><\/div>\n<div>\n<p><span style=\"text-decoration: underline;color: #0000ff\"><a style=\"color: #0000ff\" href=\"https:\/\/twitter.com\/cobasindraorg\" target=\"_blank\" rel=\"external nofollow noopener noreferrer\" data-cke-saved-href=\"https:\/\/twitter.com\/cobasindraorg\"><strong>co.bas en Indra<\/strong>\u200f <span dir=\"ltr\">@cobasindraorg<\/span><\/a> <small> <a style=\"color: #0000ff\" title=\"4:08 - 2 oct. 2017\" href=\"https:\/\/twitter.com\/cobasindraorg\/status\/914809325796909057\" target=\"_blank\" rel=\"external nofollow noopener noreferrer\" data-cke-saved-href=\"https:\/\/twitter.com\/cobasindraorg\/status\/914809325796909057\">4 minHace 4 minutos<\/a><\/small><\/span><\/p>\n<div><\/div>\n<div><a href=\"http:\/\/cobasindra.org\/wp-content\/uploads\/2017\/10\/IndraBarna2.jpg\" target=\"_blank\" rel=\"noopener noreferrer\"><img loading=\"lazy\" decoding=\"async\" class=\"aligncenter wp-image-2231 size-full\" src=\"http:\/\/cobasindra.org\/wp-content\/uploads\/2017\/10\/IndraBarna2.jpg\" alt=\"IndraBarna2\" width=\"1164\" height=\"698\" \/><\/a><\/div>\n<div><a href=\"http:\/\/cobasindra.org\/wp-content\/uploads\/2017\/10\/IndraBarna1.jpg\" target=\"_blank\" rel=\"noopener noreferrer\"><img loading=\"lazy\" decoding=\"async\" class=\"aligncenter wp-image-2232 size-full\" src=\"http:\/\/cobasindra.org\/wp-content\/uploads\/2017\/10\/IndraBarna1.jpg\" alt=\"IndraBarna1\" width=\"1165\" height=\"699\" \/><\/a><\/div>\n<div><\/div>\n<\/div>\n","protected":false},"excerpt":{"rendered":"<div class=\"mh-excerpt\">&nbsp; Estimados Compa\u00f1eros y Compa\u00f1eras, os adjuntamos un comunicado de la FSM (Federaci\u00f3n Sindical Mundial). &nbsp; &nbsp; Estado Espa\u00f1ol: La FSM denuncia la represi\u00f3n policial del 1 de octubre en Catalu\u00f1a. La Federaci\u00f3n Sindical Mundial <a class=\"mh-excerpt-more\" href=\"https:\/\/www.sitescobas.es\/indra\/2017\/10\/02\/la-fsm-denuncia-la-represion-policial-del-1-de-octubre-en-cataluna\/\" title=\"La FSM denuncia la represi\u00f3n policial del 1 de Octubre en Catalu\u00f1a\">[&#8230;]<\/a><\/div>\n","protected":false},"author":2,"featured_media":0,"comment_status":"open","ping_status":"closed","sticky":false,"template":"","format":"standard","meta":{"_kadence_starter_templates_imported_post":false,"footnotes":""},"categories":[13],"tags":[27,76,57],"class_list":{"0":"post-2229","1":"post","2":"type-post","3":"status-publish","4":"format-standard","6":"category-cobas-indra","7":"tag-protesta","8":"tag-represion","9":"tag-solidaridad"},"_links":{"self":[{"href":"https:\/\/www.sitescobas.es\/indra\/wp-json\/wp\/v2\/posts\/2229","targetHints":{"allow":["GET"]}}],"collection":[{"href":"https:\/\/www.sitescobas.es\/indra\/wp-json\/wp\/v2\/posts"}],"about":[{"href":"https:\/\/www.sitescobas.es\/indra\/wp-json\/wp\/v2\/types\/post"}],"author":[{"embeddable":true,"href":"https:\/\/www.sitescobas.es\/indra\/wp-json\/wp\/v2\/users\/2"}],"replies":[{"embeddable":true,"href":"https:\/\/www.sitescobas.es\/indra\/wp-json\/wp\/v2\/comments?post=2229"}],"version-history":[{"count":0,"href":"https:\/\/www.sitescobas.es\/indra\/wp-json\/wp\/v2\/posts\/2229\/revisions"}],"wp:attachment":[{"href":"https:\/\/www.sitescobas.es\/indra\/wp-json\/wp\/v2\/media?parent=2229"}],"wp:term":[{"taxonomy":"category","embeddable":true,"href":"https:\/\/www.sitescobas.es\/indra\/wp-json\/wp\/v2\/categories?post=2229"},{"taxonomy":"post_tag","embeddable":true,"href":"https:\/\/www.sitescobas.es\/indra\/wp-json\/wp\/v2\/tags?post=2229"}],"curies":[{"name":"wp","href":"https:\/\/api.w.org\/{rel}","templated":true}]}}