{"id":2223,"date":"2017-09-21T14:22:35","date_gmt":"2017-09-21T12:22:35","guid":{"rendered":"http:\/\/cobasindra.org\/?p=2223"},"modified":"2017-09-21T14:22:35","modified_gmt":"2017-09-21T12:22:35","slug":"comunicado-co-bas-isl-nuevo-varapalo-judicial-para-indra-esta-vez-del-tsj-ex","status":"publish","type":"post","link":"https:\/\/www.sitescobas.es\/indra\/2017\/09\/21\/comunicado-co-bas-isl-nuevo-varapalo-judicial-para-indra-esta-vez-del-tsj-ex\/","title":{"rendered":"Comunicado co.bas ISL: \u00abNuevo varapalo judicial para Indra: esta vez del TSJ-Ex\u00bb"},"content":{"rendered":"<p><a href=\"http:\/\/cobasindra.org\/wp-content\/uploads\/2017\/06\/cobas_ssi_isl.png\" target=\"_blank\" rel=\"noopener noreferrer\"><img loading=\"lazy\" decoding=\"async\" class=\"alignleft wp-image-2069 size-thumbnail\" src=\"http:\/\/cobasindra.org\/wp-content\/uploads\/2017\/06\/cobas_ssi_isl-150x100.png\" alt=\"cobas_ssi_isl\" width=\"150\" height=\"100\" \/><\/a><\/p>\n<p>Estimados Compa\u00f1eros y Compa\u00f1eras:<\/p>\n<p>os adjuntamos un comunicado de los compa\u00f1eros de <strong><span style=\"color: #ff0000\">co.bas<\/span><\/strong> de ISL Intercentros:<\/p>\n<blockquote><p><span style=\"color: #3366ff\"><em>Compa\u00f1eros y compa\u00f1eras<\/em><\/span><\/p>\n<p><span style=\"color: #3366ff\"><em>Hemos tenido conocimiento de la sentencia del Tribunal Superior de Extremadura, la cual <strong>desestima el recurso interpuesto por la empresa<\/strong> y confirma lo dictaminado por el juzgado n\u00famero 4 de Badajoz, el cual <u>conden\u00f3 a la empresa a actualizar la categor\u00eda profesional<\/u> de un trabajador a la de Analista Programador.<\/em><\/span><span style=\"color: #3366ff\"><em>Una vez m\u00e1s, la justicia nos vuelve a dar la raz\u00f3n, y, aunque la empresa ha intentado que no se cumpla la sentencia anterior, los jueces de Tribunal Superior de Justicia de Extremadura no se han dejado enga\u00f1ar.<\/em><\/span><\/p>\n<p><span style=\"color: #3366ff\"><em>Nos resulta curioso que, para el recurso, la empresa intentase usar documentaci\u00f3n nueva que no hab\u00eda aportado en el primer juicio, y as\u00ed se lo han recordado ahora, indicando:<\/em><\/span><\/p>\n<p><span style=\"color: #3366ff\"><em>&#8230;<\/em><\/span><\/p>\n<p style=\"padding-left: 30px\"><span style=\"color: #3366ff\"><em>mediante los que se <strong>pretende a\u00f1adir otros dos nuevos<\/strong> en los que constar\u00edan las funciones que, seg\u00fan la recurrente, realizaba el trabajador en el proyecto en el que se encontraba adscrito en el momento de presentar la demanda y en el que lo est\u00e1 en la actualidad, <strong>intento destinado al fracaso porque se apoya en documentos elaborados por la propia empresa<\/strong>, por lo que, como nos dice la Sentencia del Tribunal Supremo de 29 de abril de 2014, rec. 242\/2013, \u201clos documentos invocados no son id\u00f3neos a los efectos pretendidos pues se trata de documentos elaborados unilateralmente por la recurrente, no reconocidos de contrario\u201d.<\/em><\/span><\/p>\n<p><span style=\"color: #3366ff\"><em>&#8230;<\/em><\/span><\/p>\n<p><span style=\"color: #3366ff\"><em>Adem\u00e1s, se le recuerda a la empresa que la sentencia anterior est\u00e1 apoyada tanto en el informe de la Inspecci\u00f3n de Trabajo como en el informe del Comit\u00e9 de Empresa del centro.<\/em><\/span><\/p>\n<p><span style=\"color: #3366ff\"><em>&#8230; <\/em><\/span><\/p>\n<p style=\"padding-left: 30px\"><span style=\"color: #3366ff\"><em>lo que el juzgado de instancia considera probado respecto a las funciones o tareas que desarrolla el demandante, <strong>encuentra apoyo en otros documentos tambi\u00e9n obrantes en autos<\/strong>, <strong>como son los informes de la Inspecci\u00f3n de Trabajo y del comit\u00e9 de empresa<\/strong> <\/em><\/span><\/p>\n<p><span style=\"color: #3366ff\"><em>&#8230;<\/em><\/span><\/p>\n<p><span style=\"color: #3366ff\"><em>Quiz\u00e1 pensaban en la empresa que ella misma puede elaborar su propia documentaci\u00f3n unilateralmente y que se le considere imparcial al hacerlo, pero se ha demostrado que no; la empresa mira por sus intereses, y si para hacerlo tiene que pasar por encima de los derechos de los trabajadores, lo hace:<\/em><\/span><\/p>\n<p><span style=\"color: #3366ff\"><em>&#8230; <\/em><\/span><\/p>\n<p style=\"padding-left: 30px\"><span style=\"color: #3366ff\"><em>sin que aqu\u00ed puede considerarse que la conclusi\u00f3n f\u00e1ctica del juzgador de instancia no sea l\u00f3gica y razonable, <strong>sobre todo porque no se ve raz\u00f3n para que deba prevalecer un documento elaborado por la demandada, que siempre debe mirar por sus intereses, sobre dos que han emitido \u00f3rganos independientes<\/strong><\/em><\/span><\/p>\n<p><span style=\"color: #3366ff\"><em>&#8230;<\/em><\/span><\/p>\n<p><span style=\"color: #3366ff\"><em>Pero para terminar se intenta alegar que el trabajador solo estuvo dos meses trabajando como Analista Programador y que en la fecha de la demanda su trabajo era de programador junior, algo que intenta probar en funci\u00f3n a un testigo de la propia empresa (el jefe actual) y un certificado de funciones de la propia empresa. Citando de la sentencia:<\/em><\/span><\/p>\n<p><span style=\"color: #3366ff\"><em>&#8230;<\/em><\/span><\/p>\n<p style=\"padding-left: 30px\"><span style=\"color: #3366ff\"><em>se apoyaba la recurrente en un documento totalmente inh\u00e1bil para acreditar el error del juzgador de instancia, al estar elaborado por la propia parte, <strong>refiri\u00e9ndose adem\u00e1s ahora<\/strong> a otro medio que tambi\u00e9n ser\u00eda ineficaz a estos efectos,<strong> la declaraci\u00f3n de un testigo<\/strong>, haci\u00e9ndolo reiteradamente en el motivo para, como se mantiene en la impugnaci\u00f3n, <strong>intentar desvirtuar, sin \u00e9xito, las conclusiones a las que llega el juzgador de instancia<\/strong>.<\/em><\/span><\/p>\n<p><span style=\"color: #3366ff\"><em>&#8230;<\/em><\/span><\/p>\n<p><span style=\"color: #3366ff\"><em>Una vez m\u00e1s queda clara la<strong> importancia de tener un Comit\u00e9 de Empresa que luche por los derechos de los trabajadores de su centro<\/strong>; un Comit\u00e9 de Empresa que no se venda por prebendas de la empresa y que est\u00e9 <strong><u>formado por delegados de sindicatos de clase<\/u><\/strong> cuyo \u00fanico objetivo sea luchar por los derechos de los trabajadores.<\/em><\/span><\/p>\n<p><span style=\"color: #3366ff\"><em>Damos une vez m\u00e1s la enhorabuena al trabajador por luchar por sus derechos y al gabinete jur\u00eddico de <span style=\"color: #ff0000\"><strong>Co.Bas<\/strong><\/span>. por su apoyo y asesoramiento en todos los procesos que tenemos abiertos.<\/em><\/span><\/p>\n<p><span style=\"color: #3366ff\"><em>Si ten\u00e9is cualquier duda al respecto o quer\u00e9is comentarnos algo, no dud\u00e9is en poneros en contacto con nosotros.<\/em><\/span><\/p>\n<p style=\"text-align: right\"><span style=\"color: #3366ff\"><strong><span style=\"color: #000000\">\u00a1Necesitamos tu Apoyo, af\u00edliate a<\/span> <\/strong><span style=\"color: #ff0000\"><strong>Co.Bas<\/strong><\/span><span style=\"color: #000000\"><strong>!<\/strong><\/span><\/span><\/p>\n<p style=\"text-align: center\"><span style=\"color: #000000\"><strong>Secci\u00f3n Sindical <span style=\"color: #ff0000\">Co.Bas<\/span> Indra Software Labs<\/strong><\/span><\/p>\n<p style=\"text-align: center\"><span style=\"color: #3366ff\">Web: <strong><span style=\"text-decoration: underline\"><span style=\"color: #0000ff;text-decoration: underline\"><a style=\"color: #0000ff;text-decoration: underline\" href=\"http:\/\/cobasisl.blogspot.com.es\" target=\"_blank\" rel=\"noopener noreferrer\">cobasisl.blogspot.com.es<\/a><\/span><\/span><\/strong><\/span><\/p>\n<p style=\"text-align: center\"><span style=\"color: #3366ff\">Correo: <strong><span style=\"text-decoration: underline\"><span style=\"color: #0000ff;text-decoration: underline\"><a style=\"color: #0000ff;text-decoration: underline\" href=\"mailto:cobas.ssi.isl@gmail.com\" target=\"_blank\" rel=\"noopener noreferrer\">cobas.ssi.isl@gmail.com<\/a><\/span><\/span><\/strong><\/span><\/p>\n<p style=\"text-align: center\"><span style=\"color: #ff0000\"><strong>\u00a0<\/strong><\/span><\/p>\n<p><a href=\"http:\/\/cobasindra.org\/wp-content\/uploads\/2017\/06\/cobas_ssi_isl.png\" target=\"_blank\" rel=\"noopener noreferrer\"><img loading=\"lazy\" decoding=\"async\" class=\"aligncenter wp-image-2069 size-full\" src=\"http:\/\/cobasindra.org\/wp-content\/uploads\/2017\/06\/cobas_ssi_isl.png\" alt=\"cobas_ssi_isl\" width=\"359\" height=\"100\" \/><\/a><\/p>\n<p><em><span style=\"color: #00ccff\"><strong>\u00a0<\/strong><\/span><\/em><\/p><\/blockquote>\n","protected":false},"excerpt":{"rendered":"<div class=\"mh-excerpt\">Estimados Compa\u00f1eros y Compa\u00f1eras: os adjuntamos un comunicado de los compa\u00f1eros de co.bas de ISL Intercentros: Compa\u00f1eros y compa\u00f1eras Hemos tenido conocimiento de la sentencia del Tribunal Superior de Extremadura, la cual desestima el recurso <a class=\"mh-excerpt-more\" href=\"https:\/\/www.sitescobas.es\/indra\/2017\/09\/21\/comunicado-co-bas-isl-nuevo-varapalo-judicial-para-indra-esta-vez-del-tsj-ex\/\" title=\"Comunicado co.bas ISL: \u00abNuevo varapalo judicial para Indra: esta vez del TSJ-Ex\u00bb\">[&#8230;]<\/a><\/div>\n","protected":false},"author":2,"featured_media":0,"comment_status":"open","ping_status":"closed","sticky":false,"template":"","format":"standard","meta":{"_kadence_starter_templates_imported_post":false,"footnotes":""},"categories":[13],"tags":[48,74,68,24,26],"class_list":{"0":"post-2223","1":"post","2":"type-post","3":"status-publish","4":"format-standard","6":"category-cobas-indra","7":"tag-denuncias-indra","8":"tag-derechos-de-los-trabajadores","9":"tag-isl","10":"tag-salario","11":"tag-sindicatos"},"_links":{"self":[{"href":"https:\/\/www.sitescobas.es\/indra\/wp-json\/wp\/v2\/posts\/2223","targetHints":{"allow":["GET"]}}],"collection":[{"href":"https:\/\/www.sitescobas.es\/indra\/wp-json\/wp\/v2\/posts"}],"about":[{"href":"https:\/\/www.sitescobas.es\/indra\/wp-json\/wp\/v2\/types\/post"}],"author":[{"embeddable":true,"href":"https:\/\/www.sitescobas.es\/indra\/wp-json\/wp\/v2\/users\/2"}],"replies":[{"embeddable":true,"href":"https:\/\/www.sitescobas.es\/indra\/wp-json\/wp\/v2\/comments?post=2223"}],"version-history":[{"count":0,"href":"https:\/\/www.sitescobas.es\/indra\/wp-json\/wp\/v2\/posts\/2223\/revisions"}],"wp:attachment":[{"href":"https:\/\/www.sitescobas.es\/indra\/wp-json\/wp\/v2\/media?parent=2223"}],"wp:term":[{"taxonomy":"category","embeddable":true,"href":"https:\/\/www.sitescobas.es\/indra\/wp-json\/wp\/v2\/categories?post=2223"},{"taxonomy":"post_tag","embeddable":true,"href":"https:\/\/www.sitescobas.es\/indra\/wp-json\/wp\/v2\/tags?post=2223"}],"curies":[{"name":"wp","href":"https:\/\/api.w.org\/{rel}","templated":true}]}}