{"id":2094,"date":"2017-06-27T13:04:26","date_gmt":"2017-06-27T11:04:26","guid":{"rendered":"http:\/\/cobasindra.org\/?p=2094"},"modified":"2017-06-27T13:04:26","modified_gmt":"2017-06-27T11:04:26","slug":"concentracion-junta-accionistas-2017","status":"publish","type":"post","link":"https:\/\/www.sitescobas.es\/indra\/2017\/06\/27\/concentracion-junta-accionistas-2017\/","title":{"rendered":"Concentraci\u00f3n Junta Accionistas 2017"},"content":{"rendered":"<h3 style=\"text-align: center\"><a href=\"http:\/\/cobasindra.org\/wp-content\/uploads\/2017\/06\/JuntaAcc2017web2.jpg\" target=\"_blank\" rel=\"noopener noreferrer\"><img loading=\"lazy\" decoding=\"async\" class=\"alignleft wp-image-2095 size-thumbnail\" src=\"http:\/\/cobasindra.org\/wp-content\/uploads\/2017\/06\/JuntaAcc2017web2-150x150.jpg\" alt=\"JuntaAcc2017web2\" width=\"150\" height=\"150\" \/><\/a><\/h3>\n<h3 style=\"text-align: center\"><\/h3>\n<h3 style=\"text-align: center\"><strong>\u00a1POR EL MANTENIMIENTO DEL EMPLEO!<\/strong><\/h3>\n<p>&nbsp;<\/p>\n<p>&nbsp;<\/p>\n<p>Estimados Compa\u00f1eros y Compa\u00f1eras:<\/p>\n<p>Un a\u00f1o m\u00e1s por estas fechas, coincidiendo con la Junta General de Accionistas de Indra, los sindicatos <span style=\"color: #ff0000\"><strong>CGT<\/strong><\/span> y<span style=\"color: #ff0000\"><strong> co.bas<\/strong><\/span> estaremos en la puerta del centro de trabajo de Arroyo de la Vega para visibilizar los problemas de la plantilla, las brutales consecuencias que ha tenido el ERE en las trabajadoras y trabajadores de Indra, as\u00ed como la represi\u00f3n sindical que estamos sufriendo ambos sindicatos.<\/p>\n<p>Reivindicamos, como no puede ser de otra forma, la mejora de las condiciones laborales y rechazamos la precarizaci\u00f3n de los puestos de trabajo a la que nos hemos visto sometid@s desde que impusieron su \u00abfant\u00e1stico\u00bb Plan de Viabilidad.<\/p>\n<p><strong><span style=\"color: #ff0000\">Co.bas<\/span><\/strong> y<strong><span style=\"color: #ff0000\"> CGT<\/span><\/strong> seguimos en la lucha por los derechos de los trabajadores, pese a quien pese, sin dar un paso atr\u00e1s.<\/p>\n<h2 style=\"text-align: center\"><strong>UNETE A LA CONCENTRACI\u00d3N<\/strong><\/h2>\n<h3 style=\"text-align: center\"><strong>En tu hora de comida<\/strong><\/h3>\n<h3 style=\"text-align: center\"><strong>Jueves 29 de Junio de 12:00 a 14:00 h<\/strong><\/h3>\n<h3 style=\"text-align: center\"><strong>Puerta Principal de INDRA (Arroyo de la Vega)<\/strong><\/h3>\n<p>&nbsp;<\/p>\n<p><a href=\"http:\/\/cobasindra.org\/wp-content\/uploads\/2017\/06\/cobas.png\" target=\"_blank\" rel=\"noopener noreferrer\"><img loading=\"lazy\" decoding=\"async\" class=\"alignleft wp-image-2099 size-full\" src=\"http:\/\/cobasindra.org\/wp-content\/uploads\/2017\/06\/cobas.png\" alt=\"cobas\" width=\"93\" height=\"94\" \/><\/a><a href=\"http:\/\/cobasindra.org\/wp-content\/uploads\/2017\/06\/cgt.png\" target=\"_blank\" rel=\"noopener noreferrer\"><img loading=\"lazy\" decoding=\"async\" class=\"alignright wp-image-2098 size-full\" src=\"http:\/\/cobasindra.org\/wp-content\/uploads\/2017\/06\/cgt.png\" alt=\"cgt\" width=\"83\" height=\"113\" \/><\/a><\/p>\n","protected":false},"excerpt":{"rendered":"<div class=\"mh-excerpt\">\u00a1POR EL MANTENIMIENTO DEL EMPLEO! &nbsp; &nbsp; Estimados Compa\u00f1eros y Compa\u00f1eras: Un a\u00f1o m\u00e1s por estas fechas, coincidiendo con la Junta General de Accionistas de Indra, los sindicatos CGT y co.bas estaremos en la puerta <a class=\"mh-excerpt-more\" href=\"https:\/\/www.sitescobas.es\/indra\/2017\/06\/27\/concentracion-junta-accionistas-2017\/\" title=\"Concentraci\u00f3n Junta Accionistas 2017\">[&#8230;]<\/a><\/div>\n","protected":false},"author":2,"featured_media":0,"comment_status":"open","ping_status":"closed","sticky":false,"template":"","format":"standard","meta":{"_kadence_starter_templates_imported_post":false,"footnotes":""},"categories":[13],"tags":[36,27],"class_list":{"0":"post-2094","1":"post","2":"type-post","3":"status-publish","4":"format-standard","6":"category-cobas-indra","7":"tag-junta-accionistas","8":"tag-protesta"},"_links":{"self":[{"href":"https:\/\/www.sitescobas.es\/indra\/wp-json\/wp\/v2\/posts\/2094","targetHints":{"allow":["GET"]}}],"collection":[{"href":"https:\/\/www.sitescobas.es\/indra\/wp-json\/wp\/v2\/posts"}],"about":[{"href":"https:\/\/www.sitescobas.es\/indra\/wp-json\/wp\/v2\/types\/post"}],"author":[{"embeddable":true,"href":"https:\/\/www.sitescobas.es\/indra\/wp-json\/wp\/v2\/users\/2"}],"replies":[{"embeddable":true,"href":"https:\/\/www.sitescobas.es\/indra\/wp-json\/wp\/v2\/comments?post=2094"}],"version-history":[{"count":0,"href":"https:\/\/www.sitescobas.es\/indra\/wp-json\/wp\/v2\/posts\/2094\/revisions"}],"wp:attachment":[{"href":"https:\/\/www.sitescobas.es\/indra\/wp-json\/wp\/v2\/media?parent=2094"}],"wp:term":[{"taxonomy":"category","embeddable":true,"href":"https:\/\/www.sitescobas.es\/indra\/wp-json\/wp\/v2\/categories?post=2094"},{"taxonomy":"post_tag","embeddable":true,"href":"https:\/\/www.sitescobas.es\/indra\/wp-json\/wp\/v2\/tags?post=2094"}],"curies":[{"name":"wp","href":"https:\/\/api.w.org\/{rel}","templated":true}]}}