{"id":2074,"date":"2017-06-07T11:06:24","date_gmt":"2017-06-07T09:06:24","guid":{"rendered":"http:\/\/cobasindra.org\/?p=2074"},"modified":"2017-06-07T11:06:24","modified_gmt":"2017-06-07T09:06:24","slug":"conclusion-debate-sobre-recurso-del-ere-en-indra-en-el-tribunal-supremo","status":"publish","type":"post","link":"https:\/\/www.sitescobas.es\/indra\/2017\/06\/07\/conclusion-debate-sobre-recurso-del-ere-en-indra-en-el-tribunal-supremo\/","title":{"rendered":"Conclusi\u00f3n Debate sobre Recurso del \u20acR\u20ac en Indra en el Tribunal Supremo"},"content":{"rendered":"<p><a href=\"http:\/\/cobasindra.org\/wp-content\/uploads\/2017\/06\/PoderJud.png\" target=\"_blank\" rel=\"noopener noreferrer\"><img loading=\"lazy\" decoding=\"async\" class=\"alignleft wp-image-2076 size-thumbnail\" src=\"http:\/\/cobasindra.org\/wp-content\/uploads\/2017\/06\/PoderJud-150x150.png\" alt=\"PoderJud\" width=\"150\" height=\"150\" \/><\/a>Estimados Compa\u00f1eros y Compa\u00f1eras,<\/p>\n<p>Os comunicamos que el Tribunal Supremo ha desestimado por unanimidad los recursos de casaci\u00f3n interpuestos por Comisiones de Base (<strong><span style=\"color: #ff0000\">CO.BAS<\/span><\/strong>) y por la Confederaci\u00f3n General del Trabajo (CGT).<\/p>\n<p>Para todos aquellos que teng\u00e1is pendientes demandas individuales, tendr\u00e9is que poneros en contacto con vuestros abogados para comunic\u00e1rselo.<\/p>\n<p>Entre otras razones, justifican su desestimaci\u00f3n por:<\/p>\n<blockquote><p><em><span style=\"color: #3366ff\">El alto tribunal indica que existen razones que avalan las medidas extintivas, \u201cque descansan en la grave cuant\u00eda de las p\u00e9rdidas y su progresiva aceleraci\u00f3n en un delimitado espacio de tiempo; en las transformaciones de la situaci\u00f3n del mercado, ampliamente descritas en los hechos probados de la sentencia recurrida y en la deficiente estructura empresarial para hacer frente a las exigencias que derivan de dichas transformaciones\u201d.<\/span><\/em><\/p>\n<p><em><span style=\"color: #3366ff\">\u201cIgualmente \u2013agrega la resoluci\u00f3n&#8211; resulta destacable que el n\u00famero de trabajadores afectados, tras reducirse sensiblemente durante las consultas, no lleg\u00f3 al trece por ciento de una plantilla que ascend\u00eda \u2013sin contar excedentes o contratos suspendidos&#8211; a 13.516 trabajadores. El ahorro que la medida propiciar\u00e1 y su influencia en la futura estructura de costes de la empresa resultan, tambi\u00e9n, datos relevantes a los presentes efectos, sobre todo si se tiene en cuenta que tal disminuci\u00f3n de costes est\u00e1 destinada a propiciar una adecuado equilibrio econ\u00f3mico que puede ayudar decisivamente a garantizar la viabilidad de la empresa y el mantenimiento del empleo subsistente\u201d.<\/span><\/em><\/p>\n<p><em><span style=\"color: #3366ff\">los magistrados indican que \u201c<strong>resulta extraordinariamente<\/strong> <strong>relevante<\/strong> a efectos de valorar la medida impugnada que la misma result\u00f3 directamente del <strong>pacto alcanzado<\/strong> con la mayor\u00eda de los miembros de la comisi\u00f3n negociadora del per\u00edodo de consultas (diez sobre trece) que inclu\u00eda a los representantes de los sindicatos m\u00e1s representativos y con mayor implantaci\u00f3n (<strong>UGT, CC.OO., USO y STC<\/strong>)\u201d<\/span><\/em><\/p><\/blockquote>\n<p>En este <strong><span style=\"text-decoration: underline\"><a href=\"http:\/\/www.poderjudicial.es\/portal\/site\/cgpj\/menuitem.65d2c4456b6ddb628e635fc1dc432ea0\/?vgnextoid=7384b00e44d7c510VgnVCM1000006f48ac0aRCRD&amp;vgnextfmt=default&amp;vgnextlocale=es_ES\" target=\"_blank\" rel=\"noopener noreferrer\"><span style=\"color: #0000ff;text-decoration: underline\">enlace<\/span><\/a><\/span><\/strong> pod\u00e9is ver la noticia completa en el\u00a0 portal de prensa del Tribunal Supremo.<\/p>\n<p><a href=\"http:\/\/www.poderjudicial.es\/portal\/site\/cgpj\/menuitem.65d2c4456b6ddb628e635fc1dc432ea0\/?vgnextoid=7384b00e44d7c510VgnVCM1000006f48ac0aRCRD&amp;vgnextfmt=default&amp;vgnextlocale=es_ES\" target=\"_blank\" rel=\"noopener noreferrer\"><img loading=\"lazy\" decoding=\"async\" class=\"size-full wp-image-2076 aligncenter\" src=\"http:\/\/cobasindra.org\/wp-content\/uploads\/2017\/06\/PoderJud.png\" alt=\"PoderJud\" width=\"1230\" height=\"577\" \/><\/a><\/p>\n","protected":false},"excerpt":{"rendered":"<div class=\"mh-excerpt\">Estimados Compa\u00f1eros y Compa\u00f1eras, Os comunicamos que el Tribunal Supremo ha desestimado por unanimidad los recursos de casaci\u00f3n interpuestos por Comisiones de Base (CO.BAS) y por la Confederaci\u00f3n General del Trabajo (CGT). Para todos aquellos <a class=\"mh-excerpt-more\" href=\"https:\/\/www.sitescobas.es\/indra\/2017\/06\/07\/conclusion-debate-sobre-recurso-del-ere-en-indra-en-el-tribunal-supremo\/\" title=\"Conclusi\u00f3n Debate sobre Recurso del \u20acR\u20ac en Indra en el Tribunal Supremo\">[&#8230;]<\/a><\/div>\n","protected":false},"author":2,"featured_media":0,"comment_status":"open","ping_status":"closed","sticky":false,"template":"","format":"standard","meta":{"_kadence_starter_templates_imported_post":false,"footnotes":""},"categories":[13],"tags":[38,32,45,27,26],"class_list":{"0":"post-2074","1":"post","2":"type-post","3":"status-publish","4":"format-standard","6":"category-cobas-indra","7":"tag-denuncias","8":"tag-despidos","9":"tag-ere-en-indra","10":"tag-protesta","11":"tag-sindicatos"},"_links":{"self":[{"href":"https:\/\/www.sitescobas.es\/indra\/wp-json\/wp\/v2\/posts\/2074","targetHints":{"allow":["GET"]}}],"collection":[{"href":"https:\/\/www.sitescobas.es\/indra\/wp-json\/wp\/v2\/posts"}],"about":[{"href":"https:\/\/www.sitescobas.es\/indra\/wp-json\/wp\/v2\/types\/post"}],"author":[{"embeddable":true,"href":"https:\/\/www.sitescobas.es\/indra\/wp-json\/wp\/v2\/users\/2"}],"replies":[{"embeddable":true,"href":"https:\/\/www.sitescobas.es\/indra\/wp-json\/wp\/v2\/comments?post=2074"}],"version-history":[{"count":0,"href":"https:\/\/www.sitescobas.es\/indra\/wp-json\/wp\/v2\/posts\/2074\/revisions"}],"wp:attachment":[{"href":"https:\/\/www.sitescobas.es\/indra\/wp-json\/wp\/v2\/media?parent=2074"}],"wp:term":[{"taxonomy":"category","embeddable":true,"href":"https:\/\/www.sitescobas.es\/indra\/wp-json\/wp\/v2\/categories?post=2074"},{"taxonomy":"post_tag","embeddable":true,"href":"https:\/\/www.sitescobas.es\/indra\/wp-json\/wp\/v2\/tags?post=2074"}],"curies":[{"name":"wp","href":"https:\/\/api.w.org\/{rel}","templated":true}]}}