{"id":2056,"date":"2017-05-25T14:31:38","date_gmt":"2017-05-25T12:31:38","guid":{"rendered":"http:\/\/cobasindra.org\/?p=2056"},"modified":"2017-05-25T14:31:38","modified_gmt":"2017-05-25T12:31:38","slug":"isl-badajoz-buenisimas-ofertas-de-trabajo-en-nuestra-factoria-por-subcontrata","status":"publish","type":"post","link":"https:\/\/www.sitescobas.es\/indra\/2017\/05\/25\/isl-badajoz-buenisimas-ofertas-de-trabajo-en-nuestra-factoria-por-subcontrata\/","title":{"rendered":"ISL Badajoz: Buen\u00edsimas ofertas de trabajo en nuestra factor\u00eda&#8230; \u00a1por subcontrata!"},"content":{"rendered":"<p><a href=\"http:\/\/cobasindra.org\/wp-content\/uploads\/2017\/05\/LogoSScobas1.png\"><img loading=\"lazy\" decoding=\"async\" class=\"alignleft size-thumbnail wp-image-2061\" src=\"http:\/\/cobasindra.org\/wp-content\/uploads\/2017\/05\/LogoSScobas1-150x89.png\" alt=\"LogoSScobas1\" width=\"150\" height=\"89\" \/><\/a><\/p>\n<p>Estimados Compa\u00f1eros y Compa\u00f1eras,<\/p>\n<p>os adjuntamos un comunicado de los compa\u00f1eros de <strong><span style=\"color: #ff0000\">co.bas<\/span><\/strong> de ISL de Badajoz:<\/p>\n<blockquote><p>&nbsp;<\/p>\n<div><span style=\"color: #0000ff\">Estimad@s compa\u00f1er@s<\/span><\/div>\n<div><span style=\"color: #0000ff\">Tenemos noticia de que se han publicado nuevas ofertas de trabajo para nuestro centro de trabajo en la modalidad de subcontrataci\u00f3n en uno de los portales t\u00edpicos de b\u00fasqueda de empleo.<\/span><\/div>\n<div><\/div>\n<div><span style=\"color: #0000ff\">Los perfiles buscados van desde Programador Senior a Analista Programador, <b>ofreciendo salarios que oscilan entre los 26.000\u20ac y los 36.000\u20ac, y a trav\u00e9s de un buen n\u00famero de consultoras distintas<\/b>.<\/span><\/div>\n<div><\/div>\n<div><span style=\"color: #0000ff\">Como os podr\u00e9is imaginar, cuando vimos estas ofertas no pod\u00edamos creer lo que ve\u00edan nuestros ojos: <b>ofertas de trabajo<\/b> para un gran cliente en Badajoz, <b>con salarios muy por encima de los de nuestro centro para esos mismos perfiles<\/b>.<\/span><\/div>\n<div><\/div>\n<div><span style=\"color: #0000ff\">En dichas ofertas no se especificaba el nombre del cliente, as\u00ed que para asegurarnos decidimos apuntarnos a todas, y&#8230; \u00a1voil\u00e1!, a los 15 minutos ya ten\u00edamos respuesta por escrito de una de esas empresas: nuestro perfil no pod\u00eda ser considerado porque la posici\u00f3n ofrecida era para nuestro propio empleador: \u00a1\u00a1\u00a1Indra SW Labs Badajoz!!!<\/span><\/div>\n<div><\/div>\n<div><a href=\"http:\/\/cobasindra.org\/wp-content\/uploads\/2017\/05\/RespuestaIbertech.png\" target=\"_blank\" rel=\"noopener noreferrer\"><img loading=\"lazy\" decoding=\"async\" class=\"aligncenter wp-image-2057 size-full\" src=\"http:\/\/cobasindra.org\/wp-content\/uploads\/2017\/05\/RespuestaIbertech.png\" alt=\"RespuestaIbertech\" width=\"620\" height=\"207\" \/><\/a><\/div>\n<div>\n<div><span style=\"color: #0000ff\">Como era de prever, cuando le preguntamos por estas ofertas a la direcci\u00f3n del centro: \u00ab<b>si es para Indra, es un error<\/b>\u00ab.<\/span><\/div>\n<div><\/div>\n<div><span style=\"color: #0000ff\">Deducimos por tanto que <b>las excusas que nos dio la direcci\u00f3n de la empresa<\/b> cuando nos quejamos <b>por la subcontrataci\u00f3n<\/b> que se estaba llevando a cabo para los proyectos de Cobol<b>no eran m\u00e1s que patra\u00f1as<\/b>.<\/span><\/div>\n<div><\/div>\n<div><span style=\"color: #0000ff\">Se nos asegur\u00f3 que se estaba haciendo as\u00ed porque Cobol es una tecnolog\u00eda a extinguir, y como escasean los profesionales con mucha experiencia en ese entorno la empresa se estaba viendo obligada a ofrecer salarios por encima de la media para que se quieran trasladar a vivir a una ciudad como la nuestra, y as\u00ed, una vez terminaran los proyectos de Cobol en la factor\u00eda, la empresa prefer\u00eda no tener que reciclar o despedir al personal experto en esa tecnolog\u00eda; de ah\u00ed la modalidad de subcontrataci\u00f3n.<\/span><\/div>\n<div><\/div>\n<div><span style=\"color: #0000ff\">Pero esta vez <b>\u00abno cuela\u00bb<\/b>: tenemos constancia escrita de lo que denunciamos. Ya no son ofertas para proyectos Cobol u otras tecnolog\u00edas a extinguir: son ofertas para proyectos Java de actualidad; para m\u00e1s inri, se solicitan perfiles de Analista-Programador, lo cual nos sorprende sobremanera ya que, seg\u00fan ha declarado alguno de nuestros gerentes en juicios de compa\u00f1eros por reclamaciones de categor\u00eda profesional, \u00ab<b>en nuestro centro no se hace ninguna labor de an\u00e1lisis<\/b>\u00bb ni nada que se pueda asimilar a esa categor\u00eda profesional de nuestro Convenio.<\/span><\/div>\n<div><\/div>\n<div><span style=\"color: #0000ff\">Tengamos en cuenta que las empresas suelen pagar a sus consultoras el doble o m\u00e1s del salario bruto ofrecido por estas al trabajador (en tiempo de bonanza econ\u00f3mica se llegaba a pagar 4 veces el salario bruto del trabajador).<\/span><\/div>\n<div><\/div>\n<div><span style=\"color: #0000ff\">En resumen: <b>la empresa prefiere malgastar los beneficios obtenidos con nuestro esfuerzo en contratar personal eventual y con salarios muy por encima del personal de la propia empresa antes que ofrecer internamente esos puestos a compa\u00f1eros nuestros con una subida de salario<\/b>, lo cual le supondr\u00eda mucho menos coste que esas subcontrataciones.<\/span><\/div>\n<div><\/div>\n<div><span style=\"color: #0000ff\">\u00bfCu\u00e1l es el objetivo de esta pol\u00edtica de empresa si no es <b>fomentar la temporalidad y evitar que el empleo de calidad crezca<\/b>? \u00bfQu\u00e9 pretenden? \u00bfCerrar nuestro centro? \u00bfIgualar por abajo? \u00bf<b>Que los expertos<\/b> (AP&#8217;s, Analistas), que son quienes tienen sueldos m\u00ednimamente decentes, <b>sean subcontratados para poder echarlos de un d\u00eda para otro cuando m\u00e1s le convenga a la empresa sin que le cueste 1\u20ac<\/b>? \u00bfQue solo quede en la empresa el personal m\u00e1s barato, sumiso y obediente?<\/span><\/div>\n<div><\/div>\n<div><span style=\"color: #0000ff\">\u00bfEste es el futuro que queremos?<\/span><\/div>\n<div><\/div>\n<div><span style=\"color: #0000ff\"><b>\u00a1Basta ya de excusas! \u00a1Basta ya de mentiras!<\/b><\/span><\/div>\n<div><\/div>\n<div><span style=\"color: #0000ff\">\u00bfVamos a permitir que nos sigan tomando el pelo? Solo queda un camino: \u00a1\u00a1\u00a1la lucha!!!<\/span><\/div>\n<div><\/div>\n<div><span style=\"color: #0000ff\">Despu\u00e9s nos acusar\u00e1n de que mentimos y de crear \u00abun estado alarma injustificada en la plantilla\u00bb&#8230; \u00a1Venga ya!<\/span><\/div>\n<div><\/div>\n<div><span style=\"color: #0000ff\">Hacednos llegar vuestros comentarios a <strong><span style=\"text-decoration: underline\"><a style=\"color: #0000ff;text-decoration: underline\" href=\"mailto:cobasbadajoz@gmail.com\" target=\"_blank\" rel=\"external nofollow noopener noreferrer\" data-cke-saved-href=\"mailto:cobasbadajoz@gmail.com\">cobasbadajoz@gmail.com<\/a><\/span><\/strong><\/span>.<\/div>\n<\/div>\n<\/blockquote>\n<div>\n<div>\n<div dir=\"ltr\">\n<div>\n<div dir=\"ltr\">\n<div>\n<div dir=\"ltr\">\n<div>\n<div dir=\"ltr\">\n<div dir=\"ltr\">\n<div dir=\"ltr\">\n<div dir=\"ltr\">\n<div dir=\"ltr\">\n<div dir=\"ltr\">\n<div dir=\"ltr\">\n<div dir=\"ltr\">\n<div dir=\"ltr\">\n<div dir=\"ltr\">\n<div dir=\"ltr\">\n<div dir=\"ltr\"><span style=\"font-family: arial,helvetica,sans-serif;font-size: small\"><b><span style=\"color: #000000\">\u00a1Necesitamos tu Apoyo, af\u00edliate a <\/span><\/b><b><span style=\"color: #ff0000\">C<\/span><\/b><b><span style=\"color: #ff0000\">o.Bas.<\/span><\/b><b>!<\/b><\/span><\/div>\n<\/div>\n<\/div>\n<\/div>\n<\/div>\n<\/div>\n<\/div>\n<\/div>\n<\/div>\n<\/div>\n<\/div>\n<\/div>\n<\/div>\n<\/div>\n<\/div>\n<\/div>\n<\/div>\n<\/div>\n<\/div>\n<\/div>\n","protected":false},"excerpt":{"rendered":"<div class=\"mh-excerpt\">Estimados Compa\u00f1eros y Compa\u00f1eras, os adjuntamos un comunicado de los compa\u00f1eros de co.bas de ISL de Badajoz: &nbsp; Estimad@s compa\u00f1er@s Tenemos noticia de que se han publicado nuevas ofertas de trabajo para nuestro centro de <a class=\"mh-excerpt-more\" href=\"https:\/\/www.sitescobas.es\/indra\/2017\/05\/25\/isl-badajoz-buenisimas-ofertas-de-trabajo-en-nuestra-factoria-por-subcontrata\/\" title=\"ISL Badajoz: Buen\u00edsimas ofertas de trabajo en nuestra factor\u00eda&#8230; \u00a1por subcontrata!\">[&#8230;]<\/a><\/div>\n","protected":false},"author":2,"featured_media":0,"comment_status":"open","ping_status":"closed","sticky":false,"template":"","format":"standard","meta":{"_kadence_starter_templates_imported_post":false,"footnotes":""},"categories":[13],"tags":[44,68,67,27,26],"class_list":{"0":"post-2056","1":"post","2":"type-post","3":"status-publish","4":"format-standard","6":"category-cobas-indra","7":"tag-comunicados","8":"tag-isl","9":"tag-precariedad-laboral","10":"tag-protesta","11":"tag-sindicatos"},"_links":{"self":[{"href":"https:\/\/www.sitescobas.es\/indra\/wp-json\/wp\/v2\/posts\/2056","targetHints":{"allow":["GET"]}}],"collection":[{"href":"https:\/\/www.sitescobas.es\/indra\/wp-json\/wp\/v2\/posts"}],"about":[{"href":"https:\/\/www.sitescobas.es\/indra\/wp-json\/wp\/v2\/types\/post"}],"author":[{"embeddable":true,"href":"https:\/\/www.sitescobas.es\/indra\/wp-json\/wp\/v2\/users\/2"}],"replies":[{"embeddable":true,"href":"https:\/\/www.sitescobas.es\/indra\/wp-json\/wp\/v2\/comments?post=2056"}],"version-history":[{"count":0,"href":"https:\/\/www.sitescobas.es\/indra\/wp-json\/wp\/v2\/posts\/2056\/revisions"}],"wp:attachment":[{"href":"https:\/\/www.sitescobas.es\/indra\/wp-json\/wp\/v2\/media?parent=2056"}],"wp:term":[{"taxonomy":"category","embeddable":true,"href":"https:\/\/www.sitescobas.es\/indra\/wp-json\/wp\/v2\/categories?post=2056"},{"taxonomy":"post_tag","embeddable":true,"href":"https:\/\/www.sitescobas.es\/indra\/wp-json\/wp\/v2\/tags?post=2056"}],"curies":[{"name":"wp","href":"https:\/\/api.w.org\/{rel}","templated":true}]}}