{"id":2043,"date":"2017-05-18T11:09:52","date_gmt":"2017-05-18T09:09:52","guid":{"rendered":"http:\/\/cobasindra.org\/?p=2043"},"modified":"2017-05-18T11:09:52","modified_gmt":"2017-05-18T09:09:52","slug":"concentracion-en-ts-debate-sobre-recurso-ere-indra","status":"publish","type":"post","link":"https:\/\/www.sitescobas.es\/indra\/2017\/05\/18\/concentracion-en-ts-debate-sobre-recurso-ere-indra\/","title":{"rendered":"Concentraci\u00f3n en TS: Debate sobre Recurso \u20acR\u20ac Indra"},"content":{"rendered":"<p><a href=\"http:\/\/cobasindra.org\/wp-content\/uploads\/2017\/05\/pancartap.jpg\" target=\"_blank\" rel=\"noopener noreferrer\"><img loading=\"lazy\" decoding=\"async\" class=\"alignleft wp-image-2044 size-thumbnail\" src=\"http:\/\/cobasindra.org\/wp-content\/uploads\/2017\/05\/pancartap-150x150.jpg\" width=\"150\" height=\"150\" \/><\/a>Estimados Compa\u00f1eros y Compa\u00f1eras:<\/p>\n<p>Ayer, con motivo del debate en el Tribunal Supremo sobre el \u20acR\u20ac sufrido en Indra, nos concentramos de 10:00h a 14:00h, frente al Tribunal Supremo, los delegados de <strong><span style=\"color: #ff0000\">co.bas<\/span><\/strong> y de cgt, tanto de IS, como de ISL, y delegados de Tecnocom, tambi\u00e9n compa\u00f1eros que se cogieron el d\u00eda libre, excompa\u00f1eros afectados por el \u20acR\u20ac, miembros de la Plataforma Unificando las Luchas\u2026, as\u00ed como otros activistas y alg\u00fan que otro representante pol\u00edtico.<\/p>\n<p style=\"text-align: left\">A\u00fan no tenemos informaci\u00f3n de la conclusi\u00f3n del debate en el TS pero, al margen de lo que diga el TS lo que s\u00ed hemos conseguido, y hemos de felicitarnos por ello, es ser escuchados como sindicato en muchos foros. En las RRSS tambi\u00e9n ha habido mucho eco, tanto por personas como por organizaciones, movimientos, plataformas, etc&#8230;y, como no puede ser de otra manera, <strong>agradecer todos esos granitos de arena que ir\u00e1n construyendo un muro contra la precarizaci\u00f3n de nuestras condiciones de vida<\/strong>.<\/p>\n<p>Ha sido una tarea muy dura, pero ha habido mucha gente implicada, arrimando el hombro, y estamos orgullosos de nuestra lucha. El resultado del debate ya no depende de nosotros.<\/p>\n<p>Hay que felicitar a l@s compa\u00f1eros del centro de Ciudad Real que han movilizado a casi toda la plantilla y a los de Badajoz que han sacado casi a la mitad. Ojal\u00e1 en las pr\u00f3ximas que convoquemos en IS, tengamos el mismo \u00e9xito. <strong>Buen trabajo compa\u00f1eros\u00a1\u00a1\u00a1<\/strong>.<\/p>\n<p>Ha sido la primera experiencia entre CoBas IS y CoBas en ISL, y ha ido muy bien, ha sido fraternal, respetuosa, \u00e1gil, entusiasta y combativa&#8230;<\/p>\n<p>En cuanto sepamos el resultado del debate os informaremos.<\/p>\n<p>Os adjuntamos unas fotos de las concentraciones.<\/p>\n<p><a href=\"http:\/\/cobasindra.org\/wp-content\/uploads\/2017\/05\/cobascgt.jpg\"><img loading=\"lazy\" decoding=\"async\" class=\"alignleft size-full wp-image-2050\" src=\"http:\/\/cobasindra.org\/wp-content\/uploads\/2017\/05\/cobascgt.jpg\" alt=\"cobascgt\" width=\"1328\" height=\"747\" \/><\/a><a href=\"http:\/\/cobasindra.org\/wp-content\/uploads\/2017\/05\/isl5.jpg\"><img loading=\"lazy\" decoding=\"async\" class=\"alignleft size-full wp-image-2045\" src=\"http:\/\/cobasindra.org\/wp-content\/uploads\/2017\/05\/isl5.jpg\" alt=\"isl5\" width=\"1600\" height=\"1200\" \/><\/a> <a href=\"http:\/\/cobasindra.org\/wp-content\/uploads\/2017\/05\/isl4.jpg\"><img loading=\"lazy\" decoding=\"async\" class=\"alignleft wp-image-2046 size-full\" src=\"http:\/\/cobasindra.org\/wp-content\/uploads\/2017\/05\/isl4.jpg\" alt=\"isl4\" width=\"1600\" height=\"1200\" \/><\/a> <a href=\"http:\/\/cobasindra.org\/wp-content\/uploads\/2017\/05\/isl3.jpg\"><img loading=\"lazy\" decoding=\"async\" class=\"alignleft wp-image-2047 size-full\" src=\"http:\/\/cobasindra.org\/wp-content\/uploads\/2017\/05\/isl3.jpg\" alt=\"isl3\" width=\"1600\" height=\"1200\" \/><\/a> <a href=\"http:\/\/cobasindra.org\/wp-content\/uploads\/2017\/05\/isl2.jpg\"><img loading=\"lazy\" decoding=\"async\" class=\"alignleft wp-image-2048 size-full\" src=\"http:\/\/cobasindra.org\/wp-content\/uploads\/2017\/05\/isl2.jpg\" alt=\"isl2\" width=\"1600\" height=\"1184\" \/><\/a> <a href=\"http:\/\/cobasindra.org\/wp-content\/uploads\/2017\/05\/isl.jpg\"><img loading=\"lazy\" decoding=\"async\" class=\"alignleft wp-image-2049 size-full\" src=\"http:\/\/cobasindra.org\/wp-content\/uploads\/2017\/05\/isl.jpg\" alt=\"isl\" width=\"1600\" height=\"900\" \/><\/a> <a href=\"http:\/\/cobasindra.org\/wp-content\/uploads\/2017\/05\/cobasunif.jpg\"><img loading=\"lazy\" decoding=\"async\" class=\"alignleft wp-image-2051 size-full\" src=\"http:\/\/cobasindra.org\/wp-content\/uploads\/2017\/05\/cobasunif.jpg\" alt=\"cobasunif\" width=\"1336\" height=\"1002\" \/><\/a><\/p>\n","protected":false},"excerpt":{"rendered":"<div class=\"mh-excerpt\">Estimados Compa\u00f1eros y Compa\u00f1eras: Ayer, con motivo del debate en el Tribunal Supremo sobre el \u20acR\u20ac sufrido en Indra, nos concentramos de 10:00h a 14:00h, frente al Tribunal Supremo, los delegados de co.bas y de <a class=\"mh-excerpt-more\" href=\"https:\/\/www.sitescobas.es\/indra\/2017\/05\/18\/concentracion-en-ts-debate-sobre-recurso-ere-indra\/\" title=\"Concentraci\u00f3n en TS: Debate sobre Recurso \u20acR\u20ac Indra\">[&#8230;]<\/a><\/div>\n","protected":false},"author":2,"featured_media":0,"comment_status":"open","ping_status":"closed","sticky":false,"template":"","format":"standard","meta":{"_kadence_starter_templates_imported_post":false,"footnotes":""},"categories":[13],"tags":[48,32,45,27,26],"class_list":{"0":"post-2043","1":"post","2":"type-post","3":"status-publish","4":"format-standard","6":"category-cobas-indra","7":"tag-denuncias-indra","8":"tag-despidos","9":"tag-ere-en-indra","10":"tag-protesta","11":"tag-sindicatos"},"_links":{"self":[{"href":"https:\/\/www.sitescobas.es\/indra\/wp-json\/wp\/v2\/posts\/2043","targetHints":{"allow":["GET"]}}],"collection":[{"href":"https:\/\/www.sitescobas.es\/indra\/wp-json\/wp\/v2\/posts"}],"about":[{"href":"https:\/\/www.sitescobas.es\/indra\/wp-json\/wp\/v2\/types\/post"}],"author":[{"embeddable":true,"href":"https:\/\/www.sitescobas.es\/indra\/wp-json\/wp\/v2\/users\/2"}],"replies":[{"embeddable":true,"href":"https:\/\/www.sitescobas.es\/indra\/wp-json\/wp\/v2\/comments?post=2043"}],"version-history":[{"count":0,"href":"https:\/\/www.sitescobas.es\/indra\/wp-json\/wp\/v2\/posts\/2043\/revisions"}],"wp:attachment":[{"href":"https:\/\/www.sitescobas.es\/indra\/wp-json\/wp\/v2\/media?parent=2043"}],"wp:term":[{"taxonomy":"category","embeddable":true,"href":"https:\/\/www.sitescobas.es\/indra\/wp-json\/wp\/v2\/categories?post=2043"},{"taxonomy":"post_tag","embeddable":true,"href":"https:\/\/www.sitescobas.es\/indra\/wp-json\/wp\/v2\/tags?post=2043"}],"curies":[{"name":"wp","href":"https:\/\/api.w.org\/{rel}","templated":true}]}}