{"id":2037,"date":"2017-05-12T14:41:06","date_gmt":"2017-05-12T12:41:06","guid":{"rendered":"http:\/\/cobasindra.org\/?p=2037"},"modified":"2017-05-12T14:41:06","modified_gmt":"2017-05-12T12:41:06","slug":"notas-relacionadas-con-17m","status":"publish","type":"post","link":"https:\/\/www.sitescobas.es\/indra\/2017\/05\/12\/notas-relacionadas-con-17m\/","title":{"rendered":"Notas Relacionadas con 17\/M"},"content":{"rendered":"<p><a href=\"http:\/\/cobasindra.org\/wp-content\/uploads\/2017\/05\/LogoChapa.png\"><img loading=\"lazy\" decoding=\"async\" class=\"alignleft wp-image-2039 size-full\" src=\"http:\/\/cobasindra.org\/wp-content\/uploads\/2017\/05\/LogoChapa.png\" alt=\"LogoChapa\" width=\"150\" height=\"150\" \/><\/a><\/p>\n<p>&nbsp;<\/p>\n<p>Estimados Compa\u00f1eros y Compa\u00f1eras:<\/p>\n<p>&nbsp;<\/p>\n<p>En relaci\u00f3n con la deliberaci\u00f3n sobre el \u20acR\u20ac en Indra el pr\u00f3ximo 17\/M en el Tribunal Supremo, hemos elaborado una nota de Prensa y una nota para informar a diversas organizaciones sindicales, activistas, etc&#8230;.<\/p>\n<p>&nbsp;<\/p>\n<p>Aqui os adjuntamos las dos:<\/p>\n<p><strong><span style=\"text-decoration: underline\"><span style=\"color: #0000ff\"><a style=\"color: #0000ff;text-decoration: underline\" href=\"https:\/\/cloud.disroot.org\/s\/hmUYFTTFSeEu9Mf\" target=\"_blank\" rel=\"noopener noreferrer\">Nota de Prensa<\/a><\/span><\/span><\/strong><\/p>\n<p><strong><span style=\"text-decoration: underline\"><span style=\"color: #0000ff\"><a style=\"color: #0000ff;text-decoration: underline\" href=\"https:\/\/cloud.disroot.org\/s\/Iv5KDKuE1QJLfmy\" target=\"_blank\" rel=\"noopener noreferrer\">Nota Activistas y Organizaciones <\/a><\/span><\/span><\/strong><\/p>\n","protected":false},"excerpt":{"rendered":"<div class=\"mh-excerpt\">&nbsp; Estimados Compa\u00f1eros y Compa\u00f1eras: &nbsp; En relaci\u00f3n con la deliberaci\u00f3n sobre el \u20acR\u20ac en Indra el pr\u00f3ximo 17\/M en el Tribunal Supremo, hemos elaborado una nota de Prensa y una nota para informar a <a class=\"mh-excerpt-more\" href=\"https:\/\/www.sitescobas.es\/indra\/2017\/05\/12\/notas-relacionadas-con-17m\/\" title=\"Notas Relacionadas con 17\/M\">[&#8230;]<\/a><\/div>\n","protected":false},"author":2,"featured_media":0,"comment_status":"open","ping_status":"closed","sticky":false,"template":"","format":"standard","meta":{"_kadence_starter_templates_imported_post":false,"footnotes":""},"categories":[9,13],"tags":[48,32,45,60,67,26],"class_list":{"0":"post-2037","1":"post","2":"type-post","3":"status-publish","4":"format-standard","6":"category-revista","7":"category-cobas-indra","8":"tag-denuncias-indra","9":"tag-despidos","10":"tag-ere-en-indra","11":"tag-noticias-indra","12":"tag-precariedad-laboral","13":"tag-sindicatos"},"_links":{"self":[{"href":"https:\/\/www.sitescobas.es\/indra\/wp-json\/wp\/v2\/posts\/2037","targetHints":{"allow":["GET"]}}],"collection":[{"href":"https:\/\/www.sitescobas.es\/indra\/wp-json\/wp\/v2\/posts"}],"about":[{"href":"https:\/\/www.sitescobas.es\/indra\/wp-json\/wp\/v2\/types\/post"}],"author":[{"embeddable":true,"href":"https:\/\/www.sitescobas.es\/indra\/wp-json\/wp\/v2\/users\/2"}],"replies":[{"embeddable":true,"href":"https:\/\/www.sitescobas.es\/indra\/wp-json\/wp\/v2\/comments?post=2037"}],"version-history":[{"count":0,"href":"https:\/\/www.sitescobas.es\/indra\/wp-json\/wp\/v2\/posts\/2037\/revisions"}],"wp:attachment":[{"href":"https:\/\/www.sitescobas.es\/indra\/wp-json\/wp\/v2\/media?parent=2037"}],"wp:term":[{"taxonomy":"category","embeddable":true,"href":"https:\/\/www.sitescobas.es\/indra\/wp-json\/wp\/v2\/categories?post=2037"},{"taxonomy":"post_tag","embeddable":true,"href":"https:\/\/www.sitescobas.es\/indra\/wp-json\/wp\/v2\/tags?post=2037"}],"curies":[{"name":"wp","href":"https:\/\/api.w.org\/{rel}","templated":true}]}}