{"id":2031,"date":"2017-05-12T14:27:02","date_gmt":"2017-05-12T12:27:02","guid":{"rendered":"http:\/\/cobasindra.org\/?p=2031"},"modified":"2017-05-12T14:27:02","modified_gmt":"2017-05-12T12:27:02","slug":"revista-especial-17m-no-al-ere-en-indra","status":"publish","type":"post","link":"https:\/\/www.sitescobas.es\/indra\/2017\/05\/12\/revista-especial-17m-no-al-ere-en-indra\/","title":{"rendered":"Revista Especial 17\/M No al \u20acR\u20ac en Indra"},"content":{"rendered":"<p><a href=\"http:\/\/cobasindra.org\/wp-content\/uploads\/2017\/05\/CartelConcentracionTS17M_web.jpg\"><img loading=\"lazy\" decoding=\"async\" class=\"alignleft size-thumbnail wp-image-2032\" src=\"http:\/\/cobasindra.org\/wp-content\/uploads\/2017\/05\/CartelConcentracionTS17M_web-150x150.jpg\" alt=\"CartelConcentracionTS17M_web\" width=\"150\" height=\"150\" \/><\/a><\/p>\n<p>Estimados Compa\u00f1eros y Compa\u00f1eras,<\/p>\n<p>os adjuntamos, con motivo de la deliberaci\u00f3n en el Tribunal Supremo sobre el \u20acR\u20ac de Indra,\u00a0 nuestra nueva <strong><span style=\"text-decoration: underline\"><span style=\"color: #0000ff;text-decoration: underline\"><a style=\"color: #0000ff;text-decoration: underline\" href=\"https:\/\/cloud.disroot.org\/s\/CR4K4fQWfauoUVM\" target=\"_blank\" rel=\"noopener noreferrer\">Revista<\/a><\/span><\/span><\/strong>.<\/p>\n<p>&nbsp;<\/p>\n<p>En la que, aparte del \u20acR\u20ac, tambi\u00e9n os hablamos de Tecnocom, corrupci\u00f3n, precaricaci\u00f3n laboral&#8230;.<\/p>\n<p><img loading=\"lazy\" decoding=\"async\" class=\"alignleft wp-image-2033 size-full\" src=\"http:\/\/cobasindra.org\/wp-content\/uploads\/2017\/05\/revj.jpg\" alt=\"revj\" width=\"793\" height=\"1122\" \/><\/p>\n","protected":false},"excerpt":{"rendered":"<div class=\"mh-excerpt\">Estimados Compa\u00f1eros y Compa\u00f1eras, os adjuntamos, con motivo de la deliberaci\u00f3n en el Tribunal Supremo sobre el \u20acR\u20ac de Indra,\u00a0 nuestra nueva Revista. &nbsp; En la que, aparte del \u20acR\u20ac, tambi\u00e9n os hablamos de Tecnocom, <a class=\"mh-excerpt-more\" href=\"https:\/\/www.sitescobas.es\/indra\/2017\/05\/12\/revista-especial-17m-no-al-ere-en-indra\/\" title=\"Revista Especial 17\/M No al \u20acR\u20ac en Indra\">[&#8230;]<\/a><\/div>\n","protected":false},"author":2,"featured_media":0,"comment_status":"open","ping_status":"closed","sticky":false,"template":"","format":"standard","meta":{"_kadence_starter_templates_imported_post":false,"footnotes":""},"categories":[13],"tags":[48,32,45,60,27,26],"class_list":{"0":"post-2031","1":"post","2":"type-post","3":"status-publish","4":"format-standard","6":"category-cobas-indra","7":"tag-denuncias-indra","8":"tag-despidos","9":"tag-ere-en-indra","10":"tag-noticias-indra","11":"tag-protesta","12":"tag-sindicatos"},"_links":{"self":[{"href":"https:\/\/www.sitescobas.es\/indra\/wp-json\/wp\/v2\/posts\/2031","targetHints":{"allow":["GET"]}}],"collection":[{"href":"https:\/\/www.sitescobas.es\/indra\/wp-json\/wp\/v2\/posts"}],"about":[{"href":"https:\/\/www.sitescobas.es\/indra\/wp-json\/wp\/v2\/types\/post"}],"author":[{"embeddable":true,"href":"https:\/\/www.sitescobas.es\/indra\/wp-json\/wp\/v2\/users\/2"}],"replies":[{"embeddable":true,"href":"https:\/\/www.sitescobas.es\/indra\/wp-json\/wp\/v2\/comments?post=2031"}],"version-history":[{"count":0,"href":"https:\/\/www.sitescobas.es\/indra\/wp-json\/wp\/v2\/posts\/2031\/revisions"}],"wp:attachment":[{"href":"https:\/\/www.sitescobas.es\/indra\/wp-json\/wp\/v2\/media?parent=2031"}],"wp:term":[{"taxonomy":"category","embeddable":true,"href":"https:\/\/www.sitescobas.es\/indra\/wp-json\/wp\/v2\/categories?post=2031"},{"taxonomy":"post_tag","embeddable":true,"href":"https:\/\/www.sitescobas.es\/indra\/wp-json\/wp\/v2\/tags?post=2031"}],"curies":[{"name":"wp","href":"https:\/\/api.w.org\/{rel}","templated":true}]}}