{"id":2021,"date":"2017-05-12T14:09:32","date_gmt":"2017-05-12T12:09:32","guid":{"rendered":"http:\/\/cobasindra.org\/?p=2021"},"modified":"2017-05-12T14:09:32","modified_gmt":"2017-05-12T12:09:32","slug":"deliberacion-en-ts-17m-comunicado-cgtco-bas","status":"publish","type":"post","link":"https:\/\/www.sitescobas.es\/indra\/2017\/05\/12\/deliberacion-en-ts-17m-comunicado-cgtco-bas\/","title":{"rendered":"Deliberaci\u00f3n en TS 17\/M, Comunicado CGT\/co.bas"},"content":{"rendered":"<p><a href=\"http:\/\/cobasindra.org\/wp-content\/uploads\/2017\/05\/ConvctConcentracion-TS-.jpg\"><img loading=\"lazy\" decoding=\"async\" class=\"alignleft size-thumbnail wp-image-2022\" src=\"http:\/\/cobasindra.org\/wp-content\/uploads\/2017\/05\/ConvctConcentracion-TS--150x150.jpg\" alt=\"ConvctConcentracion TS\" width=\"150\" height=\"150\" \/><\/a>Estimados Compa\u00f1eros y Compa\u00f1eras:<\/p>\n<p>Como ya os hemos ido informando estos d\u00edas, el 17 de Mayo el Tribunal Supremo se reune para deliberar sobre el \u20acR\u20ac de Indra.<\/p>\n<p>Los dos \u00fanicos sindicatos que <strong>no firmamos<\/strong> dicho \u20acR\u20ac, es decir: <strong>CGT<\/strong> y <strong><span style=\"color: #ff0000\">co.bas<\/span><\/strong>, hemos hecho un comunicado informativo, y una convocatoria de <strong>concentraci\u00f3n a las puertas del TS para Delegados<\/strong> y para todo aquel que tenga vacaciones, d\u00edas de libre disposici\u00f3n &#8230; y desee acompa\u00f1arnos.<\/p>\n<p>Os adjuntamos el comunicado <strong><span style=\"text-decoration: underline\"><span style=\"color: #0000ff;text-decoration: underline\"><a style=\"color: #0000ff;text-decoration: underline\" href=\"https:\/\/cloud.disroot.org\/s\/1cghaqxTCXTwgYT\" target=\"_blank\" rel=\"noopener noreferrer\">aqui<\/a><\/span><\/span><\/strong>.<\/p>\n<p><a href=\"https:\/\/cloud.disroot.org\/s\/1cghaqxTCXTwgYT\" target=\"_blank\" rel=\"noopener noreferrer\"><img loading=\"lazy\" decoding=\"async\" class=\"aligncenter wp-image-2027 size-full\" src=\"http:\/\/cobasindra.org\/wp-content\/uploads\/2017\/05\/comunijc.jpg\" alt=\"comunijc\" width=\"793\" height=\"1122\" \/><\/a><\/p>\n<p>&nbsp;<\/p>\n<p>&nbsp;<\/p>\n<p>&nbsp;<\/p>\n","protected":false},"excerpt":{"rendered":"<div class=\"mh-excerpt\">Estimados Compa\u00f1eros y Compa\u00f1eras: Como ya os hemos ido informando estos d\u00edas, el 17 de Mayo el Tribunal Supremo se reune para deliberar sobre el \u20acR\u20ac de Indra. Los dos \u00fanicos sindicatos que no firmamos <a class=\"mh-excerpt-more\" href=\"https:\/\/www.sitescobas.es\/indra\/2017\/05\/12\/deliberacion-en-ts-17m-comunicado-cgtco-bas\/\" title=\"Deliberaci\u00f3n en TS 17\/M, Comunicado CGT\/co.bas\">[&#8230;]<\/a><\/div>\n","protected":false},"author":2,"featured_media":0,"comment_status":"open","ping_status":"closed","sticky":false,"template":"","format":"standard","meta":{"_kadence_starter_templates_imported_post":false,"footnotes":""},"categories":[13],"tags":[48,32,45,27,26],"class_list":{"0":"post-2021","1":"post","2":"type-post","3":"status-publish","4":"format-standard","6":"category-cobas-indra","7":"tag-denuncias-indra","8":"tag-despidos","9":"tag-ere-en-indra","10":"tag-protesta","11":"tag-sindicatos"},"_links":{"self":[{"href":"https:\/\/www.sitescobas.es\/indra\/wp-json\/wp\/v2\/posts\/2021","targetHints":{"allow":["GET"]}}],"collection":[{"href":"https:\/\/www.sitescobas.es\/indra\/wp-json\/wp\/v2\/posts"}],"about":[{"href":"https:\/\/www.sitescobas.es\/indra\/wp-json\/wp\/v2\/types\/post"}],"author":[{"embeddable":true,"href":"https:\/\/www.sitescobas.es\/indra\/wp-json\/wp\/v2\/users\/2"}],"replies":[{"embeddable":true,"href":"https:\/\/www.sitescobas.es\/indra\/wp-json\/wp\/v2\/comments?post=2021"}],"version-history":[{"count":0,"href":"https:\/\/www.sitescobas.es\/indra\/wp-json\/wp\/v2\/posts\/2021\/revisions"}],"wp:attachment":[{"href":"https:\/\/www.sitescobas.es\/indra\/wp-json\/wp\/v2\/media?parent=2021"}],"wp:term":[{"taxonomy":"category","embeddable":true,"href":"https:\/\/www.sitescobas.es\/indra\/wp-json\/wp\/v2\/categories?post=2021"},{"taxonomy":"post_tag","embeddable":true,"href":"https:\/\/www.sitescobas.es\/indra\/wp-json\/wp\/v2\/tags?post=2021"}],"curies":[{"name":"wp","href":"https:\/\/api.w.org\/{rel}","templated":true}]}}