{"id":2014,"date":"2017-05-10T07:51:42","date_gmt":"2017-05-10T05:51:42","guid":{"rendered":"http:\/\/cobasindra.org\/?p=2014"},"modified":"2017-05-10T07:51:42","modified_gmt":"2017-05-10T05:51:42","slug":"reunion-con-los-trabajadores-de-indra","status":"publish","type":"post","link":"https:\/\/www.sitescobas.es\/indra\/2017\/05\/10\/reunion-con-los-trabajadores-de-indra\/","title":{"rendered":"Reuni\u00f3n con los Trabajadores de Indra"},"content":{"rendered":"<p><a href=\"http:\/\/cobasindra.org\/wp-content\/uploads\/2017\/05\/ReuCongreso.png\"><img loading=\"lazy\" decoding=\"async\" class=\"alignleft size-thumbnail wp-image-2015\" src=\"http:\/\/cobasindra.org\/wp-content\/uploads\/2017\/05\/ReuCongreso-150x150.png\" alt=\"ReuCongreso\" width=\"150\" height=\"150\" \/><\/a><\/p>\n<p>Estimados Compa\u00f1eros y Compa\u00f1eras:<\/p>\n<p>Os pasamos el v\u00eddeo de la reuni\u00f3n de Rafa Mayoral y Alberto Rodr\u00edguez con los trabajadores de INDRA, la cual tuvo lugar el 9 de Mayo\u00a0 en el congreso.<\/p>\n<p>&nbsp;<\/p>\n<p>Es importante que la situaci\u00f3n de Indra se conozca.<\/p>\n<p>Como bien sab\u00e9is, se han despedido a 1750 trabajadores en el \u20acR\u20ac salvaje, justific\u00e1ndolo por motivos econ\u00f3micos, mientras que <strong><span style=\"text-decoration: underline\"><span style=\"color: #0000ff;text-decoration: underline\"><a style=\"color: #0000ff;text-decoration: underline\" href=\"http:\/\/cobasindra.org\/2017\/01\/20\/conclusiones-a-fin-del-ere-en-indra\/\" target=\"_blank\" rel=\"noopener noreferrer\">los altos directivos de la empresa se han ido con indemnizaciones millonarias<\/a><\/span><\/span><\/strong>.<\/p>\n<p>Ahora <strong><span style=\"text-decoration: underline\"><span style=\"color: #0000ff;text-decoration: underline\"><a style=\"color: #0000ff;text-decoration: underline\" href=\"http:\/\/cobasindra.org\/2017\/03\/30\/valoracion-de-co-bas-en-relacion-a-la-opa-de-tecnocom\/\" target=\"_blank\" rel=\"noopener noreferrer\">compran Tecnocom<\/a><\/span><\/span><\/strong>, <strong><span style=\"text-decoration: underline\"><a href=\"http:\/\/cobasindra.org\/2017\/02\/28\/indra-despide-1750-trabajadores-con-el-ere-y-quiere-1500-becarios-a-supervisar-durante-un-ano\/\" target=\"_blank\" rel=\"noopener noreferrer\"><span style=\"color: #0000ff;text-decoration: underline\">contratan a 1500 becarios<\/span> <\/a><\/span><\/strong>y&#8230; lo que han hecho es sustituir a trabajadores con derechos por trabajadores en precario.<\/p>\n<p><strong><span style=\"text-decoration: underline\"><a href=\"http:\/\/cobasindra.org\/2015\/11\/13\/juicio-por-el-ere-en-indra-en-la-audiencia-nacional\/\" target=\"_blank\" rel=\"noopener noreferrer\"><span style=\"color: #0000ff;text-decoration: underline\">Co.bas y CGT demandaron a Indra por este \u20acR\u20ac<\/span> <\/a><\/span><\/strong>y el <strong><span style=\"text-decoration: underline\"><span style=\"color: #0000ff;text-decoration: underline\"><a style=\"color: #0000ff;text-decoration: underline\" href=\"http:\/\/cobasindra.org\/2017\/04\/07\/debate-en-tribunal-supremo-sobre-el-ere-de-indra-17mayo2017\/\" target=\"_blank\" rel=\"noopener noreferrer\">17 de Mayo se va a debatir en el TS sobre este \u20acR\u20ac que hemos sufrido.<\/a><\/span><\/span><\/strong> Los Delegados vamos a estar concentrados a las puertas del TS\u00a0 mientras se realiza este debate.<\/p>\n<p style=\"text-align: center\"><strong><span style=\"color: #ff0000\">\u00bfEs que aqu\u00ed no ha pasado nada?<\/span><\/strong><\/p>\n<p style=\"text-align: center\">\n<p><span style=\"color: #000000\">Aqui pod\u00e9is ver el v\u00eddeo completo de la reuni\u00f3n:<\/span><\/p>\n<p><iframe loading=\"lazy\" title=\"Reunio\u0301n con los trabajadores de INDRA\" width=\"500\" height=\"281\" src=\"https:\/\/www.youtube.com\/embed\/5v4huzujs8Q?feature=oembed\" frameborder=\"0\" allow=\"accelerometer; autoplay; clipboard-write; encrypted-media; gyroscope; picture-in-picture; web-share\" referrerpolicy=\"strict-origin-when-cross-origin\" allowfullscreen><\/iframe><\/p>\n<p>&nbsp;<\/p>\n<p>&nbsp;<\/p>\n","protected":false},"excerpt":{"rendered":"<div class=\"mh-excerpt\">Estimados Compa\u00f1eros y Compa\u00f1eras: Os pasamos el v\u00eddeo de la reuni\u00f3n de Rafa Mayoral y Alberto Rodr\u00edguez con los trabajadores de INDRA, la cual tuvo lugar el 9 de Mayo\u00a0 en el congreso. &nbsp; Es <a class=\"mh-excerpt-more\" href=\"https:\/\/www.sitescobas.es\/indra\/2017\/05\/10\/reunion-con-los-trabajadores-de-indra\/\" title=\"Reuni\u00f3n con los Trabajadores de Indra\">[&#8230;]<\/a><\/div>\n","protected":false},"author":2,"featured_media":0,"comment_status":"open","ping_status":"closed","sticky":false,"template":"","format":"standard","meta":{"_kadence_starter_templates_imported_post":false,"footnotes":""},"categories":[13,1],"tags":[48,32,45,67,27,26,30],"class_list":{"0":"post-2014","1":"post","2":"type-post","3":"status-publish","4":"format-standard","6":"category-cobas-indra","7":"category-sin-categoria","8":"tag-denuncias-indra","9":"tag-despidos","10":"tag-ere-en-indra","11":"tag-precariedad-laboral","12":"tag-protesta","13":"tag-sindicatos","14":"tag-video"},"_links":{"self":[{"href":"https:\/\/www.sitescobas.es\/indra\/wp-json\/wp\/v2\/posts\/2014","targetHints":{"allow":["GET"]}}],"collection":[{"href":"https:\/\/www.sitescobas.es\/indra\/wp-json\/wp\/v2\/posts"}],"about":[{"href":"https:\/\/www.sitescobas.es\/indra\/wp-json\/wp\/v2\/types\/post"}],"author":[{"embeddable":true,"href":"https:\/\/www.sitescobas.es\/indra\/wp-json\/wp\/v2\/users\/2"}],"replies":[{"embeddable":true,"href":"https:\/\/www.sitescobas.es\/indra\/wp-json\/wp\/v2\/comments?post=2014"}],"version-history":[{"count":0,"href":"https:\/\/www.sitescobas.es\/indra\/wp-json\/wp\/v2\/posts\/2014\/revisions"}],"wp:attachment":[{"href":"https:\/\/www.sitescobas.es\/indra\/wp-json\/wp\/v2\/media?parent=2014"}],"wp:term":[{"taxonomy":"category","embeddable":true,"href":"https:\/\/www.sitescobas.es\/indra\/wp-json\/wp\/v2\/categories?post=2014"},{"taxonomy":"post_tag","embeddable":true,"href":"https:\/\/www.sitescobas.es\/indra\/wp-json\/wp\/v2\/tags?post=2014"}],"curies":[{"name":"wp","href":"https:\/\/api.w.org\/{rel}","templated":true}]}}