{"id":2005,"date":"2017-04-27T10:11:10","date_gmt":"2017-04-27T08:11:10","guid":{"rendered":"http:\/\/cobasindra.org\/?p=2005"},"modified":"2017-04-27T10:11:10","modified_gmt":"2017-04-27T08:11:10","slug":"manifestacion-1o-de-mayo-en-madrid","status":"publish","type":"post","link":"https:\/\/www.sitescobas.es\/indra\/2017\/04\/27\/manifestacion-1o-de-mayo-en-madrid\/","title":{"rendered":"Manifestaci\u00f3n 1\u00ba de Mayo en Madrid"},"content":{"rendered":"<h1 style=\"text-align: center\"><a href=\"http:\/\/cobasindra.org\/wp-content\/uploads\/2017\/04\/1Mayo1.png\"><img loading=\"lazy\" decoding=\"async\" class=\"alignleft size-thumbnail wp-image-2002\" src=\"http:\/\/cobasindra.org\/wp-content\/uploads\/2017\/04\/1Mayo1-150x150.png\" alt=\"1Mayo1\" width=\"150\" height=\"150\" \/><\/a><\/h1>\n<h1 style=\"text-align: center\"><\/h1>\n<h1 style=\"text-align: center\">Manifestaci\u00f3n 1\u00ba de Mayo en Madrid<\/h1>\n<p>&nbsp;<\/p>\n<p>&nbsp;<\/p>\n<p>\u00a1Queridos compa\u00f1eros y compa\u00f1eras!<\/p>\n<h2 style=\"text-align: center\"><strong>\u00a1\u00a1\u00a1Es tiempo de luchar!!!<\/strong><\/h2>\n<p style=\"text-align: left\">Volvemos a la calle el 1\u00ba de Mayo<\/p>\n<p><strong>Porque la resignaci\u00f3n y el miedo nunca conquistaron derechos,<\/strong><\/p>\n<p>Los logros que hemos conseguido la clase obrera han sido a base de esfuerzo y de luchas. Y cada vez que el miedo, la resignaci\u00f3n o los \u201cpactos sociales\u201d han dejado aparcada la lucha obrera, no hemos hecho m\u00e1s que retroceder.<br \/>\nHoy siguen sobrando razones para salir a la calle a exigir:<\/p>\n<ul>\n<li>La <strong>DEROGACI\u00d3N DE LAS REFORMAS LABORALES<\/strong>, porque queremos salarios dignos y empleo estable.<\/li>\n<li>La <strong>DEFENSA DE LAS PENSIONES P\u00daBLICAS<\/strong>, porque son un derecho y no un negocio, y por eso deben estar a cargo de los Presupuestos Generales del Estado.<\/li>\n<li>Queremos que los recursos se dediquen a crear empleo, a la sanidad y la educaci\u00f3n p\u00fablicas, a la ayuda a la dependencia\u2026 y <strong>NO A PAGAR LA DEUDA<\/strong> de los banqueros, especuladores y corruptos. Basta de pagar la deuda con la miseria y el hambre del pueblo. Fuera de aqu\u00ed la Uni\u00f3n Europea y el FMI.<\/li>\n<li>En <strong>DEFENSA DE LOS SERVICIOS P\u00daBLICOS<\/strong><\/li>\n<li>Queremos la <strong>LIBERTAD DE TODOS LOS COMPA\u00d1EROS\/AS PRESOS Y PROCESADOS POR LUCHAR<\/strong>, como Alfon y Andr\u00e9s B\u00f3dalo<\/li>\n<li>Contra la discriminaci\u00f3n y el machismo exigimos <strong>A IGUAL SALARIO<\/strong><strong>, <\/strong><strong>IGUAL TRABAJO<\/strong>. Y<strong>CONTRA LA VIOLENCIA MACHISTA<\/strong>, decimos <strong>NOS QUEREMOS VIVAS, NI UNA MENOS. <\/strong><\/li>\n<\/ul>\n<p>Vamos a participar en la manifestaci\u00f3n del 1\u00ba de Mayo y nuestro cortejo tiene que seguir siendo, como en todas las manifestaciones que participamos, uno de los mejores.<\/p>\n<p>Quedamos en la <strong>plaza de Leg\u00e1zpi a las 11:45<\/strong><\/p>\n<p>No os olvid\u00e9is que despu\u00e9s de la manifestaci\u00f3n tenemos otra \u00abMANIFIESTACCI\u00d3N\u00bb con<strong> comida popular en el Centro Social de Entrev\u00edas<\/strong> (junto a la Iglesia de San Carlos Borromeo)<\/p>\n<p>Os adjuntamos\u00a0 completo el manifiesto de <strong><span style=\"color: #ff0000\">co.bas<\/span><\/strong> para el <strong><span style=\"text-decoration: underline\"><span style=\"color: #0000ff;text-decoration: underline\"><a style=\"color: #0000ff;text-decoration: underline\" href=\"https:\/\/cloud.disroot.org\/s\/0MPUBG9zd1e7IQ8\" target=\"_blank\" rel=\"noopener noreferrer\">primero de Mayo<\/a><\/span><\/span><\/strong>.:<\/p>\n<p><a href=\"http:\/\/cobasindra.org\/wp-content\/uploads\/2017\/04\/1Mayo1.png\" target=\"_blank\" rel=\"noopener noreferrer\"><img loading=\"lazy\" decoding=\"async\" class=\"alignleft wp-image-2002 size-full\" src=\"http:\/\/cobasindra.org\/wp-content\/uploads\/2017\/04\/1Mayo1.png\" alt=\"1Mayo1\" width=\"652\" height=\"910\" \/><\/a><\/p>\n<p><a href=\"http:\/\/cobasindra.org\/wp-content\/uploads\/2017\/04\/1Mayo2.png\" target=\"_blank\" rel=\"noopener noreferrer\"><img loading=\"lazy\" decoding=\"async\" class=\"alignleft wp-image-2001 size-full\" src=\"http:\/\/cobasindra.org\/wp-content\/uploads\/2017\/04\/1Mayo2.png\" alt=\"1Mayo2\" width=\"646\" height=\"885\" \/><\/a><\/p>\n","protected":false},"excerpt":{"rendered":"<div class=\"mh-excerpt\">Manifestaci\u00f3n 1\u00ba de Mayo en Madrid &nbsp; &nbsp; \u00a1Queridos compa\u00f1eros y compa\u00f1eras! \u00a1\u00a1\u00a1Es tiempo de luchar!!! Volvemos a la calle el 1\u00ba de Mayo Porque la resignaci\u00f3n y el miedo nunca conquistaron derechos, Los logros <a class=\"mh-excerpt-more\" href=\"https:\/\/www.sitescobas.es\/indra\/2017\/04\/27\/manifestacion-1o-de-mayo-en-madrid\/\" title=\"Manifestaci\u00f3n 1\u00ba de Mayo en Madrid\">[&#8230;]<\/a><\/div>\n","protected":false},"author":2,"featured_media":0,"comment_status":"open","ping_status":"closed","sticky":false,"template":"","format":"standard","meta":{"_kadence_starter_templates_imported_post":false,"footnotes":""},"categories":[13],"tags":[66,27,26],"class_list":{"0":"post-2005","1":"post","2":"type-post","3":"status-publish","4":"format-standard","6":"category-cobas-indra","7":"tag-1o-de-mayo","8":"tag-protesta","9":"tag-sindicatos"},"_links":{"self":[{"href":"https:\/\/www.sitescobas.es\/indra\/wp-json\/wp\/v2\/posts\/2005","targetHints":{"allow":["GET"]}}],"collection":[{"href":"https:\/\/www.sitescobas.es\/indra\/wp-json\/wp\/v2\/posts"}],"about":[{"href":"https:\/\/www.sitescobas.es\/indra\/wp-json\/wp\/v2\/types\/post"}],"author":[{"embeddable":true,"href":"https:\/\/www.sitescobas.es\/indra\/wp-json\/wp\/v2\/users\/2"}],"replies":[{"embeddable":true,"href":"https:\/\/www.sitescobas.es\/indra\/wp-json\/wp\/v2\/comments?post=2005"}],"version-history":[{"count":0,"href":"https:\/\/www.sitescobas.es\/indra\/wp-json\/wp\/v2\/posts\/2005\/revisions"}],"wp:attachment":[{"href":"https:\/\/www.sitescobas.es\/indra\/wp-json\/wp\/v2\/media?parent=2005"}],"wp:term":[{"taxonomy":"category","embeddable":true,"href":"https:\/\/www.sitescobas.es\/indra\/wp-json\/wp\/v2\/categories?post=2005"},{"taxonomy":"post_tag","embeddable":true,"href":"https:\/\/www.sitescobas.es\/indra\/wp-json\/wp\/v2\/tags?post=2005"}],"curies":[{"name":"wp","href":"https:\/\/api.w.org\/{rel}","templated":true}]}}