{"id":1984,"date":"2017-04-07T12:19:23","date_gmt":"2017-04-07T10:19:23","guid":{"rendered":"http:\/\/cobasindra.org\/?p=1984"},"modified":"2017-04-07T12:19:23","modified_gmt":"2017-04-07T10:19:23","slug":"debate-en-tribunal-supremo-sobre-el-ere-de-indra-17mayo2017","status":"publish","type":"post","link":"https:\/\/www.sitescobas.es\/indra\/2017\/04\/07\/debate-en-tribunal-supremo-sobre-el-ere-de-indra-17mayo2017\/","title":{"rendered":"Debate en Tribunal Supremo sobre el ERE de Indra 17\/Mayo\/2017"},"content":{"rendered":"<p><a href=\"http:\/\/cobasindra.org\/wp-content\/uploads\/2017\/04\/Debate.png\"><img loading=\"lazy\" decoding=\"async\" class=\"alignleft wp-image-1986 size-thumbnail\" src=\"http:\/\/cobasindra.org\/wp-content\/uploads\/2017\/04\/Debate-150x150.png\" alt=\"Debate\" width=\"150\" height=\"150\" \/><\/a>Estimados compa\u00f1eros y compa\u00f1eras,<\/p>\n<p>Os informamos de que se ha se\u00f1alado el mi\u00e9rcoles 17 de mayo del 2017 el debate en el Tribunal Supremo sobre el ERE sufrido en Indra, dadas las caracter\u00edsticas de la cuesti\u00f3n jur\u00eddica planteada y su trascendencia.<\/p>\n<p>En cuanto tengamos las conclusiones de este debate, os informaremos puntualmente.<\/p>\n<p><a href=\"http:\/\/cobasindra.org\/wp-content\/uploads\/2017\/04\/Debate.png\" target=\"_blank\" rel=\"noopener noreferrer\"><img loading=\"lazy\" decoding=\"async\" class=\"alignleft wp-image-1986 size-full\" src=\"http:\/\/cobasindra.org\/wp-content\/uploads\/2017\/04\/Debate.png\" alt=\"Debate\" width=\"602\" height=\"755\" \/><\/a><\/p>\n","protected":false},"excerpt":{"rendered":"<div class=\"mh-excerpt\">Estimados compa\u00f1eros y compa\u00f1eras, Os informamos de que se ha se\u00f1alado el mi\u00e9rcoles 17 de mayo del 2017 el debate en el Tribunal Supremo sobre el ERE sufrido en Indra, dadas las caracter\u00edsticas de la <a class=\"mh-excerpt-more\" href=\"https:\/\/www.sitescobas.es\/indra\/2017\/04\/07\/debate-en-tribunal-supremo-sobre-el-ere-de-indra-17mayo2017\/\" title=\"Debate en Tribunal Supremo sobre el ERE de Indra 17\/Mayo\/2017\">[&#8230;]<\/a><\/div>\n","protected":false},"author":2,"featured_media":0,"comment_status":"open","ping_status":"closed","sticky":false,"template":"","format":"standard","meta":{"_kadence_starter_templates_imported_post":false,"footnotes":""},"categories":[13],"tags":[48,32,45,26],"class_list":{"0":"post-1984","1":"post","2":"type-post","3":"status-publish","4":"format-standard","6":"category-cobas-indra","7":"tag-denuncias-indra","8":"tag-despidos","9":"tag-ere-en-indra","10":"tag-sindicatos"},"_links":{"self":[{"href":"https:\/\/www.sitescobas.es\/indra\/wp-json\/wp\/v2\/posts\/1984","targetHints":{"allow":["GET"]}}],"collection":[{"href":"https:\/\/www.sitescobas.es\/indra\/wp-json\/wp\/v2\/posts"}],"about":[{"href":"https:\/\/www.sitescobas.es\/indra\/wp-json\/wp\/v2\/types\/post"}],"author":[{"embeddable":true,"href":"https:\/\/www.sitescobas.es\/indra\/wp-json\/wp\/v2\/users\/2"}],"replies":[{"embeddable":true,"href":"https:\/\/www.sitescobas.es\/indra\/wp-json\/wp\/v2\/comments?post=1984"}],"version-history":[{"count":0,"href":"https:\/\/www.sitescobas.es\/indra\/wp-json\/wp\/v2\/posts\/1984\/revisions"}],"wp:attachment":[{"href":"https:\/\/www.sitescobas.es\/indra\/wp-json\/wp\/v2\/media?parent=1984"}],"wp:term":[{"taxonomy":"category","embeddable":true,"href":"https:\/\/www.sitescobas.es\/indra\/wp-json\/wp\/v2\/categories?post=1984"},{"taxonomy":"post_tag","embeddable":true,"href":"https:\/\/www.sitescobas.es\/indra\/wp-json\/wp\/v2\/tags?post=1984"}],"curies":[{"name":"wp","href":"https:\/\/api.w.org\/{rel}","templated":true}]}}