{"id":1972,"date":"2017-03-24T11:26:42","date_gmt":"2017-03-24T09:26:42","guid":{"rendered":"http:\/\/cobasindra.org\/?p=1972"},"modified":"2017-03-24T11:26:42","modified_gmt":"2017-03-24T09:26:42","slug":"resumen-totales-altasbajas-arroyo-20152016","status":"publish","type":"post","link":"https:\/\/www.sitescobas.es\/indra\/2017\/03\/24\/resumen-totales-altasbajas-arroyo-20152016\/","title":{"rendered":"Resumen Totales Altas\/Bajas Arroyo 2015\/2016"},"content":{"rendered":"<p><a href=\"http:\/\/cobasindra.org\/wp-content\/uploads\/2015\/02\/1438242933893.jpg\"><img loading=\"lazy\" decoding=\"async\" class=\"alignleft size-thumbnail wp-image-921\" src=\"http:\/\/cobasindra.org\/wp-content\/uploads\/2015\/02\/1438242933893-150x150.jpg\" alt=\"1438242933893\" width=\"150\" height=\"150\" \/><\/a><\/p>\n<p>Estimados Compa\u00f1eros y Compa\u00f1eras,<\/p>\n<p>os adjuntamos unos cuadros con los res\u00famenes con los <span style=\"color: #ff0000\"><strong>TOTALES<\/strong> <\/span>de los estudios realizados por\u00a0<strong><span style=\"color: #ff0000\">co.bas<\/span><\/strong> para los a\u00f1os 2015 y 2016 del centro de Arroyo de la Vega, incluyen la informaci\u00f3n relativa al \u20acR\u20ac.<\/p>\n<p>&nbsp;<\/p>\n<p><a href=\"http:\/\/cobasindra.org\/wp-content\/uploads\/2017\/03\/altasbajasere.png\"><img loading=\"lazy\" decoding=\"async\" class=\"aligncenter wp-image-1973 size-full\" src=\"http:\/\/cobasindra.org\/wp-content\/uploads\/2017\/03\/altasbajasere.png\" alt=\"altasbajasere\" width=\"573\" height=\"342\" \/><\/a><\/p>\n<p>&nbsp;<\/p>\n<p><a href=\"http:\/\/cobasindra.org\/wp-content\/uploads\/2017\/03\/altasbajas.png\"><img loading=\"lazy\" decoding=\"async\" class=\"aligncenter wp-image-1974 size-full\" src=\"http:\/\/cobasindra.org\/wp-content\/uploads\/2017\/03\/altasbajas.png\" alt=\"altasbajas\" width=\"601\" height=\"509\" \/><\/a><\/p>\n<p>&nbsp;<\/p>\n","protected":false},"excerpt":{"rendered":"<div class=\"mh-excerpt\">Estimados Compa\u00f1eros y Compa\u00f1eras, os adjuntamos unos cuadros con los res\u00famenes con los TOTALES de los estudios realizados por\u00a0co.bas para los a\u00f1os 2015 y 2016 del centro de Arroyo de la Vega, incluyen la informaci\u00f3n <a class=\"mh-excerpt-more\" href=\"https:\/\/www.sitescobas.es\/indra\/2017\/03\/24\/resumen-totales-altasbajas-arroyo-20152016\/\" title=\"Resumen Totales Altas\/Bajas Arroyo 2015\/2016\">[&#8230;]<\/a><\/div>\n","protected":false},"author":2,"featured_media":0,"comment_status":"open","ping_status":"closed","sticky":false,"template":"","format":"standard","meta":{"_kadence_starter_templates_imported_post":false,"footnotes":""},"categories":[17,13],"tags":[32,45,27,26],"class_list":{"0":"post-1972","1":"post","2":"type-post","3":"status-publish","4":"format-standard","6":"category-arroyo","7":"category-cobas-indra","8":"tag-despidos","9":"tag-ere-en-indra","10":"tag-protesta","11":"tag-sindicatos"},"_links":{"self":[{"href":"https:\/\/www.sitescobas.es\/indra\/wp-json\/wp\/v2\/posts\/1972","targetHints":{"allow":["GET"]}}],"collection":[{"href":"https:\/\/www.sitescobas.es\/indra\/wp-json\/wp\/v2\/posts"}],"about":[{"href":"https:\/\/www.sitescobas.es\/indra\/wp-json\/wp\/v2\/types\/post"}],"author":[{"embeddable":true,"href":"https:\/\/www.sitescobas.es\/indra\/wp-json\/wp\/v2\/users\/2"}],"replies":[{"embeddable":true,"href":"https:\/\/www.sitescobas.es\/indra\/wp-json\/wp\/v2\/comments?post=1972"}],"version-history":[{"count":0,"href":"https:\/\/www.sitescobas.es\/indra\/wp-json\/wp\/v2\/posts\/1972\/revisions"}],"wp:attachment":[{"href":"https:\/\/www.sitescobas.es\/indra\/wp-json\/wp\/v2\/media?parent=1972"}],"wp:term":[{"taxonomy":"category","embeddable":true,"href":"https:\/\/www.sitescobas.es\/indra\/wp-json\/wp\/v2\/categories?post=1972"},{"taxonomy":"post_tag","embeddable":true,"href":"https:\/\/www.sitescobas.es\/indra\/wp-json\/wp\/v2\/tags?post=1972"}],"curies":[{"name":"wp","href":"https:\/\/api.w.org\/{rel}","templated":true}]}}